{"id":3141,"date":"2025-07-28T19:55:23","date_gmt":"2025-07-28T22:55:23","guid":{"rendered":"https:\/\/radio.fcejs.unsl.edu.ar\/?p=3141"},"modified":"2025-07-28T19:57:22","modified_gmt":"2025-07-28T22:57:22","slug":"la-afa-firmara-un-convenio-con-la-unsl-para-estudiar-el-impacto-economico-y-social-que-tiene-el-futbol-en-nuestro-pais","status":"publish","type":"post","link":"https:\/\/radio.fcejs.unsl.edu.ar\/index.php\/la-afa-firmara-un-convenio-con-la-unsl-para-estudiar-el-impacto-economico-y-social-que-tiene-el-futbol-en-nuestro-pais\/","title":{"rendered":"La AFA firmar\u00e1 un convenio con la UNSL para estudiar el impacto econ\u00f3mico y social que tiene el futbol en nuestro pa\u00eds."},"content":{"rendered":"<p>Dialogamos con el CPN\u00a0<strong>Claudio Ariel Salas<\/strong>, Magister en Econom\u00eda y Negocios, docente de la FCEJS- UNSL, y ahora integrante del equipo de la UNSL que viajar\u00e1 el pr\u00f3ximo jueves 31 de julio a la sede de la Asociaci\u00f3n de Futbol Argentino (AFA) para la firma de un convenio por el cual la Universidad tendr\u00e1 a cargo la realizaci\u00f3n de un estudio-investigaci\u00f3n que busca conocer con el mayor rigor cient\u00edfico posible cu\u00e1l es el verdadero impacto econ\u00f3mico y social que generan los clubes de futbol en todo el pa\u00eds.<\/p>\n<p>\u201c<strong>El d\u00eda jueves, el rector de nuestra Universidad, el contador V\u00edctor Mori\u00f1igo, va a firmar un convenio con la Asociaci\u00f3n de Futbol Argentino.<\/strong> Y un poco el trabajo, o en lo que va a consistir este convenio es en hacer un estudio cient\u00edfico, matem\u00e1tico, econ\u00f3mico y social que mida la importancia que tiene el futbol, sobre todo el futbol del interior, en la econom\u00eda de cada una de las localidades\u201d, dijo Salas sobre la firma del convenio. Y agreg\u00f3: \u201ces un trabajo que va a ser en la Argentina la primera vez que lleve a cabo. Y tengo la suerte de que el Rector me ha convocado para trabajar, para ser parte de este equipo con docentes de nuestra Universidad, docentes de otras Universidades, y bueno\u2026 la parte que a mi me toca es encontrar, conocer, y analizar, a trav\u00e9s de un formulario que van a llenar 6200 clubes de todo el pa\u00eds\u201d.<\/p>\n<p>Sobre la labor que se espera realizar, el docente adelant\u00f3: \u201cEl trabajo econ\u00f3mico y matem\u00e1tico es medir ese impacto econ\u00f3mico y social que generan los clubes en cada una de las econom\u00edas. Entonces, para eso nuestro primer trabajo ha sido elaborar y desarrollar un cuestionario que consta de cien preguntas divididas en distintos ejes, donde tenemos infraestructura, datos personales, econom\u00eda, comercio, el eje social. Donde tocamos, o queremos conocer la mayor cantidad de datos posibles que nos brinden esos clubes, y en base a esa informaci\u00f3n, a esas cien preguntas, viene ah\u00ed la parte que a m\u00ed me toca que es medir ese impacto econ\u00f3mico y social\u201d.<\/p>\n<p>Sobre uno de los pedidos que la AFA realizar\u00eda a la Universidad expres\u00f3: \u201clo que las AFA nos ha pedido es como una especia de aplicaci\u00f3n virtual, donde vos desde el celular elegir una provincia y que vos tengas autom\u00e1ticamente esos valores. Por provincia, por Club, por liga, cu\u00e1nto genera, cu\u00e1l es ese indicador econ\u00f3mico y social de esa provincia, de un club en particular, o de una liga en especial. Y bueno, ese resultado tiene que tener por supuesto el sustento, el rigor acad\u00e9mico. Es decir, por qu\u00e9 llegamos a este resultado\u201d.<\/p>\n<p>Se espera generar una base de datos que cuente con la informaci\u00f3n requerida a m\u00e1s de 6000 clubes de futbol de toda Argentina: los cuales conforman 233 ligas en 23 jurisdicciones.<\/p>\n<p>La informaci\u00f3n que se recaude ser\u00e1 analizada y procesada por un equipo de docentes e investigadores, para luego generar un informe que se plasmar\u00e1 en un libro que ser\u00e1 publicado mediante la NEU (Nueva Editorial Universitaria) de la Universidad Nacional de San Luis.<\/p>\n<p><strong><u>Escucha todos los detalles de la informaci\u00f3n en el siguiente audio: <\/u><\/strong><\/p>\n<audio class=\"wp-audio-shortcode\" id=\"audio-3141-1\" preload=\"none\" style=\"width: 100%;\" controls=\"controls\"><source type=\"audio\/mpeg\" src=\"https:\/\/radioupload.fica.unsl.edu.ar\/files\/jb\/CLAUDIO%20SALAS-%20FIRMA%20DE%20CONVENIO%20AFA-UNSL.mp3?_=1\" \/><a href=\"https:\/\/radioupload.fica.unsl.edu.ar\/files\/jb\/CLAUDIO%20SALAS-%20FIRMA%20DE%20CONVENIO%20AFA-UNSL.mp3\">https:\/\/radioupload.fica.unsl.edu.ar\/files\/jb\/CLAUDIO%20SALAS-%20FIRMA%20DE%20CONVENIO%20AFA-UNSL.mp3<\/a><\/audio>\n<p>&nbsp;<\/p>\n<p>Entrevista: Virginia Aguilera- Radio UNSL en Villa Mercedes.-<\/p>\n","protected":false},"excerpt":{"rendered":"<p>Dialogamos con el CPN\u00a0Claudio Ariel Salas, Magister en Econom\u00eda y Negocios, docente de la FCEJS- UNSL, y ahora integrante del equipo de la UNSL que viajar\u00e1 el pr\u00f3ximo jueves 31 de julio a la sede de la Asociaci\u00f3n de Futbol Argentino (AFA) para la firma de un convenio por el cual la Universidad tendr\u00e1 a&#8230;<\/p>\n","protected":false},"author":5,"featured_media":3142,"comment_status":"closed","ping_status":"closed","sticky":false,"template":"","format":"standard","meta":{"_kad_post_transparent":"default","_kad_post_title":"default","_kad_post_layout":"default","_kad_post_sidebar_id":"","_kad_post_content_style":"default","_kad_post_vertical_padding":"default","_kad_post_feature":"","_kad_post_feature_position":"","_kad_post_header":false,"_kad_post_footer":false,"_kad_post_classname":"","footnotes":""},"categories":[14],"tags":[],"class_list":["post-3141","post","type-post","status-publish","format-standard","has-post-thumbnail","hentry","category-entrevistas"],"yoast_head":"<!-- This site is optimized with the Yoast SEO plugin v27.2 - https:\/\/yoast.com\/product\/yoast-seo-wordpress\/ -->\n<title>La AFA firmar\u00e1 un convenio con la UNSL para estudiar el impacto econ\u00f3mico y social que tiene el futbol en nuestro pa\u00eds. - Radio Universidad Villa Mercedes 97.5 | UNSL<\/title>\n<meta name=\"robots\" content=\"index, follow, max-snippet:-1, max-image-preview:large, max-video-preview:-1\" \/>\n<link rel=\"canonical\" href=\"https:\/\/radio.fcejs.unsl.edu.ar\/index.php\/la-afa-firmara-un-convenio-con-la-unsl-para-estudiar-el-impacto-economico-y-social-que-tiene-el-futbol-en-nuestro-pais\/\" \/>\n<meta property=\"og:locale\" content=\"es_ES\" \/>\n<meta property=\"og:type\" content=\"article\" \/>\n<meta property=\"og:title\" content=\"La AFA firmar\u00e1 un convenio con la UNSL para estudiar el impacto econ\u00f3mico y social que tiene el futbol en nuestro pa\u00eds. - Radio Universidad Villa Mercedes 97.5 | UNSL\" \/>\n<meta property=\"og:description\" content=\"Dialogamos con el CPN\u00a0Claudio Ariel Salas, Magister en Econom\u00eda y Negocios, docente de la FCEJS- UNSL, y ahora integrante del equipo de la UNSL que viajar\u00e1 el pr\u00f3ximo jueves 31 de julio a la sede de la Asociaci\u00f3n de Futbol Argentino (AFA) para la firma de un convenio por el cual la Universidad tendr\u00e1 a...\" \/>\n<meta property=\"og:url\" content=\"https:\/\/radio.fcejs.unsl.edu.ar\/index.php\/la-afa-firmara-un-convenio-con-la-unsl-para-estudiar-el-impacto-economico-y-social-que-tiene-el-futbol-en-nuestro-pais\/\" \/>\n<meta property=\"og:site_name\" content=\"Radio Universidad Villa Mercedes 97.5 | UNSL\" \/>\n<meta property=\"article:published_time\" content=\"2025-07-28T22:55:23+00:00\" \/>\n<meta property=\"article:modified_time\" content=\"2025-07-28T22:57:22+00:00\" \/>\n<meta property=\"og:image\" content=\"http:\/\/radio.fcejs.unsl.edu.ar\/wp-content\/uploads\/2025\/07\/WhatsApp-Image-2025-07-28-at-19.49.26-scaled.jpeg\" \/>\n\t<meta property=\"og:image:width\" content=\"2560\" \/>\n\t<meta property=\"og:image:height\" content=\"1182\" \/>\n\t<meta property=\"og:image:type\" content=\"image\/jpeg\" \/>\n<meta name=\"author\" content=\"Virginia Aguilera\" \/>\n<meta name=\"twitter:card\" content=\"summary_large_image\" \/>\n<meta name=\"twitter:label1\" content=\"Escrito por\" \/>\n\t<meta name=\"twitter:data1\" content=\"Virginia Aguilera\" \/>\n\t<meta name=\"twitter:label2\" content=\"Tiempo de lectura\" \/>\n\t<meta name=\"twitter:data2\" content=\"3 minutos\" \/>\n<script type=\"application\/ld+json\" class=\"yoast-schema-graph\">{\"@context\":\"https:\/\/schema.org\",\"@graph\":[{\"@type\":\"Article\",\"@id\":\"https:\/\/radio.fcejs.unsl.edu.ar\/index.php\/la-afa-firmara-un-convenio-con-la-unsl-para-estudiar-el-impacto-economico-y-social-que-tiene-el-futbol-en-nuestro-pais\/#article\",\"isPartOf\":{\"@id\":\"https:\/\/radio.fcejs.unsl.edu.ar\/index.php\/la-afa-firmara-un-convenio-con-la-unsl-para-estudiar-el-impacto-economico-y-social-que-tiene-el-futbol-en-nuestro-pais\/\"},\"author\":{\"name\":\"Virginia Aguilera\",\"@id\":\"https:\/\/radio.fcejs.unsl.edu.ar\/#\/schema\/person\/71179a56ee499ac8cd4e46f865c627c7\"},\"headline\":\"La AFA firmar\u00e1 un convenio con la UNSL para estudiar el impacto econ\u00f3mico y social que tiene el futbol en nuestro pa\u00eds.\",\"datePublished\":\"2025-07-28T22:55:23+00:00\",\"dateModified\":\"2025-07-28T22:57:22+00:00\",\"mainEntityOfPage\":{\"@id\":\"https:\/\/radio.fcejs.unsl.edu.ar\/index.php\/la-afa-firmara-un-convenio-con-la-unsl-para-estudiar-el-impacto-economico-y-social-que-tiene-el-futbol-en-nuestro-pais\/\"},\"wordCount\":609,\"publisher\":{\"@id\":\"https:\/\/radio.fcejs.unsl.edu.ar\/#organization\"},\"image\":{\"@id\":\"https:\/\/radio.fcejs.unsl.edu.ar\/index.php\/la-afa-firmara-un-convenio-con-la-unsl-para-estudiar-el-impacto-economico-y-social-que-tiene-el-futbol-en-nuestro-pais\/#primaryimage\"},\"thumbnailUrl\":\"https:\/\/radio.fcejs.unsl.edu.ar\/wp-content\/uploads\/2025\/07\/WhatsApp-Image-2025-07-28-at-19.49.26-scaled.jpeg\",\"articleSection\":[\"Entrevistas\"],\"inLanguage\":\"es-AR\"},{\"@type\":\"WebPage\",\"@id\":\"https:\/\/radio.fcejs.unsl.edu.ar\/index.php\/la-afa-firmara-un-convenio-con-la-unsl-para-estudiar-el-impacto-economico-y-social-que-tiene-el-futbol-en-nuestro-pais\/\",\"url\":\"https:\/\/radio.fcejs.unsl.edu.ar\/index.php\/la-afa-firmara-un-convenio-con-la-unsl-para-estudiar-el-impacto-economico-y-social-que-tiene-el-futbol-en-nuestro-pais\/\",\"name\":\"La AFA firmar\u00e1 un convenio con la UNSL para estudiar el impacto econ\u00f3mico y social que tiene el futbol en nuestro pa\u00eds. - Radio Universidad Villa Mercedes 97.5 | UNSL\",\"isPartOf\":{\"@id\":\"https:\/\/radio.fcejs.unsl.edu.ar\/#website\"},\"primaryImageOfPage\":{\"@id\":\"https:\/\/radio.fcejs.unsl.edu.ar\/index.php\/la-afa-firmara-un-convenio-con-la-unsl-para-estudiar-el-impacto-economico-y-social-que-tiene-el-futbol-en-nuestro-pais\/#primaryimage\"},\"image\":{\"@id\":\"https:\/\/radio.fcejs.unsl.edu.ar\/index.php\/la-afa-firmara-un-convenio-con-la-unsl-para-estudiar-el-impacto-economico-y-social-que-tiene-el-futbol-en-nuestro-pais\/#primaryimage\"},\"thumbnailUrl\":\"https:\/\/radio.fcejs.unsl.edu.ar\/wp-content\/uploads\/2025\/07\/WhatsApp-Image-2025-07-28-at-19.49.26-scaled.jpeg\",\"datePublished\":\"2025-07-28T22:55:23+00:00\",\"dateModified\":\"2025-07-28T22:57:22+00:00\",\"breadcrumb\":{\"@id\":\"https:\/\/radio.fcejs.unsl.edu.ar\/index.php\/la-afa-firmara-un-convenio-con-la-unsl-para-estudiar-el-impacto-economico-y-social-que-tiene-el-futbol-en-nuestro-pais\/#breadcrumb\"},\"inLanguage\":\"es-AR\",\"potentialAction\":[{\"@type\":\"ReadAction\",\"target\":[\"https:\/\/radio.fcejs.unsl.edu.ar\/index.php\/la-afa-firmara-un-convenio-con-la-unsl-para-estudiar-el-impacto-economico-y-social-que-tiene-el-futbol-en-nuestro-pais\/\"]}]},{\"@type\":\"ImageObject\",\"inLanguage\":\"es-AR\",\"@id\":\"https:\/\/radio.fcejs.unsl.edu.ar\/index.php\/la-afa-firmara-un-convenio-con-la-unsl-para-estudiar-el-impacto-economico-y-social-que-tiene-el-futbol-en-nuestro-pais\/#primaryimage\",\"url\":\"https:\/\/radio.fcejs.unsl.edu.ar\/wp-content\/uploads\/2025\/07\/WhatsApp-Image-2025-07-28-at-19.49.26-scaled.jpeg\",\"contentUrl\":\"https:\/\/radio.fcejs.unsl.edu.ar\/wp-content\/uploads\/2025\/07\/WhatsApp-Image-2025-07-28-at-19.49.26-scaled.jpeg\",\"width\":2560,\"height\":1182},{\"@type\":\"BreadcrumbList\",\"@id\":\"https:\/\/radio.fcejs.unsl.edu.ar\/index.php\/la-afa-firmara-un-convenio-con-la-unsl-para-estudiar-el-impacto-economico-y-social-que-tiene-el-futbol-en-nuestro-pais\/#breadcrumb\",\"itemListElement\":[{\"@type\":\"ListItem\",\"position\":1,\"name\":\"Inicio\",\"item\":\"https:\/\/radio.fcejs.unsl.edu.ar\/\"},{\"@type\":\"ListItem\",\"position\":2,\"name\":\"La AFA firmar\u00e1 un convenio con la UNSL para estudiar el impacto econ\u00f3mico y social que tiene el futbol en nuestro pa\u00eds.\"}]},{\"@type\":\"WebSite\",\"@id\":\"https:\/\/radio.fcejs.unsl.edu.ar\/#website\",\"url\":\"https:\/\/radio.fcejs.unsl.edu.ar\/\",\"name\":\"Radio Universidad Villa Mercedes 97.5 | UNSL\",\"description\":\"UNSL\",\"publisher\":{\"@id\":\"https:\/\/radio.fcejs.unsl.edu.ar\/#organization\"},\"potentialAction\":[{\"@type\":\"SearchAction\",\"target\":{\"@type\":\"EntryPoint\",\"urlTemplate\":\"https:\/\/radio.fcejs.unsl.edu.ar\/?s={search_term_string}\"},\"query-input\":{\"@type\":\"PropertyValueSpecification\",\"valueRequired\":true,\"valueName\":\"search_term_string\"}}],\"inLanguage\":\"es-AR\"},{\"@type\":\"Organization\",\"@id\":\"https:\/\/radio.fcejs.unsl.edu.ar\/#organization\",\"name\":\"Radio Universidad Villa Mercedes 97.5 | UNSL\",\"url\":\"https:\/\/radio.fcejs.unsl.edu.ar\/\",\"logo\":{\"@type\":\"ImageObject\",\"inLanguage\":\"es-AR\",\"@id\":\"https:\/\/radio.fcejs.unsl.edu.ar\/#\/schema\/logo\/image\/\",\"url\":\"https:\/\/radio.fcejs.unsl.edu.ar\/wp-content\/uploads\/2023\/12\/cropped-radio-villa-mercedes-97-5.png\",\"contentUrl\":\"https:\/\/radio.fcejs.unsl.edu.ar\/wp-content\/uploads\/2023\/12\/cropped-radio-villa-mercedes-97-5.png\",\"width\":908,\"height\":289,\"caption\":\"Radio Universidad Villa Mercedes 97.5 | UNSL\"},\"image\":{\"@id\":\"https:\/\/radio.fcejs.unsl.edu.ar\/#\/schema\/logo\/image\/\"}},{\"@type\":\"Person\",\"@id\":\"https:\/\/radio.fcejs.unsl.edu.ar\/#\/schema\/person\/71179a56ee499ac8cd4e46f865c627c7\",\"name\":\"Virginia Aguilera\",\"url\":\"https:\/\/radio.fcejs.unsl.edu.ar\/index.php\/author\/viraguilera\/\"}]}<\/script>\n<!-- \/ Yoast SEO plugin. -->","yoast_head_json":{"title":"La AFA firmar\u00e1 un convenio con la UNSL para estudiar el impacto econ\u00f3mico y social que tiene el futbol en nuestro pa\u00eds. - Radio Universidad Villa Mercedes 97.5 | UNSL","robots":{"index":"index","follow":"follow","max-snippet":"max-snippet:-1","max-image-preview":"max-image-preview:large","max-video-preview":"max-video-preview:-1"},"canonical":"https:\/\/radio.fcejs.unsl.edu.ar\/index.php\/la-afa-firmara-un-convenio-con-la-unsl-para-estudiar-el-impacto-economico-y-social-que-tiene-el-futbol-en-nuestro-pais\/","og_locale":"es_ES","og_type":"article","og_title":"La AFA firmar\u00e1 un convenio con la UNSL para estudiar el impacto econ\u00f3mico y social que tiene el futbol en nuestro pa\u00eds. - Radio Universidad Villa Mercedes 97.5 | UNSL","og_description":"Dialogamos con el CPN\u00a0Claudio Ariel Salas, Magister en Econom\u00eda y Negocios, docente de la FCEJS- UNSL, y ahora integrante del equipo de la UNSL que viajar\u00e1 el pr\u00f3ximo jueves 31 de julio a la sede de la Asociaci\u00f3n de Futbol Argentino (AFA) para la firma de un convenio por el cual la Universidad tendr\u00e1 a...","og_url":"https:\/\/radio.fcejs.unsl.edu.ar\/index.php\/la-afa-firmara-un-convenio-con-la-unsl-para-estudiar-el-impacto-economico-y-social-que-tiene-el-futbol-en-nuestro-pais\/","og_site_name":"Radio Universidad Villa Mercedes 97.5 | UNSL","article_published_time":"2025-07-28T22:55:23+00:00","article_modified_time":"2025-07-28T22:57:22+00:00","og_image":[{"width":2560,"height":1182,"url":"http:\/\/radio.fcejs.unsl.edu.ar\/wp-content\/uploads\/2025\/07\/WhatsApp-Image-2025-07-28-at-19.49.26-scaled.jpeg","type":"image\/jpeg"}],"author":"Virginia Aguilera","twitter_card":"summary_large_image","twitter_misc":{"Escrito por":"Virginia Aguilera","Tiempo de lectura":"3 minutos"},"schema":{"@context":"https:\/\/schema.org","@graph":[{"@type":"Article","@id":"https:\/\/radio.fcejs.unsl.edu.ar\/index.php\/la-afa-firmara-un-convenio-con-la-unsl-para-estudiar-el-impacto-economico-y-social-que-tiene-el-futbol-en-nuestro-pais\/#article","isPartOf":{"@id":"https:\/\/radio.fcejs.unsl.edu.ar\/index.php\/la-afa-firmara-un-convenio-con-la-unsl-para-estudiar-el-impacto-economico-y-social-que-tiene-el-futbol-en-nuestro-pais\/"},"author":{"name":"Virginia Aguilera","@id":"https:\/\/radio.fcejs.unsl.edu.ar\/#\/schema\/person\/71179a56ee499ac8cd4e46f865c627c7"},"headline":"La AFA firmar\u00e1 un convenio con la UNSL para estudiar el impacto econ\u00f3mico y social que tiene el futbol en nuestro pa\u00eds.","datePublished":"2025-07-28T22:55:23+00:00","dateModified":"2025-07-28T22:57:22+00:00","mainEntityOfPage":{"@id":"https:\/\/radio.fcejs.unsl.edu.ar\/index.php\/la-afa-firmara-un-convenio-con-la-unsl-para-estudiar-el-impacto-economico-y-social-que-tiene-el-futbol-en-nuestro-pais\/"},"wordCount":609,"publisher":{"@id":"https:\/\/radio.fcejs.unsl.edu.ar\/#organization"},"image":{"@id":"https:\/\/radio.fcejs.unsl.edu.ar\/index.php\/la-afa-firmara-un-convenio-con-la-unsl-para-estudiar-el-impacto-economico-y-social-que-tiene-el-futbol-en-nuestro-pais\/#primaryimage"},"thumbnailUrl":"https:\/\/radio.fcejs.unsl.edu.ar\/wp-content\/uploads\/2025\/07\/WhatsApp-Image-2025-07-28-at-19.49.26-scaled.jpeg","articleSection":["Entrevistas"],"inLanguage":"es-AR"},{"@type":"WebPage","@id":"https:\/\/radio.fcejs.unsl.edu.ar\/index.php\/la-afa-firmara-un-convenio-con-la-unsl-para-estudiar-el-impacto-economico-y-social-que-tiene-el-futbol-en-nuestro-pais\/","url":"https:\/\/radio.fcejs.unsl.edu.ar\/index.php\/la-afa-firmara-un-convenio-con-la-unsl-para-estudiar-el-impacto-economico-y-social-que-tiene-el-futbol-en-nuestro-pais\/","name":"La AFA firmar\u00e1 un convenio con la UNSL para estudiar el impacto econ\u00f3mico y social que tiene el futbol en nuestro pa\u00eds. - Radio Universidad Villa Mercedes 97.5 | UNSL","isPartOf":{"@id":"https:\/\/radio.fcejs.unsl.edu.ar\/#website"},"primaryImageOfPage":{"@id":"https:\/\/radio.fcejs.unsl.edu.ar\/index.php\/la-afa-firmara-un-convenio-con-la-unsl-para-estudiar-el-impacto-economico-y-social-que-tiene-el-futbol-en-nuestro-pais\/#primaryimage"},"image":{"@id":"https:\/\/radio.fcejs.unsl.edu.ar\/index.php\/la-afa-firmara-un-convenio-con-la-unsl-para-estudiar-el-impacto-economico-y-social-que-tiene-el-futbol-en-nuestro-pais\/#primaryimage"},"thumbnailUrl":"https:\/\/radio.fcejs.unsl.edu.ar\/wp-content\/uploads\/2025\/07\/WhatsApp-Image-2025-07-28-at-19.49.26-scaled.jpeg","datePublished":"2025-07-28T22:55:23+00:00","dateModified":"2025-07-28T22:57:22+00:00","breadcrumb":{"@id":"https:\/\/radio.fcejs.unsl.edu.ar\/index.php\/la-afa-firmara-un-convenio-con-la-unsl-para-estudiar-el-impacto-economico-y-social-que-tiene-el-futbol-en-nuestro-pais\/#breadcrumb"},"inLanguage":"es-AR","potentialAction":[{"@type":"ReadAction","target":["https:\/\/radio.fcejs.unsl.edu.ar\/index.php\/la-afa-firmara-un-convenio-con-la-unsl-para-estudiar-el-impacto-economico-y-social-que-tiene-el-futbol-en-nuestro-pais\/"]}]},{"@type":"ImageObject","inLanguage":"es-AR","@id":"https:\/\/radio.fcejs.unsl.edu.ar\/index.php\/la-afa-firmara-un-convenio-con-la-unsl-para-estudiar-el-impacto-economico-y-social-que-tiene-el-futbol-en-nuestro-pais\/#primaryimage","url":"https:\/\/radio.fcejs.unsl.edu.ar\/wp-content\/uploads\/2025\/07\/WhatsApp-Image-2025-07-28-at-19.49.26-scaled.jpeg","contentUrl":"https:\/\/radio.fcejs.unsl.edu.ar\/wp-content\/uploads\/2025\/07\/WhatsApp-Image-2025-07-28-at-19.49.26-scaled.jpeg","width":2560,"height":1182},{"@type":"BreadcrumbList","@id":"https:\/\/radio.fcejs.unsl.edu.ar\/index.php\/la-afa-firmara-un-convenio-con-la-unsl-para-estudiar-el-impacto-economico-y-social-que-tiene-el-futbol-en-nuestro-pais\/#breadcrumb","itemListElement":[{"@type":"ListItem","position":1,"name":"Inicio","item":"https:\/\/radio.fcejs.unsl.edu.ar\/"},{"@type":"ListItem","position":2,"name":"La AFA firmar\u00e1 un convenio con la UNSL para estudiar el impacto econ\u00f3mico y social que tiene el futbol en nuestro pa\u00eds."}]},{"@type":"WebSite","@id":"https:\/\/radio.fcejs.unsl.edu.ar\/#website","url":"https:\/\/radio.fcejs.unsl.edu.ar\/","name":"Radio Universidad Villa Mercedes 97.5 | UNSL","description":"UNSL","publisher":{"@id":"https:\/\/radio.fcejs.unsl.edu.ar\/#organization"},"potentialAction":[{"@type":"SearchAction","target":{"@type":"EntryPoint","urlTemplate":"https:\/\/radio.fcejs.unsl.edu.ar\/?s={search_term_string}"},"query-input":{"@type":"PropertyValueSpecification","valueRequired":true,"valueName":"search_term_string"}}],"inLanguage":"es-AR"},{"@type":"Organization","@id":"https:\/\/radio.fcejs.unsl.edu.ar\/#organization","name":"Radio Universidad Villa Mercedes 97.5 | UNSL","url":"https:\/\/radio.fcejs.unsl.edu.ar\/","logo":{"@type":"ImageObject","inLanguage":"es-AR","@id":"https:\/\/radio.fcejs.unsl.edu.ar\/#\/schema\/logo\/image\/","url":"https:\/\/radio.fcejs.unsl.edu.ar\/wp-content\/uploads\/2023\/12\/cropped-radio-villa-mercedes-97-5.png","contentUrl":"https:\/\/radio.fcejs.unsl.edu.ar\/wp-content\/uploads\/2023\/12\/cropped-radio-villa-mercedes-97-5.png","width":908,"height":289,"caption":"Radio Universidad Villa Mercedes 97.5 | UNSL"},"image":{"@id":"https:\/\/radio.fcejs.unsl.edu.ar\/#\/schema\/logo\/image\/"}},{"@type":"Person","@id":"https:\/\/radio.fcejs.unsl.edu.ar\/#\/schema\/person\/71179a56ee499ac8cd4e46f865c627c7","name":"Virginia Aguilera","url":"https:\/\/radio.fcejs.unsl.edu.ar\/index.php\/author\/viraguilera\/"}]}},"_links":{"self":[{"href":"https:\/\/radio.fcejs.unsl.edu.ar\/index.php\/wp-json\/wp\/v2\/posts\/3141","targetHints":{"allow":["GET"]}}],"collection":[{"href":"https:\/\/radio.fcejs.unsl.edu.ar\/index.php\/wp-json\/wp\/v2\/posts"}],"about":[{"href":"https:\/\/radio.fcejs.unsl.edu.ar\/index.php\/wp-json\/wp\/v2\/types\/post"}],"author":[{"embeddable":true,"href":"https:\/\/radio.fcejs.unsl.edu.ar\/index.php\/wp-json\/wp\/v2\/users\/5"}],"replies":[{"embeddable":true,"href":"https:\/\/radio.fcejs.unsl.edu.ar\/index.php\/wp-json\/wp\/v2\/comments?post=3141"}],"version-history":[{"count":3,"href":"https:\/\/radio.fcejs.unsl.edu.ar\/index.php\/wp-json\/wp\/v2\/posts\/3141\/revisions"}],"predecessor-version":[{"id":3145,"href":"https:\/\/radio.fcejs.unsl.edu.ar\/index.php\/wp-json\/wp\/v2\/posts\/3141\/revisions\/3145"}],"wp:featuredmedia":[{"embeddable":true,"href":"https:\/\/radio.fcejs.unsl.edu.ar\/index.php\/wp-json\/wp\/v2\/media\/3142"}],"wp:attachment":[{"href":"https:\/\/radio.fcejs.unsl.edu.ar\/index.php\/wp-json\/wp\/v2\/media?parent=3141"}],"wp:term":[{"taxonomy":"category","embeddable":true,"href":"https:\/\/radio.fcejs.unsl.edu.ar\/index.php\/wp-json\/wp\/v2\/categories?post=3141"},{"taxonomy":"post_tag","embeddable":true,"href":"https:\/\/radio.fcejs.unsl.edu.ar\/index.php\/wp-json\/wp\/v2\/tags?post=3141"}],"curies":[{"name":"wp","href":"https:\/\/api.w.org\/{rel}","templated":true}]}}