{"id":3102,"date":"2025-07-04T13:37:56","date_gmt":"2025-07-04T16:37:56","guid":{"rendered":"https:\/\/radio.fcejs.unsl.edu.ar\/?p=3102"},"modified":"2025-07-24T11:46:45","modified_gmt":"2025-07-24T14:46:45","slug":"radio-unsl-villa-mercedes-recibio-un-reconocimiento-de-interes-legislativo","status":"publish","type":"post","link":"https:\/\/radio.fcejs.unsl.edu.ar\/index.php\/radio-unsl-villa-mercedes-recibio-un-reconocimiento-de-interes-legislativo\/","title":{"rendered":"Radio UNSL Villa Mercedes recibi\u00f3 un reconocimiento de inter\u00e9s legislativo"},"content":{"rendered":"<p data-start=\"308\" data-end=\"505\">La <strong data-start=\"335\" data-end=\"386\">C\u00e1mara de Diputados de la Provincia de San Luis<\/strong> declar\u00f3 <strong data-start=\"395\" data-end=\"421\">de inter\u00e9s legislativo<\/strong> a <strong data-start=\"424\" data-end=\"461\">Radio UNSL Villa Mercedes 97.5 FM<\/strong>, en el marco de su reciente reinauguraci\u00f3n.<\/p>\n<p data-start=\"507\" data-end=\"804\">En di\u00e1logo con la diputada provincial <strong data-start=\"577\" data-end=\"592\">Ivana Ricca<\/strong> destac\u00f3 que la distinci\u00f3n fue <strong data-start=\"623\" data-end=\"648\">votada por unanimidad<\/strong>, lo que refleja el respaldo total de la Legislatura al rol de la radio universitaria en la vida cultural, educativa y social de Villa Mercedes y la regi\u00f3n.<\/p>\n<audio class=\"wp-audio-shortcode\" id=\"audio-3102-1\" preload=\"none\" style=\"width: 100%;\" controls=\"controls\"><source type=\"audio\/mpeg\" src=\"https:\/\/radioupload.fica.unsl.edu.ar\/files\/jb\/Ivana%20Rica%20Leg-%20OK%20.MP3?_=1\" \/><a href=\"https:\/\/radioupload.fica.unsl.edu.ar\/files\/jb\/Ivana%20Rica%20Leg-%20OK%20.MP3\">https:\/\/radioupload.fica.unsl.edu.ar\/files\/jb\/Ivana%20Rica%20Leg-%20OK%20.MP3<\/a><\/audio>\n<p data-start=\"1112\" data-end=\"1334\">La <strong data-start=\"1115\" data-end=\"1145\">Declaraci\u00f3n N\u00b0 112-CD-2025<\/strong> valora el compromiso de la emisora con la <strong data-start=\"1188\" data-end=\"1232\">comunicaci\u00f3n democr\u00e1tica y participativa<\/strong>, as\u00ed como su papel en el fortalecimiento del <strong data-start=\"1278\" data-end=\"1333\">v\u00ednculo entre la universidad p\u00fablica y su comunidad<\/strong>.<\/p>\n<p data-start=\"1112\" data-end=\"1334\"><strong>| Por: Mat\u00edas E. Videla | Radio UNSL Villa Mercedes 97.5 FM |<\/strong><\/p>\n","protected":false},"excerpt":{"rendered":"<p>La C\u00e1mara de Diputados de la Provincia de San Luis declar\u00f3 de inter\u00e9s legislativo a Radio UNSL Villa Mercedes 97.5 FM, en el marco de su reciente reinauguraci\u00f3n. En di\u00e1logo con la diputada provincial Ivana Ricca destac\u00f3 que la distinci\u00f3n fue votada por unanimidad, lo que refleja el respaldo total de la Legislatura al rol&#8230;<\/p>\n","protected":false},"author":7,"featured_media":3103,"comment_status":"closed","ping_status":"closed","sticky":false,"template":"","format":"standard","meta":{"_kad_post_transparent":"default","_kad_post_title":"default","_kad_post_layout":"default","_kad_post_sidebar_id":"","_kad_post_content_style":"default","_kad_post_vertical_padding":"default","_kad_post_feature":"","_kad_post_feature_position":"","_kad_post_header":false,"_kad_post_footer":false,"_kad_post_classname":"","footnotes":""},"categories":[14],"tags":[],"class_list":["post-3102","post","type-post","status-publish","format-standard","has-post-thumbnail","hentry","category-entrevistas"],"yoast_head":"<!-- This site is optimized with the Yoast SEO plugin v27.2 - https:\/\/yoast.com\/product\/yoast-seo-wordpress\/ -->\n<title>Radio UNSL Villa Mercedes recibi\u00f3 un reconocimiento de inter\u00e9s legislativo - Radio Universidad Villa Mercedes 97.5 | UNSL<\/title>\n<meta name=\"robots\" content=\"index, follow, max-snippet:-1, max-image-preview:large, max-video-preview:-1\" \/>\n<link rel=\"canonical\" href=\"https:\/\/radio.fcejs.unsl.edu.ar\/index.php\/radio-unsl-villa-mercedes-recibio-un-reconocimiento-de-interes-legislativo\/\" \/>\n<meta property=\"og:locale\" content=\"es_ES\" \/>\n<meta property=\"og:type\" content=\"article\" \/>\n<meta property=\"og:title\" content=\"Radio UNSL Villa Mercedes recibi\u00f3 un reconocimiento de inter\u00e9s legislativo\" \/>\n<meta property=\"og:description\" content=\"En di\u00e1logo con la diputada provincial Ivana Ricca destac\u00f3 que la distinci\u00f3n fue votada por unanimidad, lo que refleja el respaldo total de la Legislatura al rol de la radio universitaria en la vida cultural, educativa y social de Villa Mercedes y la regi\u00f3n.\" \/>\n<meta property=\"og:url\" content=\"https:\/\/radio.fcejs.unsl.edu.ar\/index.php\/radio-unsl-villa-mercedes-recibio-un-reconocimiento-de-interes-legislativo\/\" \/>\n<meta property=\"og:site_name\" content=\"Radio Universidad Villa Mercedes 97.5 | UNSL\" \/>\n<meta property=\"article:published_time\" content=\"2025-07-04T16:37:56+00:00\" \/>\n<meta property=\"article:modified_time\" content=\"2025-07-24T14:46:45+00:00\" \/>\n<meta property=\"og:image\" content=\"http:\/\/radio.fcejs.unsl.edu.ar\/wp-content\/uploads\/2025\/07\/2624d91e-1f8a-4932-a0cd-b7e6d0ffef9c.jpg\" \/>\n\t<meta property=\"og:image:width\" content=\"1100\" \/>\n\t<meta property=\"og:image:height\" content=\"733\" \/>\n\t<meta property=\"og:image:type\" content=\"image\/jpeg\" \/>\n<meta name=\"author\" content=\"Matias Videla\" \/>\n<meta name=\"twitter:card\" content=\"summary_large_image\" \/>\n<meta name=\"twitter:label1\" content=\"Escrito por\" \/>\n\t<meta name=\"twitter:data1\" content=\"Matias Videla\" \/>\n\t<meta name=\"twitter:label2\" content=\"Tiempo de lectura\" \/>\n\t<meta name=\"twitter:data2\" content=\"1 minuto\" \/>\n<script type=\"application\/ld+json\" class=\"yoast-schema-graph\">{\"@context\":\"https:\/\/schema.org\",\"@graph\":[{\"@type\":\"Article\",\"@id\":\"https:\/\/radio.fcejs.unsl.edu.ar\/index.php\/radio-unsl-villa-mercedes-recibio-un-reconocimiento-de-interes-legislativo\/#article\",\"isPartOf\":{\"@id\":\"https:\/\/radio.fcejs.unsl.edu.ar\/index.php\/radio-unsl-villa-mercedes-recibio-un-reconocimiento-de-interes-legislativo\/\"},\"author\":{\"name\":\"Matias Videla\",\"@id\":\"https:\/\/radio.fcejs.unsl.edu.ar\/#\/schema\/person\/acc8fccb15174977a9a97c2c6c9a046e\"},\"headline\":\"Radio UNSL Villa Mercedes recibi\u00f3 un reconocimiento de inter\u00e9s legislativo\",\"datePublished\":\"2025-07-04T16:37:56+00:00\",\"dateModified\":\"2025-07-24T14:46:45+00:00\",\"mainEntityOfPage\":{\"@id\":\"https:\/\/radio.fcejs.unsl.edu.ar\/index.php\/radio-unsl-villa-mercedes-recibio-un-reconocimiento-de-interes-legislativo\/\"},\"wordCount\":148,\"publisher\":{\"@id\":\"https:\/\/radio.fcejs.unsl.edu.ar\/#organization\"},\"image\":{\"@id\":\"https:\/\/radio.fcejs.unsl.edu.ar\/index.php\/radio-unsl-villa-mercedes-recibio-un-reconocimiento-de-interes-legislativo\/#primaryimage\"},\"thumbnailUrl\":\"https:\/\/radio.fcejs.unsl.edu.ar\/wp-content\/uploads\/2025\/07\/2624d91e-1f8a-4932-a0cd-b7e6d0ffef9c.jpg\",\"articleSection\":[\"Entrevistas\"],\"inLanguage\":\"es-AR\"},{\"@type\":\"WebPage\",\"@id\":\"https:\/\/radio.fcejs.unsl.edu.ar\/index.php\/radio-unsl-villa-mercedes-recibio-un-reconocimiento-de-interes-legislativo\/\",\"url\":\"https:\/\/radio.fcejs.unsl.edu.ar\/index.php\/radio-unsl-villa-mercedes-recibio-un-reconocimiento-de-interes-legislativo\/\",\"name\":\"Radio UNSL Villa Mercedes recibi\u00f3 un reconocimiento de inter\u00e9s legislativo - Radio Universidad Villa Mercedes 97.5 | UNSL\",\"isPartOf\":{\"@id\":\"https:\/\/radio.fcejs.unsl.edu.ar\/#website\"},\"primaryImageOfPage\":{\"@id\":\"https:\/\/radio.fcejs.unsl.edu.ar\/index.php\/radio-unsl-villa-mercedes-recibio-un-reconocimiento-de-interes-legislativo\/#primaryimage\"},\"image\":{\"@id\":\"https:\/\/radio.fcejs.unsl.edu.ar\/index.php\/radio-unsl-villa-mercedes-recibio-un-reconocimiento-de-interes-legislativo\/#primaryimage\"},\"thumbnailUrl\":\"https:\/\/radio.fcejs.unsl.edu.ar\/wp-content\/uploads\/2025\/07\/2624d91e-1f8a-4932-a0cd-b7e6d0ffef9c.jpg\",\"datePublished\":\"2025-07-04T16:37:56+00:00\",\"dateModified\":\"2025-07-24T14:46:45+00:00\",\"breadcrumb\":{\"@id\":\"https:\/\/radio.fcejs.unsl.edu.ar\/index.php\/radio-unsl-villa-mercedes-recibio-un-reconocimiento-de-interes-legislativo\/#breadcrumb\"},\"inLanguage\":\"es-AR\",\"potentialAction\":[{\"@type\":\"ReadAction\",\"target\":[\"https:\/\/radio.fcejs.unsl.edu.ar\/index.php\/radio-unsl-villa-mercedes-recibio-un-reconocimiento-de-interes-legislativo\/\"]}]},{\"@type\":\"ImageObject\",\"inLanguage\":\"es-AR\",\"@id\":\"https:\/\/radio.fcejs.unsl.edu.ar\/index.php\/radio-unsl-villa-mercedes-recibio-un-reconocimiento-de-interes-legislativo\/#primaryimage\",\"url\":\"https:\/\/radio.fcejs.unsl.edu.ar\/wp-content\/uploads\/2025\/07\/2624d91e-1f8a-4932-a0cd-b7e6d0ffef9c.jpg\",\"contentUrl\":\"https:\/\/radio.fcejs.unsl.edu.ar\/wp-content\/uploads\/2025\/07\/2624d91e-1f8a-4932-a0cd-b7e6d0ffef9c.jpg\",\"width\":1100,\"height\":733},{\"@type\":\"BreadcrumbList\",\"@id\":\"https:\/\/radio.fcejs.unsl.edu.ar\/index.php\/radio-unsl-villa-mercedes-recibio-un-reconocimiento-de-interes-legislativo\/#breadcrumb\",\"itemListElement\":[{\"@type\":\"ListItem\",\"position\":1,\"name\":\"Inicio\",\"item\":\"https:\/\/radio.fcejs.unsl.edu.ar\/\"},{\"@type\":\"ListItem\",\"position\":2,\"name\":\"Radio UNSL Villa Mercedes recibi\u00f3 un reconocimiento de inter\u00e9s legislativo\"}]},{\"@type\":\"WebSite\",\"@id\":\"https:\/\/radio.fcejs.unsl.edu.ar\/#website\",\"url\":\"https:\/\/radio.fcejs.unsl.edu.ar\/\",\"name\":\"Radio Universidad Villa Mercedes 97.5 | UNSL\",\"description\":\"UNSL\",\"publisher\":{\"@id\":\"https:\/\/radio.fcejs.unsl.edu.ar\/#organization\"},\"potentialAction\":[{\"@type\":\"SearchAction\",\"target\":{\"@type\":\"EntryPoint\",\"urlTemplate\":\"https:\/\/radio.fcejs.unsl.edu.ar\/?s={search_term_string}\"},\"query-input\":{\"@type\":\"PropertyValueSpecification\",\"valueRequired\":true,\"valueName\":\"search_term_string\"}}],\"inLanguage\":\"es-AR\"},{\"@type\":\"Organization\",\"@id\":\"https:\/\/radio.fcejs.unsl.edu.ar\/#organization\",\"name\":\"Radio Universidad Villa Mercedes 97.5 | UNSL\",\"url\":\"https:\/\/radio.fcejs.unsl.edu.ar\/\",\"logo\":{\"@type\":\"ImageObject\",\"inLanguage\":\"es-AR\",\"@id\":\"https:\/\/radio.fcejs.unsl.edu.ar\/#\/schema\/logo\/image\/\",\"url\":\"https:\/\/radio.fcejs.unsl.edu.ar\/wp-content\/uploads\/2023\/12\/cropped-radio-villa-mercedes-97-5.png\",\"contentUrl\":\"https:\/\/radio.fcejs.unsl.edu.ar\/wp-content\/uploads\/2023\/12\/cropped-radio-villa-mercedes-97-5.png\",\"width\":908,\"height\":289,\"caption\":\"Radio Universidad Villa Mercedes 97.5 | UNSL\"},\"image\":{\"@id\":\"https:\/\/radio.fcejs.unsl.edu.ar\/#\/schema\/logo\/image\/\"}},{\"@type\":\"Person\",\"@id\":\"https:\/\/radio.fcejs.unsl.edu.ar\/#\/schema\/person\/acc8fccb15174977a9a97c2c6c9a046e\",\"name\":\"Matias Videla\",\"url\":\"https:\/\/radio.fcejs.unsl.edu.ar\/index.php\/author\/mvidela\/\"}]}<\/script>\n<!-- \/ Yoast SEO plugin. -->","yoast_head_json":{"title":"Radio UNSL Villa Mercedes recibi\u00f3 un reconocimiento de inter\u00e9s legislativo - Radio Universidad Villa Mercedes 97.5 | UNSL","robots":{"index":"index","follow":"follow","max-snippet":"max-snippet:-1","max-image-preview":"max-image-preview:large","max-video-preview":"max-video-preview:-1"},"canonical":"https:\/\/radio.fcejs.unsl.edu.ar\/index.php\/radio-unsl-villa-mercedes-recibio-un-reconocimiento-de-interes-legislativo\/","og_locale":"es_ES","og_type":"article","og_title":"Radio UNSL Villa Mercedes recibi\u00f3 un reconocimiento de inter\u00e9s legislativo","og_description":"En di\u00e1logo con la diputada provincial Ivana Ricca destac\u00f3 que la distinci\u00f3n fue votada por unanimidad, lo que refleja el respaldo total de la Legislatura al rol de la radio universitaria en la vida cultural, educativa y social de Villa Mercedes y la regi\u00f3n.","og_url":"https:\/\/radio.fcejs.unsl.edu.ar\/index.php\/radio-unsl-villa-mercedes-recibio-un-reconocimiento-de-interes-legislativo\/","og_site_name":"Radio Universidad Villa Mercedes 97.5 | UNSL","article_published_time":"2025-07-04T16:37:56+00:00","article_modified_time":"2025-07-24T14:46:45+00:00","og_image":[{"width":1100,"height":733,"url":"http:\/\/radio.fcejs.unsl.edu.ar\/wp-content\/uploads\/2025\/07\/2624d91e-1f8a-4932-a0cd-b7e6d0ffef9c.jpg","type":"image\/jpeg"}],"author":"Matias Videla","twitter_card":"summary_large_image","twitter_misc":{"Escrito por":"Matias Videla","Tiempo de lectura":"1 minuto"},"schema":{"@context":"https:\/\/schema.org","@graph":[{"@type":"Article","@id":"https:\/\/radio.fcejs.unsl.edu.ar\/index.php\/radio-unsl-villa-mercedes-recibio-un-reconocimiento-de-interes-legislativo\/#article","isPartOf":{"@id":"https:\/\/radio.fcejs.unsl.edu.ar\/index.php\/radio-unsl-villa-mercedes-recibio-un-reconocimiento-de-interes-legislativo\/"},"author":{"name":"Matias Videla","@id":"https:\/\/radio.fcejs.unsl.edu.ar\/#\/schema\/person\/acc8fccb15174977a9a97c2c6c9a046e"},"headline":"Radio UNSL Villa Mercedes recibi\u00f3 un reconocimiento de inter\u00e9s legislativo","datePublished":"2025-07-04T16:37:56+00:00","dateModified":"2025-07-24T14:46:45+00:00","mainEntityOfPage":{"@id":"https:\/\/radio.fcejs.unsl.edu.ar\/index.php\/radio-unsl-villa-mercedes-recibio-un-reconocimiento-de-interes-legislativo\/"},"wordCount":148,"publisher":{"@id":"https:\/\/radio.fcejs.unsl.edu.ar\/#organization"},"image":{"@id":"https:\/\/radio.fcejs.unsl.edu.ar\/index.php\/radio-unsl-villa-mercedes-recibio-un-reconocimiento-de-interes-legislativo\/#primaryimage"},"thumbnailUrl":"https:\/\/radio.fcejs.unsl.edu.ar\/wp-content\/uploads\/2025\/07\/2624d91e-1f8a-4932-a0cd-b7e6d0ffef9c.jpg","articleSection":["Entrevistas"],"inLanguage":"es-AR"},{"@type":"WebPage","@id":"https:\/\/radio.fcejs.unsl.edu.ar\/index.php\/radio-unsl-villa-mercedes-recibio-un-reconocimiento-de-interes-legislativo\/","url":"https:\/\/radio.fcejs.unsl.edu.ar\/index.php\/radio-unsl-villa-mercedes-recibio-un-reconocimiento-de-interes-legislativo\/","name":"Radio UNSL Villa Mercedes recibi\u00f3 un reconocimiento de inter\u00e9s legislativo - Radio Universidad Villa Mercedes 97.5 | UNSL","isPartOf":{"@id":"https:\/\/radio.fcejs.unsl.edu.ar\/#website"},"primaryImageOfPage":{"@id":"https:\/\/radio.fcejs.unsl.edu.ar\/index.php\/radio-unsl-villa-mercedes-recibio-un-reconocimiento-de-interes-legislativo\/#primaryimage"},"image":{"@id":"https:\/\/radio.fcejs.unsl.edu.ar\/index.php\/radio-unsl-villa-mercedes-recibio-un-reconocimiento-de-interes-legislativo\/#primaryimage"},"thumbnailUrl":"https:\/\/radio.fcejs.unsl.edu.ar\/wp-content\/uploads\/2025\/07\/2624d91e-1f8a-4932-a0cd-b7e6d0ffef9c.jpg","datePublished":"2025-07-04T16:37:56+00:00","dateModified":"2025-07-24T14:46:45+00:00","breadcrumb":{"@id":"https:\/\/radio.fcejs.unsl.edu.ar\/index.php\/radio-unsl-villa-mercedes-recibio-un-reconocimiento-de-interes-legislativo\/#breadcrumb"},"inLanguage":"es-AR","potentialAction":[{"@type":"ReadAction","target":["https:\/\/radio.fcejs.unsl.edu.ar\/index.php\/radio-unsl-villa-mercedes-recibio-un-reconocimiento-de-interes-legislativo\/"]}]},{"@type":"ImageObject","inLanguage":"es-AR","@id":"https:\/\/radio.fcejs.unsl.edu.ar\/index.php\/radio-unsl-villa-mercedes-recibio-un-reconocimiento-de-interes-legislativo\/#primaryimage","url":"https:\/\/radio.fcejs.unsl.edu.ar\/wp-content\/uploads\/2025\/07\/2624d91e-1f8a-4932-a0cd-b7e6d0ffef9c.jpg","contentUrl":"https:\/\/radio.fcejs.unsl.edu.ar\/wp-content\/uploads\/2025\/07\/2624d91e-1f8a-4932-a0cd-b7e6d0ffef9c.jpg","width":1100,"height":733},{"@type":"BreadcrumbList","@id":"https:\/\/radio.fcejs.unsl.edu.ar\/index.php\/radio-unsl-villa-mercedes-recibio-un-reconocimiento-de-interes-legislativo\/#breadcrumb","itemListElement":[{"@type":"ListItem","position":1,"name":"Inicio","item":"https:\/\/radio.fcejs.unsl.edu.ar\/"},{"@type":"ListItem","position":2,"name":"Radio UNSL Villa Mercedes recibi\u00f3 un reconocimiento de inter\u00e9s legislativo"}]},{"@type":"WebSite","@id":"https:\/\/radio.fcejs.unsl.edu.ar\/#website","url":"https:\/\/radio.fcejs.unsl.edu.ar\/","name":"Radio Universidad Villa Mercedes 97.5 | UNSL","description":"UNSL","publisher":{"@id":"https:\/\/radio.fcejs.unsl.edu.ar\/#organization"},"potentialAction":[{"@type":"SearchAction","target":{"@type":"EntryPoint","urlTemplate":"https:\/\/radio.fcejs.unsl.edu.ar\/?s={search_term_string}"},"query-input":{"@type":"PropertyValueSpecification","valueRequired":true,"valueName":"search_term_string"}}],"inLanguage":"es-AR"},{"@type":"Organization","@id":"https:\/\/radio.fcejs.unsl.edu.ar\/#organization","name":"Radio Universidad Villa Mercedes 97.5 | UNSL","url":"https:\/\/radio.fcejs.unsl.edu.ar\/","logo":{"@type":"ImageObject","inLanguage":"es-AR","@id":"https:\/\/radio.fcejs.unsl.edu.ar\/#\/schema\/logo\/image\/","url":"https:\/\/radio.fcejs.unsl.edu.ar\/wp-content\/uploads\/2023\/12\/cropped-radio-villa-mercedes-97-5.png","contentUrl":"https:\/\/radio.fcejs.unsl.edu.ar\/wp-content\/uploads\/2023\/12\/cropped-radio-villa-mercedes-97-5.png","width":908,"height":289,"caption":"Radio Universidad Villa Mercedes 97.5 | UNSL"},"image":{"@id":"https:\/\/radio.fcejs.unsl.edu.ar\/#\/schema\/logo\/image\/"}},{"@type":"Person","@id":"https:\/\/radio.fcejs.unsl.edu.ar\/#\/schema\/person\/acc8fccb15174977a9a97c2c6c9a046e","name":"Matias Videla","url":"https:\/\/radio.fcejs.unsl.edu.ar\/index.php\/author\/mvidela\/"}]}},"_links":{"self":[{"href":"https:\/\/radio.fcejs.unsl.edu.ar\/index.php\/wp-json\/wp\/v2\/posts\/3102","targetHints":{"allow":["GET"]}}],"collection":[{"href":"https:\/\/radio.fcejs.unsl.edu.ar\/index.php\/wp-json\/wp\/v2\/posts"}],"about":[{"href":"https:\/\/radio.fcejs.unsl.edu.ar\/index.php\/wp-json\/wp\/v2\/types\/post"}],"author":[{"embeddable":true,"href":"https:\/\/radio.fcejs.unsl.edu.ar\/index.php\/wp-json\/wp\/v2\/users\/7"}],"replies":[{"embeddable":true,"href":"https:\/\/radio.fcejs.unsl.edu.ar\/index.php\/wp-json\/wp\/v2\/comments?post=3102"}],"version-history":[{"count":2,"href":"https:\/\/radio.fcejs.unsl.edu.ar\/index.php\/wp-json\/wp\/v2\/posts\/3102\/revisions"}],"predecessor-version":[{"id":3130,"href":"https:\/\/radio.fcejs.unsl.edu.ar\/index.php\/wp-json\/wp\/v2\/posts\/3102\/revisions\/3130"}],"wp:featuredmedia":[{"embeddable":true,"href":"https:\/\/radio.fcejs.unsl.edu.ar\/index.php\/wp-json\/wp\/v2\/media\/3103"}],"wp:attachment":[{"href":"https:\/\/radio.fcejs.unsl.edu.ar\/index.php\/wp-json\/wp\/v2\/media?parent=3102"}],"wp:term":[{"taxonomy":"category","embeddable":true,"href":"https:\/\/radio.fcejs.unsl.edu.ar\/index.php\/wp-json\/wp\/v2\/categories?post=3102"},{"taxonomy":"post_tag","embeddable":true,"href":"https:\/\/radio.fcejs.unsl.edu.ar\/index.php\/wp-json\/wp\/v2\/tags?post=3102"}],"curies":[{"name":"wp","href":"https:\/\/api.w.org\/{rel}","templated":true}]}}