{"id":3087,"date":"2025-06-27T10:11:50","date_gmt":"2025-06-27T13:11:50","guid":{"rendered":"https:\/\/radio.fcejs.unsl.edu.ar\/?p=3087"},"modified":"2025-06-27T10:33:39","modified_gmt":"2025-06-27T13:33:39","slug":"el-apoyo-a-la-universidad-publica-se-concentro-en-la-plaza","status":"publish","type":"post","link":"https:\/\/radio.fcejs.unsl.edu.ar\/index.php\/el-apoyo-a-la-universidad-publica-se-concentro-en-la-plaza\/","title":{"rendered":"El apoyo a la universidad p\u00fablica se concentr\u00f3 en la plaza"},"content":{"rendered":"<p>En Villa Mercedes, la movilizaci\u00f3n en defensa de las universidades p\u00fablicas se congreg\u00f3 en plaza San Mart\u00edn, donde el sol de la tarde y el calor de la manifestaci\u00f3n fueron el \u00e1mbito acogedor para que estudiantes, docentes, nodocentes y vecinos autoconvocados fueran poblando sus espacios portando carteles, pancartas y antorchas con una consigna com\u00fan: apoyar a las universidades, seriamente amenazadas por las pol\u00edticas de desfinanciamiento del gobierno nacional.<\/p>\n<p>La concentraci\u00f3n, que se hizo en las principales ciudades del pa\u00eds en el marco de un plan de lucha que incluy\u00f3 un paro de docentes universitarios de 48 horas (jueves 26 y viernes 27 de junio) tuvo dos ejes principales de reclamos: la necesidad de luchar por el financiamiento de las universidades y por salarios dignos de docentes y nodocentes.<\/p>\n<p>En el primer caso, la acci\u00f3n fundamental que se emprendi\u00f3 a nivel nacional consiste en una campa\u00f1a de firmas para adherir a la Ley de Financiamiento Universitario que, tras el veto presidencial del a\u00f1o pasado, volvi\u00f3 a presentarse a fines de mayo pasado y espera ser tratada en sesi\u00f3n especial el pr\u00f3ximo 2 de julio. Para aportar adherentes a esta iniciativa, en la concentraci\u00f3n de ayer en plaza San Mart\u00edn se instal\u00f3 una mesa con planillas donde los manifestantes pudieron firmar su adhesi\u00f3n al proyecto de ley.<\/p>\n<p>Uno de los primeros grupos de estudiantes que lleg\u00f3 a la plaza fue el de chicas y chicos del Centro de Estudiantes de la FCEJS (UNSL). Su presidenta, Emma Carabias Vigil, cont\u00f3 a Radio de la UNSL en Villa Mercedes que la universidad p\u00fablica argentina \u201cha sido siempre bandera en el mundo\u201d donde los estudiantes \u201cpodemos a\u00fan so\u00f1ar con un futuro profesional\u201d. Por eso llam\u00f3 a los y las j\u00f3venes a pensar \u201csin bander\u00edas pol\u00edticas a defender a las universidades p\u00fablicas y gratuitas que hoy se ven amenazadas por el desfinanciamiento\u201d.<\/p>\n<audio class=\"wp-audio-shortcode\" id=\"audio-3087-1\" preload=\"none\" style=\"width: 100%;\" controls=\"controls\"><source type=\"audio\/mpeg\" src=\"https:\/\/radioupload.fica.unsl.edu.ar\/files\/jb\/estudiantes.mp3?_=1\" \/><a href=\"https:\/\/radioupload.fica.unsl.edu.ar\/files\/jb\/estudiantes.mp3\">https:\/\/radioupload.fica.unsl.edu.ar\/files\/jb\/estudiantes.mp3<\/a><\/audio>\n<p>&nbsp;<\/p>\n<p>\u201cLa falta de presupuesto, el desfinanciamiento y la situaci\u00f3n en general nos afecta a todos, a los docentes, nodocentes y a nosotros, los estudiantes, porque tenemos que pagar alquiler, la comida, las fotocopias, cursar, rendir\u2026, a todos se nos hace m\u00e1s que dif\u00edcil\u201d, a\u00f1adi\u00f3.<\/p>\n<p>Una estudiante de Trabajo Social de la FCEJS se sum\u00f3 a la campa\u00f1a de firmas para adherir al Proyecto de Ley de Financiamiento Universitario \u201cporque estamos en un momento muy cr\u00edtico en el pa\u00eds y uno de los sectores m\u00e1s golpeados es la educaci\u00f3n\u201d, respondi\u00f3 a Radio de la UNSL. \u201cMe parece que el m\u00ednimo aporte que puedo hacer es firmar esta ley, y hoy m\u00e1s que nunca hay que estar defendiendo la educaci\u00f3n p\u00fablica porque es nuestro espacio donde nos estamos formando\u201d, a\u00f1adi\u00f3.<\/p>\n<audio class=\"wp-audio-shortcode\" id=\"audio-3087-2\" preload=\"none\" style=\"width: 100%;\" controls=\"controls\"><source type=\"audio\/mpeg\" src=\"https:\/\/radioupload.fica.unsl.edu.ar\/files\/jb\/campa%C3%B1a%20firma.mp3?_=2\" \/><a href=\"https:\/\/radioupload.fica.unsl.edu.ar\/files\/jb\/campa%C3%B1a%20firma.mp3\">https:\/\/radioupload.fica.unsl.edu.ar\/files\/jb\/campa%C3%B1a%20firma.mp3<\/a><\/audio>\n<p>&nbsp;<\/p>\n<p>Walter Rold\u00e1n (SITUNVIME), uno de los oradores, destac\u00f3 los respaldos que la lucha por la Ley de Financiamiento consigui\u00f3 a nivel local y provincial, e inst\u00f3 a una mayor participaci\u00f3n. Viviana Mercado (ADU) tambi\u00e9n abog\u00f3 por lograr mayor concientizaci\u00f3n a trav\u00e9s de la profundizaci\u00f3n de la lucha, ya que se trata de problem\u00e1ticas que \u201cnos afectan a todos\u201d, con el agravante de la persistencia de una \u201cpol\u00edtica de crueldad\u201d.<\/p>\n<p>Desde SIDIU, sus representantes advirtieron sobre la situaci\u00f3n de los investigadores del INTA, del CONICET y del INTI debido a las reglamentaciones \u201cque atentan contra el recambio para los reemplazos\u201d, como tambi\u00e9n \u201cpor la falta de presupuesto\u201d. Est\u00e1n \u201capostando al ahogo\u201d de la investigaci\u00f3n y la ciencia. \u201cLo que queda es terrible\u201d.<\/p>\n<p>Norma Perinelli, representante territorial del barrio ATE, coment\u00f3: \u201ctenemos la oportunidad para juntarnos, de sumar y volver a intervenir; debemos convocar a los j\u00f3venes, centros de estudiantes y alumnos, porque son las generaciones que vienen\u2026 Los adultos tenemos que preguntarnos: qu\u00e9 hicimos para dejarles una sociedad mejor\u201d.<\/p>\n<p>Pablo Pati\u00f1o (ATE) se refiri\u00f3 a las consecuencias de las pol\u00edticas de ajuste del gobierno nacional por las p\u00e9rdidas de miles de puestos de trabajo, la generaci\u00f3n de pobreza y desigualdad. Sostuvo que la lucha debe ser unificada: \u201cNo es \u00fanicamente universitaria o docente, sino que es general porque se ha avanzado en contra de nuestros derechos conquistados\u2026 Y entender que es una resistencia a largo plazo\u201d.<\/p>\n<audio class=\"wp-audio-shortcode\" id=\"audio-3087-3\" preload=\"none\" style=\"width: 100%;\" controls=\"controls\"><source type=\"audio\/mpeg\" src=\"https:\/\/radioupload.fica.unsl.edu.ar\/files\/jb\/epresiones.mp3?_=3\" \/><a href=\"https:\/\/radioupload.fica.unsl.edu.ar\/files\/jb\/epresiones.mp3\">https:\/\/radioupload.fica.unsl.edu.ar\/files\/jb\/epresiones.mp3<\/a><\/audio>\n<p>&nbsp;<\/p>\n<p>El encendido de algunas antorchas, la exhibici\u00f3n de los carteles que identificaban a las agrupaciones, m\u00e1s la necesidad de juntar las voluntades para algo m\u00e1s que una \u201cgran foto\u201d de unidad: el compromiso de lograr mayor participaci\u00f3n y persistir en la lucha, sell\u00f3 la nueva jornada en Villa Mercedes en defensa de la universidad p\u00fablica, gratuita, inclusiva y de calidad.<\/p>\n","protected":false},"excerpt":{"rendered":"<p>En Villa Mercedes, la movilizaci\u00f3n en defensa de las universidades p\u00fablicas se congreg\u00f3 en plaza San Mart\u00edn, donde el sol de la tarde y el calor de la manifestaci\u00f3n fueron el \u00e1mbito acogedor para que estudiantes, docentes, nodocentes y vecinos autoconvocados fueran poblando sus espacios portando carteles, pancartas y antorchas con una consigna com\u00fan: apoyar&#8230;<\/p>\n","protected":false},"author":2,"featured_media":3088,"comment_status":"closed","ping_status":"closed","sticky":false,"template":"","format":"standard","meta":{"_kad_post_transparent":"default","_kad_post_title":"default","_kad_post_layout":"default","_kad_post_sidebar_id":"","_kad_post_content_style":"default","_kad_post_vertical_padding":"default","_kad_post_feature":"","_kad_post_feature_position":"","_kad_post_header":false,"_kad_post_footer":false,"_kad_post_classname":"","footnotes":""},"categories":[9,14],"tags":[],"class_list":["post-3087","post","type-post","status-publish","format-standard","has-post-thumbnail","hentry","category-destacada","category-entrevistas"],"yoast_head":"<!-- This site is optimized with the Yoast SEO plugin v27.2 - https:\/\/yoast.com\/product\/yoast-seo-wordpress\/ -->\n<title>El apoyo a la universidad p\u00fablica se concentr\u00f3 en la plaza - Radio Universidad Villa Mercedes 97.5 | UNSL<\/title>\n<meta name=\"robots\" content=\"index, follow, max-snippet:-1, max-image-preview:large, max-video-preview:-1\" \/>\n<link rel=\"canonical\" href=\"https:\/\/radio.fcejs.unsl.edu.ar\/index.php\/el-apoyo-a-la-universidad-publica-se-concentro-en-la-plaza\/\" \/>\n<meta property=\"og:locale\" content=\"es_ES\" \/>\n<meta property=\"og:type\" content=\"article\" \/>\n<meta property=\"og:title\" content=\"El apoyo a la universidad p\u00fablica se concentr\u00f3 en la plaza\" \/>\n<meta property=\"og:description\" content=\"En Villa Mercedes, la movilizaci\u00f3n en defensa de las universidades p\u00fablicas se congreg\u00f3 en plaza San Mart\u00edn para apoyar a las universidades, seriamente amenazadas por las pol\u00edticas de desfinanciamiento del gobierno nacional.\" \/>\n<meta property=\"og:url\" content=\"https:\/\/radio.fcejs.unsl.edu.ar\/index.php\/el-apoyo-a-la-universidad-publica-se-concentro-en-la-plaza\/\" \/>\n<meta property=\"og:site_name\" content=\"Radio Universidad Villa Mercedes 97.5 | UNSL\" \/>\n<meta property=\"article:published_time\" content=\"2025-06-27T13:11:50+00:00\" \/>\n<meta property=\"article:modified_time\" content=\"2025-06-27T13:33:39+00:00\" \/>\n<meta property=\"og:image\" content=\"http:\/\/radio.fcejs.unsl.edu.ar\/wp-content\/uploads\/2025\/06\/plaza27-06-25.jpg\" \/>\n\t<meta property=\"og:image:width\" content=\"1200\" \/>\n\t<meta property=\"og:image:height\" content=\"766\" \/>\n\t<meta property=\"og:image:type\" content=\"image\/jpeg\" \/>\n<meta name=\"author\" content=\"Redaccion Radio\" \/>\n<meta name=\"twitter:card\" content=\"summary_large_image\" \/>\n<meta name=\"twitter:label1\" content=\"Escrito por\" \/>\n\t<meta name=\"twitter:data1\" content=\"Redaccion Radio\" \/>\n\t<meta name=\"twitter:label2\" content=\"Tiempo de lectura\" \/>\n\t<meta name=\"twitter:data2\" content=\"4 minutos\" \/>\n<script type=\"application\/ld+json\" class=\"yoast-schema-graph\">{\"@context\":\"https:\/\/schema.org\",\"@graph\":[{\"@type\":\"Article\",\"@id\":\"https:\/\/radio.fcejs.unsl.edu.ar\/index.php\/el-apoyo-a-la-universidad-publica-se-concentro-en-la-plaza\/#article\",\"isPartOf\":{\"@id\":\"https:\/\/radio.fcejs.unsl.edu.ar\/index.php\/el-apoyo-a-la-universidad-publica-se-concentro-en-la-plaza\/\"},\"author\":{\"name\":\"Redaccion Radio\",\"@id\":\"https:\/\/radio.fcejs.unsl.edu.ar\/#\/schema\/person\/17e27260a1b995c2bd3a5989077ba3fb\"},\"headline\":\"El apoyo a la universidad p\u00fablica se concentr\u00f3 en la plaza\",\"datePublished\":\"2025-06-27T13:11:50+00:00\",\"dateModified\":\"2025-06-27T13:33:39+00:00\",\"mainEntityOfPage\":{\"@id\":\"https:\/\/radio.fcejs.unsl.edu.ar\/index.php\/el-apoyo-a-la-universidad-publica-se-concentro-en-la-plaza\/\"},\"wordCount\":839,\"publisher\":{\"@id\":\"https:\/\/radio.fcejs.unsl.edu.ar\/#organization\"},\"image\":{\"@id\":\"https:\/\/radio.fcejs.unsl.edu.ar\/index.php\/el-apoyo-a-la-universidad-publica-se-concentro-en-la-plaza\/#primaryimage\"},\"thumbnailUrl\":\"https:\/\/radio.fcejs.unsl.edu.ar\/wp-content\/uploads\/2025\/06\/plaza27-06-25.jpg\",\"articleSection\":[\"Destacada\",\"Entrevistas\"],\"inLanguage\":\"es-AR\"},{\"@type\":\"WebPage\",\"@id\":\"https:\/\/radio.fcejs.unsl.edu.ar\/index.php\/el-apoyo-a-la-universidad-publica-se-concentro-en-la-plaza\/\",\"url\":\"https:\/\/radio.fcejs.unsl.edu.ar\/index.php\/el-apoyo-a-la-universidad-publica-se-concentro-en-la-plaza\/\",\"name\":\"El apoyo a la universidad p\u00fablica se concentr\u00f3 en la plaza - Radio Universidad Villa Mercedes 97.5 | UNSL\",\"isPartOf\":{\"@id\":\"https:\/\/radio.fcejs.unsl.edu.ar\/#website\"},\"primaryImageOfPage\":{\"@id\":\"https:\/\/radio.fcejs.unsl.edu.ar\/index.php\/el-apoyo-a-la-universidad-publica-se-concentro-en-la-plaza\/#primaryimage\"},\"image\":{\"@id\":\"https:\/\/radio.fcejs.unsl.edu.ar\/index.php\/el-apoyo-a-la-universidad-publica-se-concentro-en-la-plaza\/#primaryimage\"},\"thumbnailUrl\":\"https:\/\/radio.fcejs.unsl.edu.ar\/wp-content\/uploads\/2025\/06\/plaza27-06-25.jpg\",\"datePublished\":\"2025-06-27T13:11:50+00:00\",\"dateModified\":\"2025-06-27T13:33:39+00:00\",\"breadcrumb\":{\"@id\":\"https:\/\/radio.fcejs.unsl.edu.ar\/index.php\/el-apoyo-a-la-universidad-publica-se-concentro-en-la-plaza\/#breadcrumb\"},\"inLanguage\":\"es-AR\",\"potentialAction\":[{\"@type\":\"ReadAction\",\"target\":[\"https:\/\/radio.fcejs.unsl.edu.ar\/index.php\/el-apoyo-a-la-universidad-publica-se-concentro-en-la-plaza\/\"]}]},{\"@type\":\"ImageObject\",\"inLanguage\":\"es-AR\",\"@id\":\"https:\/\/radio.fcejs.unsl.edu.ar\/index.php\/el-apoyo-a-la-universidad-publica-se-concentro-en-la-plaza\/#primaryimage\",\"url\":\"https:\/\/radio.fcejs.unsl.edu.ar\/wp-content\/uploads\/2025\/06\/plaza27-06-25.jpg\",\"contentUrl\":\"https:\/\/radio.fcejs.unsl.edu.ar\/wp-content\/uploads\/2025\/06\/plaza27-06-25.jpg\",\"width\":1200,\"height\":766},{\"@type\":\"BreadcrumbList\",\"@id\":\"https:\/\/radio.fcejs.unsl.edu.ar\/index.php\/el-apoyo-a-la-universidad-publica-se-concentro-en-la-plaza\/#breadcrumb\",\"itemListElement\":[{\"@type\":\"ListItem\",\"position\":1,\"name\":\"Inicio\",\"item\":\"https:\/\/radio.fcejs.unsl.edu.ar\/\"},{\"@type\":\"ListItem\",\"position\":2,\"name\":\"El apoyo a la universidad p\u00fablica se concentr\u00f3 en la plaza\"}]},{\"@type\":\"WebSite\",\"@id\":\"https:\/\/radio.fcejs.unsl.edu.ar\/#website\",\"url\":\"https:\/\/radio.fcejs.unsl.edu.ar\/\",\"name\":\"Radio Universidad Villa Mercedes 97.5 | UNSL\",\"description\":\"UNSL\",\"publisher\":{\"@id\":\"https:\/\/radio.fcejs.unsl.edu.ar\/#organization\"},\"potentialAction\":[{\"@type\":\"SearchAction\",\"target\":{\"@type\":\"EntryPoint\",\"urlTemplate\":\"https:\/\/radio.fcejs.unsl.edu.ar\/?s={search_term_string}\"},\"query-input\":{\"@type\":\"PropertyValueSpecification\",\"valueRequired\":true,\"valueName\":\"search_term_string\"}}],\"inLanguage\":\"es-AR\"},{\"@type\":\"Organization\",\"@id\":\"https:\/\/radio.fcejs.unsl.edu.ar\/#organization\",\"name\":\"Radio Universidad Villa Mercedes 97.5 | UNSL\",\"url\":\"https:\/\/radio.fcejs.unsl.edu.ar\/\",\"logo\":{\"@type\":\"ImageObject\",\"inLanguage\":\"es-AR\",\"@id\":\"https:\/\/radio.fcejs.unsl.edu.ar\/#\/schema\/logo\/image\/\",\"url\":\"https:\/\/radio.fcejs.unsl.edu.ar\/wp-content\/uploads\/2023\/12\/cropped-radio-villa-mercedes-97-5.png\",\"contentUrl\":\"https:\/\/radio.fcejs.unsl.edu.ar\/wp-content\/uploads\/2023\/12\/cropped-radio-villa-mercedes-97-5.png\",\"width\":908,\"height\":289,\"caption\":\"Radio Universidad Villa Mercedes 97.5 | UNSL\"},\"image\":{\"@id\":\"https:\/\/radio.fcejs.unsl.edu.ar\/#\/schema\/logo\/image\/\"}},{\"@type\":\"Person\",\"@id\":\"https:\/\/radio.fcejs.unsl.edu.ar\/#\/schema\/person\/17e27260a1b995c2bd3a5989077ba3fb\",\"name\":\"Redaccion Radio\",\"url\":\"https:\/\/radio.fcejs.unsl.edu.ar\/index.php\/author\/radio_redaccion_fcejs\/\"}]}<\/script>\n<!-- \/ Yoast SEO plugin. -->","yoast_head_json":{"title":"El apoyo a la universidad p\u00fablica se concentr\u00f3 en la plaza - Radio Universidad Villa Mercedes 97.5 | UNSL","robots":{"index":"index","follow":"follow","max-snippet":"max-snippet:-1","max-image-preview":"max-image-preview:large","max-video-preview":"max-video-preview:-1"},"canonical":"https:\/\/radio.fcejs.unsl.edu.ar\/index.php\/el-apoyo-a-la-universidad-publica-se-concentro-en-la-plaza\/","og_locale":"es_ES","og_type":"article","og_title":"El apoyo a la universidad p\u00fablica se concentr\u00f3 en la plaza","og_description":"En Villa Mercedes, la movilizaci\u00f3n en defensa de las universidades p\u00fablicas se congreg\u00f3 en plaza San Mart\u00edn para apoyar a las universidades, seriamente amenazadas por las pol\u00edticas de desfinanciamiento del gobierno nacional.","og_url":"https:\/\/radio.fcejs.unsl.edu.ar\/index.php\/el-apoyo-a-la-universidad-publica-se-concentro-en-la-plaza\/","og_site_name":"Radio Universidad Villa Mercedes 97.5 | UNSL","article_published_time":"2025-06-27T13:11:50+00:00","article_modified_time":"2025-06-27T13:33:39+00:00","og_image":[{"width":1200,"height":766,"url":"http:\/\/radio.fcejs.unsl.edu.ar\/wp-content\/uploads\/2025\/06\/plaza27-06-25.jpg","type":"image\/jpeg"}],"author":"Redaccion Radio","twitter_card":"summary_large_image","twitter_misc":{"Escrito por":"Redaccion Radio","Tiempo de lectura":"4 minutos"},"schema":{"@context":"https:\/\/schema.org","@graph":[{"@type":"Article","@id":"https:\/\/radio.fcejs.unsl.edu.ar\/index.php\/el-apoyo-a-la-universidad-publica-se-concentro-en-la-plaza\/#article","isPartOf":{"@id":"https:\/\/radio.fcejs.unsl.edu.ar\/index.php\/el-apoyo-a-la-universidad-publica-se-concentro-en-la-plaza\/"},"author":{"name":"Redaccion Radio","@id":"https:\/\/radio.fcejs.unsl.edu.ar\/#\/schema\/person\/17e27260a1b995c2bd3a5989077ba3fb"},"headline":"El apoyo a la universidad p\u00fablica se concentr\u00f3 en la plaza","datePublished":"2025-06-27T13:11:50+00:00","dateModified":"2025-06-27T13:33:39+00:00","mainEntityOfPage":{"@id":"https:\/\/radio.fcejs.unsl.edu.ar\/index.php\/el-apoyo-a-la-universidad-publica-se-concentro-en-la-plaza\/"},"wordCount":839,"publisher":{"@id":"https:\/\/radio.fcejs.unsl.edu.ar\/#organization"},"image":{"@id":"https:\/\/radio.fcejs.unsl.edu.ar\/index.php\/el-apoyo-a-la-universidad-publica-se-concentro-en-la-plaza\/#primaryimage"},"thumbnailUrl":"https:\/\/radio.fcejs.unsl.edu.ar\/wp-content\/uploads\/2025\/06\/plaza27-06-25.jpg","articleSection":["Destacada","Entrevistas"],"inLanguage":"es-AR"},{"@type":"WebPage","@id":"https:\/\/radio.fcejs.unsl.edu.ar\/index.php\/el-apoyo-a-la-universidad-publica-se-concentro-en-la-plaza\/","url":"https:\/\/radio.fcejs.unsl.edu.ar\/index.php\/el-apoyo-a-la-universidad-publica-se-concentro-en-la-plaza\/","name":"El apoyo a la universidad p\u00fablica se concentr\u00f3 en la plaza - Radio Universidad Villa Mercedes 97.5 | UNSL","isPartOf":{"@id":"https:\/\/radio.fcejs.unsl.edu.ar\/#website"},"primaryImageOfPage":{"@id":"https:\/\/radio.fcejs.unsl.edu.ar\/index.php\/el-apoyo-a-la-universidad-publica-se-concentro-en-la-plaza\/#primaryimage"},"image":{"@id":"https:\/\/radio.fcejs.unsl.edu.ar\/index.php\/el-apoyo-a-la-universidad-publica-se-concentro-en-la-plaza\/#primaryimage"},"thumbnailUrl":"https:\/\/radio.fcejs.unsl.edu.ar\/wp-content\/uploads\/2025\/06\/plaza27-06-25.jpg","datePublished":"2025-06-27T13:11:50+00:00","dateModified":"2025-06-27T13:33:39+00:00","breadcrumb":{"@id":"https:\/\/radio.fcejs.unsl.edu.ar\/index.php\/el-apoyo-a-la-universidad-publica-se-concentro-en-la-plaza\/#breadcrumb"},"inLanguage":"es-AR","potentialAction":[{"@type":"ReadAction","target":["https:\/\/radio.fcejs.unsl.edu.ar\/index.php\/el-apoyo-a-la-universidad-publica-se-concentro-en-la-plaza\/"]}]},{"@type":"ImageObject","inLanguage":"es-AR","@id":"https:\/\/radio.fcejs.unsl.edu.ar\/index.php\/el-apoyo-a-la-universidad-publica-se-concentro-en-la-plaza\/#primaryimage","url":"https:\/\/radio.fcejs.unsl.edu.ar\/wp-content\/uploads\/2025\/06\/plaza27-06-25.jpg","contentUrl":"https:\/\/radio.fcejs.unsl.edu.ar\/wp-content\/uploads\/2025\/06\/plaza27-06-25.jpg","width":1200,"height":766},{"@type":"BreadcrumbList","@id":"https:\/\/radio.fcejs.unsl.edu.ar\/index.php\/el-apoyo-a-la-universidad-publica-se-concentro-en-la-plaza\/#breadcrumb","itemListElement":[{"@type":"ListItem","position":1,"name":"Inicio","item":"https:\/\/radio.fcejs.unsl.edu.ar\/"},{"@type":"ListItem","position":2,"name":"El apoyo a la universidad p\u00fablica se concentr\u00f3 en la plaza"}]},{"@type":"WebSite","@id":"https:\/\/radio.fcejs.unsl.edu.ar\/#website","url":"https:\/\/radio.fcejs.unsl.edu.ar\/","name":"Radio Universidad Villa Mercedes 97.5 | UNSL","description":"UNSL","publisher":{"@id":"https:\/\/radio.fcejs.unsl.edu.ar\/#organization"},"potentialAction":[{"@type":"SearchAction","target":{"@type":"EntryPoint","urlTemplate":"https:\/\/radio.fcejs.unsl.edu.ar\/?s={search_term_string}"},"query-input":{"@type":"PropertyValueSpecification","valueRequired":true,"valueName":"search_term_string"}}],"inLanguage":"es-AR"},{"@type":"Organization","@id":"https:\/\/radio.fcejs.unsl.edu.ar\/#organization","name":"Radio Universidad Villa Mercedes 97.5 | UNSL","url":"https:\/\/radio.fcejs.unsl.edu.ar\/","logo":{"@type":"ImageObject","inLanguage":"es-AR","@id":"https:\/\/radio.fcejs.unsl.edu.ar\/#\/schema\/logo\/image\/","url":"https:\/\/radio.fcejs.unsl.edu.ar\/wp-content\/uploads\/2023\/12\/cropped-radio-villa-mercedes-97-5.png","contentUrl":"https:\/\/radio.fcejs.unsl.edu.ar\/wp-content\/uploads\/2023\/12\/cropped-radio-villa-mercedes-97-5.png","width":908,"height":289,"caption":"Radio Universidad Villa Mercedes 97.5 | UNSL"},"image":{"@id":"https:\/\/radio.fcejs.unsl.edu.ar\/#\/schema\/logo\/image\/"}},{"@type":"Person","@id":"https:\/\/radio.fcejs.unsl.edu.ar\/#\/schema\/person\/17e27260a1b995c2bd3a5989077ba3fb","name":"Redaccion Radio","url":"https:\/\/radio.fcejs.unsl.edu.ar\/index.php\/author\/radio_redaccion_fcejs\/"}]}},"_links":{"self":[{"href":"https:\/\/radio.fcejs.unsl.edu.ar\/index.php\/wp-json\/wp\/v2\/posts\/3087","targetHints":{"allow":["GET"]}}],"collection":[{"href":"https:\/\/radio.fcejs.unsl.edu.ar\/index.php\/wp-json\/wp\/v2\/posts"}],"about":[{"href":"https:\/\/radio.fcejs.unsl.edu.ar\/index.php\/wp-json\/wp\/v2\/types\/post"}],"author":[{"embeddable":true,"href":"https:\/\/radio.fcejs.unsl.edu.ar\/index.php\/wp-json\/wp\/v2\/users\/2"}],"replies":[{"embeddable":true,"href":"https:\/\/radio.fcejs.unsl.edu.ar\/index.php\/wp-json\/wp\/v2\/comments?post=3087"}],"version-history":[{"count":9,"href":"https:\/\/radio.fcejs.unsl.edu.ar\/index.php\/wp-json\/wp\/v2\/posts\/3087\/revisions"}],"predecessor-version":[{"id":3097,"href":"https:\/\/radio.fcejs.unsl.edu.ar\/index.php\/wp-json\/wp\/v2\/posts\/3087\/revisions\/3097"}],"wp:featuredmedia":[{"embeddable":true,"href":"https:\/\/radio.fcejs.unsl.edu.ar\/index.php\/wp-json\/wp\/v2\/media\/3088"}],"wp:attachment":[{"href":"https:\/\/radio.fcejs.unsl.edu.ar\/index.php\/wp-json\/wp\/v2\/media?parent=3087"}],"wp:term":[{"taxonomy":"category","embeddable":true,"href":"https:\/\/radio.fcejs.unsl.edu.ar\/index.php\/wp-json\/wp\/v2\/categories?post=3087"},{"taxonomy":"post_tag","embeddable":true,"href":"https:\/\/radio.fcejs.unsl.edu.ar\/index.php\/wp-json\/wp\/v2\/tags?post=3087"}],"curies":[{"name":"wp","href":"https:\/\/api.w.org\/{rel}","templated":true}]}}