{"id":3077,"date":"2025-06-26T13:45:18","date_gmt":"2025-06-26T16:45:18","guid":{"rendered":"https:\/\/radio.fcejs.unsl.edu.ar\/?p=3077"},"modified":"2025-06-26T13:46:23","modified_gmt":"2025-06-26T16:46:23","slug":"en-defensa-de-la-educacion-superior-junta-de-firmas-para-el-proyecto-ley-de-financiamiento-universitario","status":"publish","type":"post","link":"https:\/\/radio.fcejs.unsl.edu.ar\/index.php\/en-defensa-de-la-educacion-superior-junta-de-firmas-para-el-proyecto-ley-de-financiamiento-universitario\/","title":{"rendered":"EN DEFENSA DE LA EDUCACI\u00d3N SUPERIOR: JUNTA DE FIRMAS PARA EL PROYECTO LEY DE FINANCIAMIENTO UNIVERSITARIO"},"content":{"rendered":"<p><strong>Viviana Mercado docente de la UNSL, y Secretaria General de ADU (Asociaci\u00f3n Docentes Universitarios),<\/strong> nos habl\u00f3 sobre la cr\u00edtica situaci\u00f3n de desfinanciamiento que atraviesan las Universidades p\u00fablicas de Argentina.<\/p>\n<p>En el marco de la Marcha Federal convocada en todo el pa\u00eds para este Jueves 26 de Junio, la docente brind\u00f3 detalles sobre las actividades previstas a desarrollarse en la ciudad de Villa Mercedes, entre las que se destaca la junta de firmas que se har\u00e1 en la plaza San Martin para impulsar el proyecto Ley de Financiamiento Universitario, que ser\u00e1 presentado en el Congreso de la Naci\u00f3n con el objetivo de garantizar los recursos necesarios para el funcionamiento pleno del sistema universitario y cient\u00edfico nacional.<\/p>\n<p>Con respecto al reclamo que realizan desde ADU, Mercado dijo: \u201cesta marcha es fundamentalmente por el tema del desfinanciamiento que est\u00e1n sufriendo las universidades, obviamente agravada la situaci\u00f3n. La situaci\u00f3n m\u00e1s grave que tenemos en este momento es la situaci\u00f3n salarial. Hay un gran desfasaje con respecto a los niveles acumulados de inflaci\u00f3n desde que empez\u00f3 este gobierno nacional con respecto a los niveles de aumentos o de recomposiciones salariales que hemos tenido, que por otro lado ha sido de manera unilateral. No hemos tenido el espacio que corresponde de paritarias para poder justamente, de acuerdo a lo que ese t\u00e9rmino significa, poder negociar entre la oferta que pueda hacer el gobierno y las peticiones o los reclamos que nosotros llevamos a esa instancia\u201d.<\/p>\n<p>Y m\u00e1s adelante, sobre la convocatoria agreg\u00f3: \u201cesa tambi\u00e9n es la idea, que la sociedad nos acompa\u00f1e, y ver si de alguna manera tambi\u00e9n el sector pol\u00edtico toma conciencia de esto, por lo menos los que est\u00e1n a favor del veto o los que tienen intenciones de votar de manera negativa esta ley, tambi\u00e9n poder visibilizar quienes son\u201d.<\/p>\n<p><strong>\u00a0<\/strong><strong>En la ciudad de Villa Mercedes la convocatoria es este Jueves 26 de junio a las 16:30hs en la Plaza San Mart\u00edn,<\/strong> en donde est\u00e1 previsto realizar una concentraci\u00f3n con antorchas y banderas argentinas, y desde all\u00ed se espera marchar por la ciudad, a fin de visibilizar la problem\u00e1tica y luchar de forma pac\u00edfica por la Universidad P\u00fablica gratuita y de calidad.<\/p>\n<p>Escucha todos los detalles que brind\u00f3 <strong>Viviana Mercado<\/strong>, en la siguiente nota:<\/p>\n<audio class=\"wp-audio-shortcode\" id=\"audio-3077-1\" preload=\"none\" style=\"width: 100%;\" controls=\"controls\"><source type=\"audio\/mpeg\" src=\"https:\/\/radioupload.fica.unsl.edu.ar\/files\/jb\/Viviana%20FICA%20ADU.mp3?_=1\" \/><a href=\"https:\/\/radioupload.fica.unsl.edu.ar\/files\/jb\/Viviana%20FICA%20ADU.mp3\">https:\/\/radioupload.fica.unsl.edu.ar\/files\/jb\/Viviana%20FICA%20ADU.mp3<\/a><\/audio>\n<p>&nbsp;<\/p>\n<p>Entrevista: Virginia Aguilera- Radio UNSL en Villa Mercedes.-<\/p>\n","protected":false},"excerpt":{"rendered":"<p>Viviana Mercado docente de la UNSL, y Secretaria General de ADU (Asociaci\u00f3n Docentes Universitarios), nos habl\u00f3 sobre la cr\u00edtica situaci\u00f3n de desfinanciamiento que atraviesan las Universidades p\u00fablicas de Argentina. En el marco de la Marcha Federal convocada en todo el pa\u00eds para este Jueves 26 de Junio, la docente brind\u00f3 detalles sobre las actividades previstas&#8230;<\/p>\n","protected":false},"author":5,"featured_media":3078,"comment_status":"closed","ping_status":"closed","sticky":false,"template":"","format":"standard","meta":{"_kad_post_transparent":"default","_kad_post_title":"default","_kad_post_layout":"default","_kad_post_sidebar_id":"","_kad_post_content_style":"default","_kad_post_vertical_padding":"default","_kad_post_feature":"","_kad_post_feature_position":"","_kad_post_header":false,"_kad_post_footer":false,"_kad_post_classname":"","footnotes":""},"categories":[14],"tags":[],"class_list":["post-3077","post","type-post","status-publish","format-standard","has-post-thumbnail","hentry","category-entrevistas"],"yoast_head":"<!-- This site is optimized with the Yoast SEO plugin v27.2 - https:\/\/yoast.com\/product\/yoast-seo-wordpress\/ -->\n<title>EN DEFENSA DE LA EDUCACI\u00d3N SUPERIOR: JUNTA DE FIRMAS PARA EL PROYECTO LEY DE FINANCIAMIENTO UNIVERSITARIO - Radio Universidad Villa Mercedes 97.5 | UNSL<\/title>\n<meta name=\"robots\" content=\"index, follow, max-snippet:-1, max-image-preview:large, max-video-preview:-1\" \/>\n<link rel=\"canonical\" href=\"https:\/\/radio.fcejs.unsl.edu.ar\/index.php\/en-defensa-de-la-educacion-superior-junta-de-firmas-para-el-proyecto-ley-de-financiamiento-universitario\/\" \/>\n<meta property=\"og:locale\" content=\"es_ES\" \/>\n<meta property=\"og:type\" content=\"article\" \/>\n<meta property=\"og:title\" content=\"EN DEFENSA DE LA EDUCACI\u00d3N SUPERIOR: JUNTA DE FIRMAS PARA EL PROYECTO LEY DE FINANCIAMIENTO UNIVERSITARIO - Radio Universidad Villa Mercedes 97.5 | UNSL\" \/>\n<meta property=\"og:description\" content=\"Viviana Mercado docente de la UNSL, y Secretaria General de ADU (Asociaci\u00f3n Docentes Universitarios), nos habl\u00f3 sobre la cr\u00edtica situaci\u00f3n de desfinanciamiento que atraviesan las Universidades p\u00fablicas de Argentina. En el marco de la Marcha Federal convocada en todo el pa\u00eds para este Jueves 26 de Junio, la docente brind\u00f3 detalles sobre las actividades previstas...\" \/>\n<meta property=\"og:url\" content=\"https:\/\/radio.fcejs.unsl.edu.ar\/index.php\/en-defensa-de-la-educacion-superior-junta-de-firmas-para-el-proyecto-ley-de-financiamiento-universitario\/\" \/>\n<meta property=\"og:site_name\" content=\"Radio Universidad Villa Mercedes 97.5 | UNSL\" \/>\n<meta property=\"article:published_time\" content=\"2025-06-26T16:45:18+00:00\" \/>\n<meta property=\"article:modified_time\" content=\"2025-06-26T16:46:23+00:00\" \/>\n<meta property=\"og:image\" content=\"http:\/\/radio.fcejs.unsl.edu.ar\/wp-content\/uploads\/2025\/06\/WhatsApp-Image-2025-06-25-at-19.12.27.jpeg\" \/>\n\t<meta property=\"og:image:width\" content=\"1204\" \/>\n\t<meta property=\"og:image:height\" content=\"1600\" \/>\n\t<meta property=\"og:image:type\" content=\"image\/jpeg\" \/>\n<meta name=\"author\" content=\"Virginia Aguilera\" \/>\n<meta name=\"twitter:card\" content=\"summary_large_image\" \/>\n<meta name=\"twitter:label1\" content=\"Escrito por\" \/>\n\t<meta name=\"twitter:data1\" content=\"Virginia Aguilera\" \/>\n\t<meta name=\"twitter:label2\" content=\"Tiempo de lectura\" \/>\n\t<meta name=\"twitter:data2\" content=\"2 minutos\" \/>\n<script type=\"application\/ld+json\" class=\"yoast-schema-graph\">{\"@context\":\"https:\/\/schema.org\",\"@graph\":[{\"@type\":\"Article\",\"@id\":\"https:\/\/radio.fcejs.unsl.edu.ar\/index.php\/en-defensa-de-la-educacion-superior-junta-de-firmas-para-el-proyecto-ley-de-financiamiento-universitario\/#article\",\"isPartOf\":{\"@id\":\"https:\/\/radio.fcejs.unsl.edu.ar\/index.php\/en-defensa-de-la-educacion-superior-junta-de-firmas-para-el-proyecto-ley-de-financiamiento-universitario\/\"},\"author\":{\"name\":\"Virginia Aguilera\",\"@id\":\"https:\/\/radio.fcejs.unsl.edu.ar\/#\/schema\/person\/71179a56ee499ac8cd4e46f865c627c7\"},\"headline\":\"EN DEFENSA DE LA EDUCACI\u00d3N SUPERIOR: JUNTA DE FIRMAS PARA EL PROYECTO LEY DE FINANCIAMIENTO UNIVERSITARIO\",\"datePublished\":\"2025-06-26T16:45:18+00:00\",\"dateModified\":\"2025-06-26T16:46:23+00:00\",\"mainEntityOfPage\":{\"@id\":\"https:\/\/radio.fcejs.unsl.edu.ar\/index.php\/en-defensa-de-la-educacion-superior-junta-de-firmas-para-el-proyecto-ley-de-financiamiento-universitario\/\"},\"wordCount\":435,\"publisher\":{\"@id\":\"https:\/\/radio.fcejs.unsl.edu.ar\/#organization\"},\"image\":{\"@id\":\"https:\/\/radio.fcejs.unsl.edu.ar\/index.php\/en-defensa-de-la-educacion-superior-junta-de-firmas-para-el-proyecto-ley-de-financiamiento-universitario\/#primaryimage\"},\"thumbnailUrl\":\"https:\/\/radio.fcejs.unsl.edu.ar\/wp-content\/uploads\/2025\/06\/WhatsApp-Image-2025-06-25-at-19.12.27.jpeg\",\"articleSection\":[\"Entrevistas\"],\"inLanguage\":\"es-AR\"},{\"@type\":\"WebPage\",\"@id\":\"https:\/\/radio.fcejs.unsl.edu.ar\/index.php\/en-defensa-de-la-educacion-superior-junta-de-firmas-para-el-proyecto-ley-de-financiamiento-universitario\/\",\"url\":\"https:\/\/radio.fcejs.unsl.edu.ar\/index.php\/en-defensa-de-la-educacion-superior-junta-de-firmas-para-el-proyecto-ley-de-financiamiento-universitario\/\",\"name\":\"EN DEFENSA DE LA EDUCACI\u00d3N SUPERIOR: JUNTA DE FIRMAS PARA EL PROYECTO LEY DE FINANCIAMIENTO UNIVERSITARIO - Radio Universidad Villa Mercedes 97.5 | UNSL\",\"isPartOf\":{\"@id\":\"https:\/\/radio.fcejs.unsl.edu.ar\/#website\"},\"primaryImageOfPage\":{\"@id\":\"https:\/\/radio.fcejs.unsl.edu.ar\/index.php\/en-defensa-de-la-educacion-superior-junta-de-firmas-para-el-proyecto-ley-de-financiamiento-universitario\/#primaryimage\"},\"image\":{\"@id\":\"https:\/\/radio.fcejs.unsl.edu.ar\/index.php\/en-defensa-de-la-educacion-superior-junta-de-firmas-para-el-proyecto-ley-de-financiamiento-universitario\/#primaryimage\"},\"thumbnailUrl\":\"https:\/\/radio.fcejs.unsl.edu.ar\/wp-content\/uploads\/2025\/06\/WhatsApp-Image-2025-06-25-at-19.12.27.jpeg\",\"datePublished\":\"2025-06-26T16:45:18+00:00\",\"dateModified\":\"2025-06-26T16:46:23+00:00\",\"breadcrumb\":{\"@id\":\"https:\/\/radio.fcejs.unsl.edu.ar\/index.php\/en-defensa-de-la-educacion-superior-junta-de-firmas-para-el-proyecto-ley-de-financiamiento-universitario\/#breadcrumb\"},\"inLanguage\":\"es-AR\",\"potentialAction\":[{\"@type\":\"ReadAction\",\"target\":[\"https:\/\/radio.fcejs.unsl.edu.ar\/index.php\/en-defensa-de-la-educacion-superior-junta-de-firmas-para-el-proyecto-ley-de-financiamiento-universitario\/\"]}]},{\"@type\":\"ImageObject\",\"inLanguage\":\"es-AR\",\"@id\":\"https:\/\/radio.fcejs.unsl.edu.ar\/index.php\/en-defensa-de-la-educacion-superior-junta-de-firmas-para-el-proyecto-ley-de-financiamiento-universitario\/#primaryimage\",\"url\":\"https:\/\/radio.fcejs.unsl.edu.ar\/wp-content\/uploads\/2025\/06\/WhatsApp-Image-2025-06-25-at-19.12.27.jpeg\",\"contentUrl\":\"https:\/\/radio.fcejs.unsl.edu.ar\/wp-content\/uploads\/2025\/06\/WhatsApp-Image-2025-06-25-at-19.12.27.jpeg\",\"width\":1204,\"height\":1600},{\"@type\":\"BreadcrumbList\",\"@id\":\"https:\/\/radio.fcejs.unsl.edu.ar\/index.php\/en-defensa-de-la-educacion-superior-junta-de-firmas-para-el-proyecto-ley-de-financiamiento-universitario\/#breadcrumb\",\"itemListElement\":[{\"@type\":\"ListItem\",\"position\":1,\"name\":\"Inicio\",\"item\":\"https:\/\/radio.fcejs.unsl.edu.ar\/\"},{\"@type\":\"ListItem\",\"position\":2,\"name\":\"EN DEFENSA DE LA EDUCACI\u00d3N SUPERIOR: JUNTA DE FIRMAS PARA EL PROYECTO LEY DE FINANCIAMIENTO UNIVERSITARIO\"}]},{\"@type\":\"WebSite\",\"@id\":\"https:\/\/radio.fcejs.unsl.edu.ar\/#website\",\"url\":\"https:\/\/radio.fcejs.unsl.edu.ar\/\",\"name\":\"Radio Universidad Villa Mercedes 97.5 | UNSL\",\"description\":\"UNSL\",\"publisher\":{\"@id\":\"https:\/\/radio.fcejs.unsl.edu.ar\/#organization\"},\"potentialAction\":[{\"@type\":\"SearchAction\",\"target\":{\"@type\":\"EntryPoint\",\"urlTemplate\":\"https:\/\/radio.fcejs.unsl.edu.ar\/?s={search_term_string}\"},\"query-input\":{\"@type\":\"PropertyValueSpecification\",\"valueRequired\":true,\"valueName\":\"search_term_string\"}}],\"inLanguage\":\"es-AR\"},{\"@type\":\"Organization\",\"@id\":\"https:\/\/radio.fcejs.unsl.edu.ar\/#organization\",\"name\":\"Radio Universidad Villa Mercedes 97.5 | UNSL\",\"url\":\"https:\/\/radio.fcejs.unsl.edu.ar\/\",\"logo\":{\"@type\":\"ImageObject\",\"inLanguage\":\"es-AR\",\"@id\":\"https:\/\/radio.fcejs.unsl.edu.ar\/#\/schema\/logo\/image\/\",\"url\":\"https:\/\/radio.fcejs.unsl.edu.ar\/wp-content\/uploads\/2023\/12\/cropped-radio-villa-mercedes-97-5.png\",\"contentUrl\":\"https:\/\/radio.fcejs.unsl.edu.ar\/wp-content\/uploads\/2023\/12\/cropped-radio-villa-mercedes-97-5.png\",\"width\":908,\"height\":289,\"caption\":\"Radio Universidad Villa Mercedes 97.5 | UNSL\"},\"image\":{\"@id\":\"https:\/\/radio.fcejs.unsl.edu.ar\/#\/schema\/logo\/image\/\"}},{\"@type\":\"Person\",\"@id\":\"https:\/\/radio.fcejs.unsl.edu.ar\/#\/schema\/person\/71179a56ee499ac8cd4e46f865c627c7\",\"name\":\"Virginia Aguilera\",\"url\":\"https:\/\/radio.fcejs.unsl.edu.ar\/index.php\/author\/viraguilera\/\"}]}<\/script>\n<!-- \/ Yoast SEO plugin. -->","yoast_head_json":{"title":"EN DEFENSA DE LA EDUCACI\u00d3N SUPERIOR: JUNTA DE FIRMAS PARA EL PROYECTO LEY DE FINANCIAMIENTO UNIVERSITARIO - Radio Universidad Villa Mercedes 97.5 | UNSL","robots":{"index":"index","follow":"follow","max-snippet":"max-snippet:-1","max-image-preview":"max-image-preview:large","max-video-preview":"max-video-preview:-1"},"canonical":"https:\/\/radio.fcejs.unsl.edu.ar\/index.php\/en-defensa-de-la-educacion-superior-junta-de-firmas-para-el-proyecto-ley-de-financiamiento-universitario\/","og_locale":"es_ES","og_type":"article","og_title":"EN DEFENSA DE LA EDUCACI\u00d3N SUPERIOR: JUNTA DE FIRMAS PARA EL PROYECTO LEY DE FINANCIAMIENTO UNIVERSITARIO - Radio Universidad Villa Mercedes 97.5 | UNSL","og_description":"Viviana Mercado docente de la UNSL, y Secretaria General de ADU (Asociaci\u00f3n Docentes Universitarios), nos habl\u00f3 sobre la cr\u00edtica situaci\u00f3n de desfinanciamiento que atraviesan las Universidades p\u00fablicas de Argentina. En el marco de la Marcha Federal convocada en todo el pa\u00eds para este Jueves 26 de Junio, la docente brind\u00f3 detalles sobre las actividades previstas...","og_url":"https:\/\/radio.fcejs.unsl.edu.ar\/index.php\/en-defensa-de-la-educacion-superior-junta-de-firmas-para-el-proyecto-ley-de-financiamiento-universitario\/","og_site_name":"Radio Universidad Villa Mercedes 97.5 | UNSL","article_published_time":"2025-06-26T16:45:18+00:00","article_modified_time":"2025-06-26T16:46:23+00:00","og_image":[{"width":1204,"height":1600,"url":"http:\/\/radio.fcejs.unsl.edu.ar\/wp-content\/uploads\/2025\/06\/WhatsApp-Image-2025-06-25-at-19.12.27.jpeg","type":"image\/jpeg"}],"author":"Virginia Aguilera","twitter_card":"summary_large_image","twitter_misc":{"Escrito por":"Virginia Aguilera","Tiempo de lectura":"2 minutos"},"schema":{"@context":"https:\/\/schema.org","@graph":[{"@type":"Article","@id":"https:\/\/radio.fcejs.unsl.edu.ar\/index.php\/en-defensa-de-la-educacion-superior-junta-de-firmas-para-el-proyecto-ley-de-financiamiento-universitario\/#article","isPartOf":{"@id":"https:\/\/radio.fcejs.unsl.edu.ar\/index.php\/en-defensa-de-la-educacion-superior-junta-de-firmas-para-el-proyecto-ley-de-financiamiento-universitario\/"},"author":{"name":"Virginia Aguilera","@id":"https:\/\/radio.fcejs.unsl.edu.ar\/#\/schema\/person\/71179a56ee499ac8cd4e46f865c627c7"},"headline":"EN DEFENSA DE LA EDUCACI\u00d3N SUPERIOR: JUNTA DE FIRMAS PARA EL PROYECTO LEY DE FINANCIAMIENTO UNIVERSITARIO","datePublished":"2025-06-26T16:45:18+00:00","dateModified":"2025-06-26T16:46:23+00:00","mainEntityOfPage":{"@id":"https:\/\/radio.fcejs.unsl.edu.ar\/index.php\/en-defensa-de-la-educacion-superior-junta-de-firmas-para-el-proyecto-ley-de-financiamiento-universitario\/"},"wordCount":435,"publisher":{"@id":"https:\/\/radio.fcejs.unsl.edu.ar\/#organization"},"image":{"@id":"https:\/\/radio.fcejs.unsl.edu.ar\/index.php\/en-defensa-de-la-educacion-superior-junta-de-firmas-para-el-proyecto-ley-de-financiamiento-universitario\/#primaryimage"},"thumbnailUrl":"https:\/\/radio.fcejs.unsl.edu.ar\/wp-content\/uploads\/2025\/06\/WhatsApp-Image-2025-06-25-at-19.12.27.jpeg","articleSection":["Entrevistas"],"inLanguage":"es-AR"},{"@type":"WebPage","@id":"https:\/\/radio.fcejs.unsl.edu.ar\/index.php\/en-defensa-de-la-educacion-superior-junta-de-firmas-para-el-proyecto-ley-de-financiamiento-universitario\/","url":"https:\/\/radio.fcejs.unsl.edu.ar\/index.php\/en-defensa-de-la-educacion-superior-junta-de-firmas-para-el-proyecto-ley-de-financiamiento-universitario\/","name":"EN DEFENSA DE LA EDUCACI\u00d3N SUPERIOR: JUNTA DE FIRMAS PARA EL PROYECTO LEY DE FINANCIAMIENTO UNIVERSITARIO - Radio Universidad Villa Mercedes 97.5 | UNSL","isPartOf":{"@id":"https:\/\/radio.fcejs.unsl.edu.ar\/#website"},"primaryImageOfPage":{"@id":"https:\/\/radio.fcejs.unsl.edu.ar\/index.php\/en-defensa-de-la-educacion-superior-junta-de-firmas-para-el-proyecto-ley-de-financiamiento-universitario\/#primaryimage"},"image":{"@id":"https:\/\/radio.fcejs.unsl.edu.ar\/index.php\/en-defensa-de-la-educacion-superior-junta-de-firmas-para-el-proyecto-ley-de-financiamiento-universitario\/#primaryimage"},"thumbnailUrl":"https:\/\/radio.fcejs.unsl.edu.ar\/wp-content\/uploads\/2025\/06\/WhatsApp-Image-2025-06-25-at-19.12.27.jpeg","datePublished":"2025-06-26T16:45:18+00:00","dateModified":"2025-06-26T16:46:23+00:00","breadcrumb":{"@id":"https:\/\/radio.fcejs.unsl.edu.ar\/index.php\/en-defensa-de-la-educacion-superior-junta-de-firmas-para-el-proyecto-ley-de-financiamiento-universitario\/#breadcrumb"},"inLanguage":"es-AR","potentialAction":[{"@type":"ReadAction","target":["https:\/\/radio.fcejs.unsl.edu.ar\/index.php\/en-defensa-de-la-educacion-superior-junta-de-firmas-para-el-proyecto-ley-de-financiamiento-universitario\/"]}]},{"@type":"ImageObject","inLanguage":"es-AR","@id":"https:\/\/radio.fcejs.unsl.edu.ar\/index.php\/en-defensa-de-la-educacion-superior-junta-de-firmas-para-el-proyecto-ley-de-financiamiento-universitario\/#primaryimage","url":"https:\/\/radio.fcejs.unsl.edu.ar\/wp-content\/uploads\/2025\/06\/WhatsApp-Image-2025-06-25-at-19.12.27.jpeg","contentUrl":"https:\/\/radio.fcejs.unsl.edu.ar\/wp-content\/uploads\/2025\/06\/WhatsApp-Image-2025-06-25-at-19.12.27.jpeg","width":1204,"height":1600},{"@type":"BreadcrumbList","@id":"https:\/\/radio.fcejs.unsl.edu.ar\/index.php\/en-defensa-de-la-educacion-superior-junta-de-firmas-para-el-proyecto-ley-de-financiamiento-universitario\/#breadcrumb","itemListElement":[{"@type":"ListItem","position":1,"name":"Inicio","item":"https:\/\/radio.fcejs.unsl.edu.ar\/"},{"@type":"ListItem","position":2,"name":"EN DEFENSA DE LA EDUCACI\u00d3N SUPERIOR: JUNTA DE FIRMAS PARA EL PROYECTO LEY DE FINANCIAMIENTO UNIVERSITARIO"}]},{"@type":"WebSite","@id":"https:\/\/radio.fcejs.unsl.edu.ar\/#website","url":"https:\/\/radio.fcejs.unsl.edu.ar\/","name":"Radio Universidad Villa Mercedes 97.5 | UNSL","description":"UNSL","publisher":{"@id":"https:\/\/radio.fcejs.unsl.edu.ar\/#organization"},"potentialAction":[{"@type":"SearchAction","target":{"@type":"EntryPoint","urlTemplate":"https:\/\/radio.fcejs.unsl.edu.ar\/?s={search_term_string}"},"query-input":{"@type":"PropertyValueSpecification","valueRequired":true,"valueName":"search_term_string"}}],"inLanguage":"es-AR"},{"@type":"Organization","@id":"https:\/\/radio.fcejs.unsl.edu.ar\/#organization","name":"Radio Universidad Villa Mercedes 97.5 | UNSL","url":"https:\/\/radio.fcejs.unsl.edu.ar\/","logo":{"@type":"ImageObject","inLanguage":"es-AR","@id":"https:\/\/radio.fcejs.unsl.edu.ar\/#\/schema\/logo\/image\/","url":"https:\/\/radio.fcejs.unsl.edu.ar\/wp-content\/uploads\/2023\/12\/cropped-radio-villa-mercedes-97-5.png","contentUrl":"https:\/\/radio.fcejs.unsl.edu.ar\/wp-content\/uploads\/2023\/12\/cropped-radio-villa-mercedes-97-5.png","width":908,"height":289,"caption":"Radio Universidad Villa Mercedes 97.5 | UNSL"},"image":{"@id":"https:\/\/radio.fcejs.unsl.edu.ar\/#\/schema\/logo\/image\/"}},{"@type":"Person","@id":"https:\/\/radio.fcejs.unsl.edu.ar\/#\/schema\/person\/71179a56ee499ac8cd4e46f865c627c7","name":"Virginia Aguilera","url":"https:\/\/radio.fcejs.unsl.edu.ar\/index.php\/author\/viraguilera\/"}]}},"_links":{"self":[{"href":"https:\/\/radio.fcejs.unsl.edu.ar\/index.php\/wp-json\/wp\/v2\/posts\/3077","targetHints":{"allow":["GET"]}}],"collection":[{"href":"https:\/\/radio.fcejs.unsl.edu.ar\/index.php\/wp-json\/wp\/v2\/posts"}],"about":[{"href":"https:\/\/radio.fcejs.unsl.edu.ar\/index.php\/wp-json\/wp\/v2\/types\/post"}],"author":[{"embeddable":true,"href":"https:\/\/radio.fcejs.unsl.edu.ar\/index.php\/wp-json\/wp\/v2\/users\/5"}],"replies":[{"embeddable":true,"href":"https:\/\/radio.fcejs.unsl.edu.ar\/index.php\/wp-json\/wp\/v2\/comments?post=3077"}],"version-history":[{"count":2,"href":"https:\/\/radio.fcejs.unsl.edu.ar\/index.php\/wp-json\/wp\/v2\/posts\/3077\/revisions"}],"predecessor-version":[{"id":3080,"href":"https:\/\/radio.fcejs.unsl.edu.ar\/index.php\/wp-json\/wp\/v2\/posts\/3077\/revisions\/3080"}],"wp:featuredmedia":[{"embeddable":true,"href":"https:\/\/radio.fcejs.unsl.edu.ar\/index.php\/wp-json\/wp\/v2\/media\/3078"}],"wp:attachment":[{"href":"https:\/\/radio.fcejs.unsl.edu.ar\/index.php\/wp-json\/wp\/v2\/media?parent=3077"}],"wp:term":[{"taxonomy":"category","embeddable":true,"href":"https:\/\/radio.fcejs.unsl.edu.ar\/index.php\/wp-json\/wp\/v2\/categories?post=3077"},{"taxonomy":"post_tag","embeddable":true,"href":"https:\/\/radio.fcejs.unsl.edu.ar\/index.php\/wp-json\/wp\/v2\/tags?post=3077"}],"curies":[{"name":"wp","href":"https:\/\/api.w.org\/{rel}","templated":true}]}}