{"id":2986,"date":"2025-06-09T18:09:13","date_gmt":"2025-06-09T21:09:13","guid":{"rendered":"https:\/\/radio.fcejs.unsl.edu.ar\/?p=2986"},"modified":"2025-06-09T18:09:13","modified_gmt":"2025-06-09T21:09:13","slug":"de-las-aulas-de-la-fica-en-villa-mercedes-a-la-ciudad-de-haifa-en-israel","status":"publish","type":"post","link":"https:\/\/radio.fcejs.unsl.edu.ar\/index.php\/de-las-aulas-de-la-fica-en-villa-mercedes-a-la-ciudad-de-haifa-en-israel\/","title":{"rendered":"De las aulas de la FICA en Villa Mercedes, a la ciudad de Haifa en Israel"},"content":{"rendered":"<p>Entrevistamos a Joaqu\u00edn Herbalejo, estudiante avanzado de Ingenier\u00eda Mecatr\u00f3nica en la Facultad de Ingenier\u00eda y Ciencias Agropecuarias de la UNSL.<\/p>\n<p>El estudiante ha sido becario de la fundaci\u00f3n YPF. Y recientemente ha sido seleccionado por la Fundaci\u00f3n, en la convocatoria Technion, convirti\u00e9ndolo en ganador y beneficiario de un viaje a Haifa Israel, en donde tendr\u00e1 la posibilidad de pasar una estad\u00eda completa en una escuela de verano en la Universidad Tecnol\u00f3gica de Israel.<\/p>\n<p>\u201cEstoy emocionado, porque la verdad es que fue algo inesperado. Fue una propuesta que nos hicieron all\u00e1 por marzo a un grupo de becarios de Fundaci\u00f3n YPF, nos enviaron un mail con la propuesta, y bueno, la verdad es que me postul\u00e9 mandando todas las bases y condiciones que ped\u00edan, obviamente con la ilusi\u00f3n de quedar ten\u00edas las esperanzas, y al final qued\u00e9, as\u00ed que estoy muy entusiasmado\u201d, manifest\u00f3 Joaqu\u00edn.<\/p>\n<p>Sobre las actividades que puedan desarrollarse en Israel durante su estad\u00eda manifest\u00f3: \u201cSe trata de un summer camp, una escuela de verano, en la Universidad Tecnol\u00f3gica de Israel, en Instituto Technion, donde durante el mes de julio voy a estar trabajando en un proyecto de investigaci\u00f3n, en la Faculta de Ingenier\u00eda Mec\u00e1nica, y al final de todo ese mes voy a hacer una exposici\u00f3n de todo el trabajo que realic\u00e9 durante ese tiempo\u201d. El estudiante resalt\u00f3 que las herramientas que pudo adquirir en estos a\u00f1o en la FICA le han servido como becario y le servir\u00e1n ahora en esta nueva experiencia.<\/p>\n<p>Todos los detalles en la siguiente nota:<\/p>\n<audio class=\"wp-audio-shortcode\" id=\"audio-2986-1\" preload=\"none\" style=\"width: 100%;\" controls=\"controls\"><source type=\"audio\/mpeg\" src=\"https:\/\/radioupload.fica.unsl.edu.ar\/files\/jb\/Joaqu%C3%ADn%20Herbalejo%20Becario%20YPG-%20ganador%20de%20un%20summer%20camp%20en%20Isarel.mp3?_=1\" \/><a href=\"https:\/\/radioupload.fica.unsl.edu.ar\/files\/jb\/Joaqu%C3%ADn%20Herbalejo%20Becario%20YPG-%20ganador%20de%20un%20summer%20camp%20en%20Isarel.mp3\">https:\/\/radioupload.fica.unsl.edu.ar\/files\/jb\/Joaqu%C3%ADn%20Herbalejo%20Becario%20YPG-%20ganador%20de%20un%20summer%20camp%20en%20Isarel.mp3<\/a><\/audio>\n<p>&nbsp;<\/p>\n<p>Entrevista: Virginia Aguilera- Radio UNSL en Villa Mercedes.-<\/p>\n","protected":false},"excerpt":{"rendered":"<p>Entrevistamos a Joaqu\u00edn Herbalejo, estudiante avanzado de Ingenier\u00eda Mecatr\u00f3nica en la Facultad de Ingenier\u00eda y Ciencias Agropecuarias de la UNSL. El estudiante ha sido becario de la fundaci\u00f3n YPF. Y recientemente ha sido seleccionado por la Fundaci\u00f3n, en la convocatoria Technion, convirti\u00e9ndolo en ganador y beneficiario de un viaje a Haifa Israel, en donde tendr\u00e1&#8230;<\/p>\n","protected":false},"author":5,"featured_media":2987,"comment_status":"closed","ping_status":"closed","sticky":false,"template":"","format":"standard","meta":{"_kad_post_transparent":"default","_kad_post_title":"default","_kad_post_layout":"default","_kad_post_sidebar_id":"","_kad_post_content_style":"default","_kad_post_vertical_padding":"default","_kad_post_feature":"","_kad_post_feature_position":"","_kad_post_header":false,"_kad_post_footer":false,"_kad_post_classname":"","footnotes":""},"categories":[14],"tags":[],"class_list":["post-2986","post","type-post","status-publish","format-standard","has-post-thumbnail","hentry","category-entrevistas"],"yoast_head":"<!-- This site is optimized with the Yoast SEO plugin v27.2 - https:\/\/yoast.com\/product\/yoast-seo-wordpress\/ -->\n<title>De las aulas de la FICA en Villa Mercedes, a la ciudad de Haifa en Israel - Radio Universidad Villa Mercedes 97.5 | UNSL<\/title>\n<meta name=\"robots\" content=\"index, follow, max-snippet:-1, max-image-preview:large, max-video-preview:-1\" \/>\n<link rel=\"canonical\" href=\"https:\/\/radio.fcejs.unsl.edu.ar\/index.php\/de-las-aulas-de-la-fica-en-villa-mercedes-a-la-ciudad-de-haifa-en-israel\/\" \/>\n<meta property=\"og:locale\" content=\"es_ES\" \/>\n<meta property=\"og:type\" content=\"article\" \/>\n<meta property=\"og:title\" content=\"De las aulas de la FICA en Villa Mercedes, a la ciudad de Haifa en Israel - Radio Universidad Villa Mercedes 97.5 | UNSL\" \/>\n<meta property=\"og:description\" content=\"Entrevistamos a Joaqu\u00edn Herbalejo, estudiante avanzado de Ingenier\u00eda Mecatr\u00f3nica en la Facultad de Ingenier\u00eda y Ciencias Agropecuarias de la UNSL. El estudiante ha sido becario de la fundaci\u00f3n YPF. Y recientemente ha sido seleccionado por la Fundaci\u00f3n, en la convocatoria Technion, convirti\u00e9ndolo en ganador y beneficiario de un viaje a Haifa Israel, en donde tendr\u00e1...\" \/>\n<meta property=\"og:url\" content=\"https:\/\/radio.fcejs.unsl.edu.ar\/index.php\/de-las-aulas-de-la-fica-en-villa-mercedes-a-la-ciudad-de-haifa-en-israel\/\" \/>\n<meta property=\"og:site_name\" content=\"Radio Universidad Villa Mercedes 97.5 | UNSL\" \/>\n<meta property=\"article:published_time\" content=\"2025-06-09T21:09:13+00:00\" \/>\n<meta property=\"og:image\" content=\"http:\/\/radio.fcejs.unsl.edu.ar\/wp-content\/uploads\/2025\/06\/WhatsApp-Image-2025-06-06-at-13.41.00.jpeg\" \/>\n\t<meta property=\"og:image:width\" content=\"1600\" \/>\n\t<meta property=\"og:image:height\" content=\"1200\" \/>\n\t<meta property=\"og:image:type\" content=\"image\/jpeg\" \/>\n<meta name=\"author\" content=\"Virginia Aguilera\" \/>\n<meta name=\"twitter:card\" content=\"summary_large_image\" \/>\n<meta name=\"twitter:label1\" content=\"Escrito por\" \/>\n\t<meta name=\"twitter:data1\" content=\"Virginia Aguilera\" \/>\n\t<meta name=\"twitter:label2\" content=\"Tiempo de lectura\" \/>\n\t<meta name=\"twitter:data2\" content=\"2 minutos\" \/>\n<script type=\"application\/ld+json\" class=\"yoast-schema-graph\">{\"@context\":\"https:\/\/schema.org\",\"@graph\":[{\"@type\":\"Article\",\"@id\":\"https:\/\/radio.fcejs.unsl.edu.ar\/index.php\/de-las-aulas-de-la-fica-en-villa-mercedes-a-la-ciudad-de-haifa-en-israel\/#article\",\"isPartOf\":{\"@id\":\"https:\/\/radio.fcejs.unsl.edu.ar\/index.php\/de-las-aulas-de-la-fica-en-villa-mercedes-a-la-ciudad-de-haifa-en-israel\/\"},\"author\":{\"name\":\"Virginia Aguilera\",\"@id\":\"https:\/\/radio.fcejs.unsl.edu.ar\/#\/schema\/person\/71179a56ee499ac8cd4e46f865c627c7\"},\"headline\":\"De las aulas de la FICA en Villa Mercedes, a la ciudad de Haifa en Israel\",\"datePublished\":\"2025-06-09T21:09:13+00:00\",\"mainEntityOfPage\":{\"@id\":\"https:\/\/radio.fcejs.unsl.edu.ar\/index.php\/de-las-aulas-de-la-fica-en-villa-mercedes-a-la-ciudad-de-haifa-en-israel\/\"},\"wordCount\":322,\"publisher\":{\"@id\":\"https:\/\/radio.fcejs.unsl.edu.ar\/#organization\"},\"image\":{\"@id\":\"https:\/\/radio.fcejs.unsl.edu.ar\/index.php\/de-las-aulas-de-la-fica-en-villa-mercedes-a-la-ciudad-de-haifa-en-israel\/#primaryimage\"},\"thumbnailUrl\":\"https:\/\/radio.fcejs.unsl.edu.ar\/wp-content\/uploads\/2025\/06\/WhatsApp-Image-2025-06-06-at-13.41.00.jpeg\",\"articleSection\":[\"Entrevistas\"],\"inLanguage\":\"es-AR\"},{\"@type\":\"WebPage\",\"@id\":\"https:\/\/radio.fcejs.unsl.edu.ar\/index.php\/de-las-aulas-de-la-fica-en-villa-mercedes-a-la-ciudad-de-haifa-en-israel\/\",\"url\":\"https:\/\/radio.fcejs.unsl.edu.ar\/index.php\/de-las-aulas-de-la-fica-en-villa-mercedes-a-la-ciudad-de-haifa-en-israel\/\",\"name\":\"De las aulas de la FICA en Villa Mercedes, a la ciudad de Haifa en Israel - Radio Universidad Villa Mercedes 97.5 | UNSL\",\"isPartOf\":{\"@id\":\"https:\/\/radio.fcejs.unsl.edu.ar\/#website\"},\"primaryImageOfPage\":{\"@id\":\"https:\/\/radio.fcejs.unsl.edu.ar\/index.php\/de-las-aulas-de-la-fica-en-villa-mercedes-a-la-ciudad-de-haifa-en-israel\/#primaryimage\"},\"image\":{\"@id\":\"https:\/\/radio.fcejs.unsl.edu.ar\/index.php\/de-las-aulas-de-la-fica-en-villa-mercedes-a-la-ciudad-de-haifa-en-israel\/#primaryimage\"},\"thumbnailUrl\":\"https:\/\/radio.fcejs.unsl.edu.ar\/wp-content\/uploads\/2025\/06\/WhatsApp-Image-2025-06-06-at-13.41.00.jpeg\",\"datePublished\":\"2025-06-09T21:09:13+00:00\",\"breadcrumb\":{\"@id\":\"https:\/\/radio.fcejs.unsl.edu.ar\/index.php\/de-las-aulas-de-la-fica-en-villa-mercedes-a-la-ciudad-de-haifa-en-israel\/#breadcrumb\"},\"inLanguage\":\"es-AR\",\"potentialAction\":[{\"@type\":\"ReadAction\",\"target\":[\"https:\/\/radio.fcejs.unsl.edu.ar\/index.php\/de-las-aulas-de-la-fica-en-villa-mercedes-a-la-ciudad-de-haifa-en-israel\/\"]}]},{\"@type\":\"ImageObject\",\"inLanguage\":\"es-AR\",\"@id\":\"https:\/\/radio.fcejs.unsl.edu.ar\/index.php\/de-las-aulas-de-la-fica-en-villa-mercedes-a-la-ciudad-de-haifa-en-israel\/#primaryimage\",\"url\":\"https:\/\/radio.fcejs.unsl.edu.ar\/wp-content\/uploads\/2025\/06\/WhatsApp-Image-2025-06-06-at-13.41.00.jpeg\",\"contentUrl\":\"https:\/\/radio.fcejs.unsl.edu.ar\/wp-content\/uploads\/2025\/06\/WhatsApp-Image-2025-06-06-at-13.41.00.jpeg\",\"width\":1600,\"height\":1200},{\"@type\":\"BreadcrumbList\",\"@id\":\"https:\/\/radio.fcejs.unsl.edu.ar\/index.php\/de-las-aulas-de-la-fica-en-villa-mercedes-a-la-ciudad-de-haifa-en-israel\/#breadcrumb\",\"itemListElement\":[{\"@type\":\"ListItem\",\"position\":1,\"name\":\"Inicio\",\"item\":\"https:\/\/radio.fcejs.unsl.edu.ar\/\"},{\"@type\":\"ListItem\",\"position\":2,\"name\":\"De las aulas de la FICA en Villa Mercedes, a la ciudad de Haifa en Israel\"}]},{\"@type\":\"WebSite\",\"@id\":\"https:\/\/radio.fcejs.unsl.edu.ar\/#website\",\"url\":\"https:\/\/radio.fcejs.unsl.edu.ar\/\",\"name\":\"Radio Universidad Villa Mercedes 97.5 | UNSL\",\"description\":\"UNSL\",\"publisher\":{\"@id\":\"https:\/\/radio.fcejs.unsl.edu.ar\/#organization\"},\"potentialAction\":[{\"@type\":\"SearchAction\",\"target\":{\"@type\":\"EntryPoint\",\"urlTemplate\":\"https:\/\/radio.fcejs.unsl.edu.ar\/?s={search_term_string}\"},\"query-input\":{\"@type\":\"PropertyValueSpecification\",\"valueRequired\":true,\"valueName\":\"search_term_string\"}}],\"inLanguage\":\"es-AR\"},{\"@type\":\"Organization\",\"@id\":\"https:\/\/radio.fcejs.unsl.edu.ar\/#organization\",\"name\":\"Radio Universidad Villa Mercedes 97.5 | UNSL\",\"url\":\"https:\/\/radio.fcejs.unsl.edu.ar\/\",\"logo\":{\"@type\":\"ImageObject\",\"inLanguage\":\"es-AR\",\"@id\":\"https:\/\/radio.fcejs.unsl.edu.ar\/#\/schema\/logo\/image\/\",\"url\":\"https:\/\/radio.fcejs.unsl.edu.ar\/wp-content\/uploads\/2023\/12\/cropped-radio-villa-mercedes-97-5.png\",\"contentUrl\":\"https:\/\/radio.fcejs.unsl.edu.ar\/wp-content\/uploads\/2023\/12\/cropped-radio-villa-mercedes-97-5.png\",\"width\":908,\"height\":289,\"caption\":\"Radio Universidad Villa Mercedes 97.5 | UNSL\"},\"image\":{\"@id\":\"https:\/\/radio.fcejs.unsl.edu.ar\/#\/schema\/logo\/image\/\"}},{\"@type\":\"Person\",\"@id\":\"https:\/\/radio.fcejs.unsl.edu.ar\/#\/schema\/person\/71179a56ee499ac8cd4e46f865c627c7\",\"name\":\"Virginia Aguilera\",\"url\":\"https:\/\/radio.fcejs.unsl.edu.ar\/index.php\/author\/viraguilera\/\"}]}<\/script>\n<!-- \/ Yoast SEO plugin. -->","yoast_head_json":{"title":"De las aulas de la FICA en Villa Mercedes, a la ciudad de Haifa en Israel - Radio Universidad Villa Mercedes 97.5 | UNSL","robots":{"index":"index","follow":"follow","max-snippet":"max-snippet:-1","max-image-preview":"max-image-preview:large","max-video-preview":"max-video-preview:-1"},"canonical":"https:\/\/radio.fcejs.unsl.edu.ar\/index.php\/de-las-aulas-de-la-fica-en-villa-mercedes-a-la-ciudad-de-haifa-en-israel\/","og_locale":"es_ES","og_type":"article","og_title":"De las aulas de la FICA en Villa Mercedes, a la ciudad de Haifa en Israel - Radio Universidad Villa Mercedes 97.5 | UNSL","og_description":"Entrevistamos a Joaqu\u00edn Herbalejo, estudiante avanzado de Ingenier\u00eda Mecatr\u00f3nica en la Facultad de Ingenier\u00eda y Ciencias Agropecuarias de la UNSL. El estudiante ha sido becario de la fundaci\u00f3n YPF. Y recientemente ha sido seleccionado por la Fundaci\u00f3n, en la convocatoria Technion, convirti\u00e9ndolo en ganador y beneficiario de un viaje a Haifa Israel, en donde tendr\u00e1...","og_url":"https:\/\/radio.fcejs.unsl.edu.ar\/index.php\/de-las-aulas-de-la-fica-en-villa-mercedes-a-la-ciudad-de-haifa-en-israel\/","og_site_name":"Radio Universidad Villa Mercedes 97.5 | UNSL","article_published_time":"2025-06-09T21:09:13+00:00","og_image":[{"width":1600,"height":1200,"url":"http:\/\/radio.fcejs.unsl.edu.ar\/wp-content\/uploads\/2025\/06\/WhatsApp-Image-2025-06-06-at-13.41.00.jpeg","type":"image\/jpeg"}],"author":"Virginia Aguilera","twitter_card":"summary_large_image","twitter_misc":{"Escrito por":"Virginia Aguilera","Tiempo de lectura":"2 minutos"},"schema":{"@context":"https:\/\/schema.org","@graph":[{"@type":"Article","@id":"https:\/\/radio.fcejs.unsl.edu.ar\/index.php\/de-las-aulas-de-la-fica-en-villa-mercedes-a-la-ciudad-de-haifa-en-israel\/#article","isPartOf":{"@id":"https:\/\/radio.fcejs.unsl.edu.ar\/index.php\/de-las-aulas-de-la-fica-en-villa-mercedes-a-la-ciudad-de-haifa-en-israel\/"},"author":{"name":"Virginia Aguilera","@id":"https:\/\/radio.fcejs.unsl.edu.ar\/#\/schema\/person\/71179a56ee499ac8cd4e46f865c627c7"},"headline":"De las aulas de la FICA en Villa Mercedes, a la ciudad de Haifa en Israel","datePublished":"2025-06-09T21:09:13+00:00","mainEntityOfPage":{"@id":"https:\/\/radio.fcejs.unsl.edu.ar\/index.php\/de-las-aulas-de-la-fica-en-villa-mercedes-a-la-ciudad-de-haifa-en-israel\/"},"wordCount":322,"publisher":{"@id":"https:\/\/radio.fcejs.unsl.edu.ar\/#organization"},"image":{"@id":"https:\/\/radio.fcejs.unsl.edu.ar\/index.php\/de-las-aulas-de-la-fica-en-villa-mercedes-a-la-ciudad-de-haifa-en-israel\/#primaryimage"},"thumbnailUrl":"https:\/\/radio.fcejs.unsl.edu.ar\/wp-content\/uploads\/2025\/06\/WhatsApp-Image-2025-06-06-at-13.41.00.jpeg","articleSection":["Entrevistas"],"inLanguage":"es-AR"},{"@type":"WebPage","@id":"https:\/\/radio.fcejs.unsl.edu.ar\/index.php\/de-las-aulas-de-la-fica-en-villa-mercedes-a-la-ciudad-de-haifa-en-israel\/","url":"https:\/\/radio.fcejs.unsl.edu.ar\/index.php\/de-las-aulas-de-la-fica-en-villa-mercedes-a-la-ciudad-de-haifa-en-israel\/","name":"De las aulas de la FICA en Villa Mercedes, a la ciudad de Haifa en Israel - Radio Universidad Villa Mercedes 97.5 | UNSL","isPartOf":{"@id":"https:\/\/radio.fcejs.unsl.edu.ar\/#website"},"primaryImageOfPage":{"@id":"https:\/\/radio.fcejs.unsl.edu.ar\/index.php\/de-las-aulas-de-la-fica-en-villa-mercedes-a-la-ciudad-de-haifa-en-israel\/#primaryimage"},"image":{"@id":"https:\/\/radio.fcejs.unsl.edu.ar\/index.php\/de-las-aulas-de-la-fica-en-villa-mercedes-a-la-ciudad-de-haifa-en-israel\/#primaryimage"},"thumbnailUrl":"https:\/\/radio.fcejs.unsl.edu.ar\/wp-content\/uploads\/2025\/06\/WhatsApp-Image-2025-06-06-at-13.41.00.jpeg","datePublished":"2025-06-09T21:09:13+00:00","breadcrumb":{"@id":"https:\/\/radio.fcejs.unsl.edu.ar\/index.php\/de-las-aulas-de-la-fica-en-villa-mercedes-a-la-ciudad-de-haifa-en-israel\/#breadcrumb"},"inLanguage":"es-AR","potentialAction":[{"@type":"ReadAction","target":["https:\/\/radio.fcejs.unsl.edu.ar\/index.php\/de-las-aulas-de-la-fica-en-villa-mercedes-a-la-ciudad-de-haifa-en-israel\/"]}]},{"@type":"ImageObject","inLanguage":"es-AR","@id":"https:\/\/radio.fcejs.unsl.edu.ar\/index.php\/de-las-aulas-de-la-fica-en-villa-mercedes-a-la-ciudad-de-haifa-en-israel\/#primaryimage","url":"https:\/\/radio.fcejs.unsl.edu.ar\/wp-content\/uploads\/2025\/06\/WhatsApp-Image-2025-06-06-at-13.41.00.jpeg","contentUrl":"https:\/\/radio.fcejs.unsl.edu.ar\/wp-content\/uploads\/2025\/06\/WhatsApp-Image-2025-06-06-at-13.41.00.jpeg","width":1600,"height":1200},{"@type":"BreadcrumbList","@id":"https:\/\/radio.fcejs.unsl.edu.ar\/index.php\/de-las-aulas-de-la-fica-en-villa-mercedes-a-la-ciudad-de-haifa-en-israel\/#breadcrumb","itemListElement":[{"@type":"ListItem","position":1,"name":"Inicio","item":"https:\/\/radio.fcejs.unsl.edu.ar\/"},{"@type":"ListItem","position":2,"name":"De las aulas de la FICA en Villa Mercedes, a la ciudad de Haifa en Israel"}]},{"@type":"WebSite","@id":"https:\/\/radio.fcejs.unsl.edu.ar\/#website","url":"https:\/\/radio.fcejs.unsl.edu.ar\/","name":"Radio Universidad Villa Mercedes 97.5 | UNSL","description":"UNSL","publisher":{"@id":"https:\/\/radio.fcejs.unsl.edu.ar\/#organization"},"potentialAction":[{"@type":"SearchAction","target":{"@type":"EntryPoint","urlTemplate":"https:\/\/radio.fcejs.unsl.edu.ar\/?s={search_term_string}"},"query-input":{"@type":"PropertyValueSpecification","valueRequired":true,"valueName":"search_term_string"}}],"inLanguage":"es-AR"},{"@type":"Organization","@id":"https:\/\/radio.fcejs.unsl.edu.ar\/#organization","name":"Radio Universidad Villa Mercedes 97.5 | UNSL","url":"https:\/\/radio.fcejs.unsl.edu.ar\/","logo":{"@type":"ImageObject","inLanguage":"es-AR","@id":"https:\/\/radio.fcejs.unsl.edu.ar\/#\/schema\/logo\/image\/","url":"https:\/\/radio.fcejs.unsl.edu.ar\/wp-content\/uploads\/2023\/12\/cropped-radio-villa-mercedes-97-5.png","contentUrl":"https:\/\/radio.fcejs.unsl.edu.ar\/wp-content\/uploads\/2023\/12\/cropped-radio-villa-mercedes-97-5.png","width":908,"height":289,"caption":"Radio Universidad Villa Mercedes 97.5 | UNSL"},"image":{"@id":"https:\/\/radio.fcejs.unsl.edu.ar\/#\/schema\/logo\/image\/"}},{"@type":"Person","@id":"https:\/\/radio.fcejs.unsl.edu.ar\/#\/schema\/person\/71179a56ee499ac8cd4e46f865c627c7","name":"Virginia Aguilera","url":"https:\/\/radio.fcejs.unsl.edu.ar\/index.php\/author\/viraguilera\/"}]}},"_links":{"self":[{"href":"https:\/\/radio.fcejs.unsl.edu.ar\/index.php\/wp-json\/wp\/v2\/posts\/2986","targetHints":{"allow":["GET"]}}],"collection":[{"href":"https:\/\/radio.fcejs.unsl.edu.ar\/index.php\/wp-json\/wp\/v2\/posts"}],"about":[{"href":"https:\/\/radio.fcejs.unsl.edu.ar\/index.php\/wp-json\/wp\/v2\/types\/post"}],"author":[{"embeddable":true,"href":"https:\/\/radio.fcejs.unsl.edu.ar\/index.php\/wp-json\/wp\/v2\/users\/5"}],"replies":[{"embeddable":true,"href":"https:\/\/radio.fcejs.unsl.edu.ar\/index.php\/wp-json\/wp\/v2\/comments?post=2986"}],"version-history":[{"count":1,"href":"https:\/\/radio.fcejs.unsl.edu.ar\/index.php\/wp-json\/wp\/v2\/posts\/2986\/revisions"}],"predecessor-version":[{"id":2988,"href":"https:\/\/radio.fcejs.unsl.edu.ar\/index.php\/wp-json\/wp\/v2\/posts\/2986\/revisions\/2988"}],"wp:featuredmedia":[{"embeddable":true,"href":"https:\/\/radio.fcejs.unsl.edu.ar\/index.php\/wp-json\/wp\/v2\/media\/2987"}],"wp:attachment":[{"href":"https:\/\/radio.fcejs.unsl.edu.ar\/index.php\/wp-json\/wp\/v2\/media?parent=2986"}],"wp:term":[{"taxonomy":"category","embeddable":true,"href":"https:\/\/radio.fcejs.unsl.edu.ar\/index.php\/wp-json\/wp\/v2\/categories?post=2986"},{"taxonomy":"post_tag","embeddable":true,"href":"https:\/\/radio.fcejs.unsl.edu.ar\/index.php\/wp-json\/wp\/v2\/tags?post=2986"}],"curies":[{"name":"wp","href":"https:\/\/api.w.org\/{rel}","templated":true}]}}