{"id":2949,"date":"2025-05-27T13:36:43","date_gmt":"2025-05-27T16:36:43","guid":{"rendered":"https:\/\/radio.fcejs.unsl.edu.ar\/?p=2949"},"modified":"2025-05-27T13:49:32","modified_gmt":"2025-05-27T16:49:32","slug":"elecciones-unsl-alta-participacion-en-la-fcejs","status":"publish","type":"post","link":"https:\/\/radio.fcejs.unsl.edu.ar\/index.php\/elecciones-unsl-alta-participacion-en-la-fcejs\/","title":{"rendered":"Elecciones UNSL: alta participaci\u00f3n en la FCEJS"},"content":{"rendered":"<p data-start=\"507\" data-end=\"720\"><strong>En una entrevista con Radio UNSL Villa Mercedes 97.5 FM, Pamela Bianco, apoderada de la lista 110 Apertura Universitaria, resalt\u00f3 los principales datos de las Elecciones Generales de la UNSL.<\/strong><\/p>\n<p data-start=\"507\" data-end=\"720\">Audio entrevista Pamela Bianco:<\/p>\n<audio class=\"wp-audio-shortcode\" id=\"audio-2949-1\" preload=\"none\" style=\"width: 100%;\" controls=\"controls\"><source type=\"audio\/mpeg\" src=\"https:\/\/radioupload.fica.unsl.edu.ar\/files\/jb\/Pamela%20Bianco%20Apoderada%20Lista%20110%20Apertura%20Universitaria.mp3?_=1\" \/><a href=\"https:\/\/radioupload.fica.unsl.edu.ar\/files\/jb\/Pamela%20Bianco%20Apoderada%20Lista%20110%20Apertura%20Universitaria.mp3\">https:\/\/radioupload.fica.unsl.edu.ar\/files\/jb\/Pamela%20Bianco%20Apoderada%20Lista%20110%20Apertura%20Universitaria.mp3<\/a><\/audio>\n<p data-start=\"722\" data-end=\"1014\">\n<p data-start=\"722\" data-end=\"1014\">Seg\u00fan inform\u00f3, la participaci\u00f3n alcanz\u00f3 el <strong data-start=\"765\" data-end=\"797\">90,2% en el claustro docente<\/strong> y el <strong data-start=\"803\" data-end=\"828\">93,2% en el nodocente a rector<\/strong>. En la <strong data-start=\"836\" data-end=\"901\">Facultad de Ciencias Econ\u00f3micas, Jur\u00eddicas y Sociales (FCEJS)<\/strong>, la participaci\u00f3n estudiantil fue del <strong data-start=\"940\" data-end=\"949\">35,4%<\/strong>, ubic\u00e1ndose como la <strong data-start=\"970\" data-end=\"1013\">tercera m\u00e1s alta de toda la universidad<\/strong>.<\/p>\n<p data-start=\"1016\" data-end=\"1229\">La f\u00f3rmula <strong data-start=\"1027\" data-end=\"1061\">H\u00e9ctor Flores \u2013 Patricia Mor\u00e1n<\/strong> obtuvo el <strong data-start=\"1072\" data-end=\"1107\">96,69% de los votos afirmativos<\/strong> en el claustro estudiantil de la FCEJS, convirti\u00e9ndose en la m\u00e1s votada de la UNSL, con solo un 3,31% de votos en blanco.<\/p>\n<p data-start=\"1231\" data-end=\"1404\">Adem\u00e1s, la FCEJS tuvo la <strong data-start=\"1256\" data-end=\"1292\">mayor participaci\u00f3n de graduados<\/strong> entre las facultades con lista \u00fanica y el <strong data-start=\"1335\" data-end=\"1385\">mayor porcentaje de votos afirmativos a Rector<\/strong>, con un <strong data-start=\"1394\" data-end=\"1403\">87,4%<\/strong>.<\/p>\n<p data-start=\"1231\" data-end=\"1404\">Entrevista y Redacci\u00f3n: <strong>Mat\u00edas E. Videla<\/strong><br \/>\nFilmaci\u00f3n: <strong>Marianella Casciola<\/strong><\/p>\n","protected":false},"excerpt":{"rendered":"<p>En una entrevista con Radio UNSL Villa Mercedes 97.5 FM, Pamela Bianco, apoderada de la lista 110 Apertura Universitaria, resalt\u00f3 los principales datos de las Elecciones Generales de la UNSL. Audio entrevista Pamela Bianco: https:\/\/radioupload.fica.unsl.edu.ar\/files\/jb\/Pamela%20Bianco%20Apoderada%20Lista%20110%20Apertura%20Universitaria.mp3 Seg\u00fan inform\u00f3, la participaci\u00f3n alcanz\u00f3 el 90,2% en el claustro docente y el 93,2% en el nodocente a rector. En&#8230;<\/p>\n","protected":false},"author":7,"featured_media":2944,"comment_status":"closed","ping_status":"closed","sticky":false,"template":"","format":"standard","meta":{"_kad_post_transparent":"default","_kad_post_title":"default","_kad_post_layout":"default","_kad_post_sidebar_id":"","_kad_post_content_style":"default","_kad_post_vertical_padding":"default","_kad_post_feature":"","_kad_post_feature_position":"","_kad_post_header":false,"_kad_post_footer":false,"_kad_post_classname":"","footnotes":""},"categories":[14],"tags":[],"class_list":["post-2949","post","type-post","status-publish","format-standard","has-post-thumbnail","hentry","category-entrevistas"],"yoast_head":"<!-- This site is optimized with the Yoast SEO plugin v27.2 - https:\/\/yoast.com\/product\/yoast-seo-wordpress\/ -->\n<title>Elecciones UNSL: alta participaci\u00f3n en la FCEJS - Radio Universidad Villa Mercedes 97.5 | UNSL<\/title>\n<meta name=\"description\" content=\"En una entrevista con Radio UNSL Villa Mercedes 97.5 FM, Pamela Bianco, apoderada de la lista 110 Apertura Universitaria, resalt\u00f3 los principales datos de las Elecciones Generales de la UNSL.\" \/>\n<meta name=\"robots\" content=\"index, follow, max-snippet:-1, max-image-preview:large, max-video-preview:-1\" \/>\n<link rel=\"canonical\" href=\"https:\/\/radio.fcejs.unsl.edu.ar\/index.php\/elecciones-unsl-alta-participacion-en-la-fcejs\/\" \/>\n<meta property=\"og:locale\" content=\"es_ES\" \/>\n<meta property=\"og:type\" content=\"article\" \/>\n<meta property=\"og:title\" content=\"Elecciones UNSL: alta participaci\u00f3n en la FCEJS\" \/>\n<meta property=\"og:description\" content=\"En una entrevista con Radio UNSL 97.5 FM, Pamela Bianco, apoderada de la lista 110 Apertura Universitaria, resalt\u00f3 los principales datos de las Elecciones Generales de la UNSL.\" \/>\n<meta property=\"og:url\" content=\"https:\/\/radio.fcejs.unsl.edu.ar\/index.php\/elecciones-unsl-alta-participacion-en-la-fcejs\/\" \/>\n<meta property=\"og:site_name\" content=\"Radio Universidad Villa Mercedes 97.5 | UNSL\" \/>\n<meta property=\"article:published_time\" content=\"2025-05-27T16:36:43+00:00\" \/>\n<meta property=\"article:modified_time\" content=\"2025-05-27T16:49:32+00:00\" \/>\n<meta property=\"og:image\" content=\"http:\/\/radio.fcejs.unsl.edu.ar\/wp-content\/uploads\/2025\/05\/Pamela-Bianco-scaled.jpg\" \/>\n\t<meta property=\"og:image:width\" content=\"2560\" \/>\n\t<meta property=\"og:image:height\" content=\"1922\" \/>\n\t<meta property=\"og:image:type\" content=\"image\/jpeg\" \/>\n<meta name=\"author\" content=\"Matias Videla\" \/>\n<meta name=\"twitter:card\" content=\"summary_large_image\" \/>\n<meta name=\"twitter:label1\" content=\"Escrito por\" \/>\n\t<meta name=\"twitter:data1\" content=\"Matias Videla\" \/>\n\t<meta name=\"twitter:label2\" content=\"Tiempo de lectura\" \/>\n\t<meta name=\"twitter:data2\" content=\"1 minuto\" \/>\n<script type=\"application\/ld+json\" class=\"yoast-schema-graph\">{\"@context\":\"https:\/\/schema.org\",\"@graph\":[{\"@type\":\"Article\",\"@id\":\"https:\/\/radio.fcejs.unsl.edu.ar\/index.php\/elecciones-unsl-alta-participacion-en-la-fcejs\/#article\",\"isPartOf\":{\"@id\":\"https:\/\/radio.fcejs.unsl.edu.ar\/index.php\/elecciones-unsl-alta-participacion-en-la-fcejs\/\"},\"author\":{\"name\":\"Matias Videla\",\"@id\":\"https:\/\/radio.fcejs.unsl.edu.ar\/#\/schema\/person\/acc8fccb15174977a9a97c2c6c9a046e\"},\"headline\":\"Elecciones UNSL: alta participaci\u00f3n en la FCEJS\",\"datePublished\":\"2025-05-27T16:36:43+00:00\",\"dateModified\":\"2025-05-27T16:49:32+00:00\",\"mainEntityOfPage\":{\"@id\":\"https:\/\/radio.fcejs.unsl.edu.ar\/index.php\/elecciones-unsl-alta-participacion-en-la-fcejs\/\"},\"wordCount\":183,\"publisher\":{\"@id\":\"https:\/\/radio.fcejs.unsl.edu.ar\/#organization\"},\"image\":{\"@id\":\"https:\/\/radio.fcejs.unsl.edu.ar\/index.php\/elecciones-unsl-alta-participacion-en-la-fcejs\/#primaryimage\"},\"thumbnailUrl\":\"https:\/\/radio.fcejs.unsl.edu.ar\/wp-content\/uploads\/2025\/05\/Pamela-Bianco-scaled.jpg\",\"articleSection\":[\"Entrevistas\"],\"inLanguage\":\"es-AR\"},{\"@type\":\"WebPage\",\"@id\":\"https:\/\/radio.fcejs.unsl.edu.ar\/index.php\/elecciones-unsl-alta-participacion-en-la-fcejs\/\",\"url\":\"https:\/\/radio.fcejs.unsl.edu.ar\/index.php\/elecciones-unsl-alta-participacion-en-la-fcejs\/\",\"name\":\"Elecciones UNSL: alta participaci\u00f3n en la FCEJS - Radio Universidad Villa Mercedes 97.5 | UNSL\",\"isPartOf\":{\"@id\":\"https:\/\/radio.fcejs.unsl.edu.ar\/#website\"},\"primaryImageOfPage\":{\"@id\":\"https:\/\/radio.fcejs.unsl.edu.ar\/index.php\/elecciones-unsl-alta-participacion-en-la-fcejs\/#primaryimage\"},\"image\":{\"@id\":\"https:\/\/radio.fcejs.unsl.edu.ar\/index.php\/elecciones-unsl-alta-participacion-en-la-fcejs\/#primaryimage\"},\"thumbnailUrl\":\"https:\/\/radio.fcejs.unsl.edu.ar\/wp-content\/uploads\/2025\/05\/Pamela-Bianco-scaled.jpg\",\"datePublished\":\"2025-05-27T16:36:43+00:00\",\"dateModified\":\"2025-05-27T16:49:32+00:00\",\"description\":\"En una entrevista con Radio UNSL Villa Mercedes 97.5 FM, Pamela Bianco, apoderada de la lista 110 Apertura Universitaria, resalt\u00f3 los principales datos de las Elecciones Generales de la UNSL.\",\"breadcrumb\":{\"@id\":\"https:\/\/radio.fcejs.unsl.edu.ar\/index.php\/elecciones-unsl-alta-participacion-en-la-fcejs\/#breadcrumb\"},\"inLanguage\":\"es-AR\",\"potentialAction\":[{\"@type\":\"ReadAction\",\"target\":[\"https:\/\/radio.fcejs.unsl.edu.ar\/index.php\/elecciones-unsl-alta-participacion-en-la-fcejs\/\"]}]},{\"@type\":\"ImageObject\",\"inLanguage\":\"es-AR\",\"@id\":\"https:\/\/radio.fcejs.unsl.edu.ar\/index.php\/elecciones-unsl-alta-participacion-en-la-fcejs\/#primaryimage\",\"url\":\"https:\/\/radio.fcejs.unsl.edu.ar\/wp-content\/uploads\/2025\/05\/Pamela-Bianco-scaled.jpg\",\"contentUrl\":\"https:\/\/radio.fcejs.unsl.edu.ar\/wp-content\/uploads\/2025\/05\/Pamela-Bianco-scaled.jpg\",\"width\":2560,\"height\":1922},{\"@type\":\"BreadcrumbList\",\"@id\":\"https:\/\/radio.fcejs.unsl.edu.ar\/index.php\/elecciones-unsl-alta-participacion-en-la-fcejs\/#breadcrumb\",\"itemListElement\":[{\"@type\":\"ListItem\",\"position\":1,\"name\":\"Inicio\",\"item\":\"https:\/\/radio.fcejs.unsl.edu.ar\/\"},{\"@type\":\"ListItem\",\"position\":2,\"name\":\"Elecciones UNSL: alta participaci\u00f3n en la FCEJS\"}]},{\"@type\":\"WebSite\",\"@id\":\"https:\/\/radio.fcejs.unsl.edu.ar\/#website\",\"url\":\"https:\/\/radio.fcejs.unsl.edu.ar\/\",\"name\":\"Radio Universidad Villa Mercedes 97.5 | UNSL\",\"description\":\"UNSL\",\"publisher\":{\"@id\":\"https:\/\/radio.fcejs.unsl.edu.ar\/#organization\"},\"potentialAction\":[{\"@type\":\"SearchAction\",\"target\":{\"@type\":\"EntryPoint\",\"urlTemplate\":\"https:\/\/radio.fcejs.unsl.edu.ar\/?s={search_term_string}\"},\"query-input\":{\"@type\":\"PropertyValueSpecification\",\"valueRequired\":true,\"valueName\":\"search_term_string\"}}],\"inLanguage\":\"es-AR\"},{\"@type\":\"Organization\",\"@id\":\"https:\/\/radio.fcejs.unsl.edu.ar\/#organization\",\"name\":\"Radio Universidad Villa Mercedes 97.5 | UNSL\",\"url\":\"https:\/\/radio.fcejs.unsl.edu.ar\/\",\"logo\":{\"@type\":\"ImageObject\",\"inLanguage\":\"es-AR\",\"@id\":\"https:\/\/radio.fcejs.unsl.edu.ar\/#\/schema\/logo\/image\/\",\"url\":\"https:\/\/radio.fcejs.unsl.edu.ar\/wp-content\/uploads\/2023\/12\/cropped-radio-villa-mercedes-97-5.png\",\"contentUrl\":\"https:\/\/radio.fcejs.unsl.edu.ar\/wp-content\/uploads\/2023\/12\/cropped-radio-villa-mercedes-97-5.png\",\"width\":908,\"height\":289,\"caption\":\"Radio Universidad Villa Mercedes 97.5 | UNSL\"},\"image\":{\"@id\":\"https:\/\/radio.fcejs.unsl.edu.ar\/#\/schema\/logo\/image\/\"}},{\"@type\":\"Person\",\"@id\":\"https:\/\/radio.fcejs.unsl.edu.ar\/#\/schema\/person\/acc8fccb15174977a9a97c2c6c9a046e\",\"name\":\"Matias Videla\",\"url\":\"https:\/\/radio.fcejs.unsl.edu.ar\/index.php\/author\/mvidela\/\"}]}<\/script>\n<!-- \/ Yoast SEO plugin. -->","yoast_head_json":{"title":"Elecciones UNSL: alta participaci\u00f3n en la FCEJS - Radio Universidad Villa Mercedes 97.5 | UNSL","description":"En una entrevista con Radio UNSL Villa Mercedes 97.5 FM, Pamela Bianco, apoderada de la lista 110 Apertura Universitaria, resalt\u00f3 los principales datos de las Elecciones Generales de la UNSL.","robots":{"index":"index","follow":"follow","max-snippet":"max-snippet:-1","max-image-preview":"max-image-preview:large","max-video-preview":"max-video-preview:-1"},"canonical":"https:\/\/radio.fcejs.unsl.edu.ar\/index.php\/elecciones-unsl-alta-participacion-en-la-fcejs\/","og_locale":"es_ES","og_type":"article","og_title":"Elecciones UNSL: alta participaci\u00f3n en la FCEJS","og_description":"En una entrevista con Radio UNSL 97.5 FM, Pamela Bianco, apoderada de la lista 110 Apertura Universitaria, resalt\u00f3 los principales datos de las Elecciones Generales de la UNSL.","og_url":"https:\/\/radio.fcejs.unsl.edu.ar\/index.php\/elecciones-unsl-alta-participacion-en-la-fcejs\/","og_site_name":"Radio Universidad Villa Mercedes 97.5 | UNSL","article_published_time":"2025-05-27T16:36:43+00:00","article_modified_time":"2025-05-27T16:49:32+00:00","og_image":[{"width":2560,"height":1922,"url":"http:\/\/radio.fcejs.unsl.edu.ar\/wp-content\/uploads\/2025\/05\/Pamela-Bianco-scaled.jpg","type":"image\/jpeg"}],"author":"Matias Videla","twitter_card":"summary_large_image","twitter_misc":{"Escrito por":"Matias Videla","Tiempo de lectura":"1 minuto"},"schema":{"@context":"https:\/\/schema.org","@graph":[{"@type":"Article","@id":"https:\/\/radio.fcejs.unsl.edu.ar\/index.php\/elecciones-unsl-alta-participacion-en-la-fcejs\/#article","isPartOf":{"@id":"https:\/\/radio.fcejs.unsl.edu.ar\/index.php\/elecciones-unsl-alta-participacion-en-la-fcejs\/"},"author":{"name":"Matias Videla","@id":"https:\/\/radio.fcejs.unsl.edu.ar\/#\/schema\/person\/acc8fccb15174977a9a97c2c6c9a046e"},"headline":"Elecciones UNSL: alta participaci\u00f3n en la FCEJS","datePublished":"2025-05-27T16:36:43+00:00","dateModified":"2025-05-27T16:49:32+00:00","mainEntityOfPage":{"@id":"https:\/\/radio.fcejs.unsl.edu.ar\/index.php\/elecciones-unsl-alta-participacion-en-la-fcejs\/"},"wordCount":183,"publisher":{"@id":"https:\/\/radio.fcejs.unsl.edu.ar\/#organization"},"image":{"@id":"https:\/\/radio.fcejs.unsl.edu.ar\/index.php\/elecciones-unsl-alta-participacion-en-la-fcejs\/#primaryimage"},"thumbnailUrl":"https:\/\/radio.fcejs.unsl.edu.ar\/wp-content\/uploads\/2025\/05\/Pamela-Bianco-scaled.jpg","articleSection":["Entrevistas"],"inLanguage":"es-AR"},{"@type":"WebPage","@id":"https:\/\/radio.fcejs.unsl.edu.ar\/index.php\/elecciones-unsl-alta-participacion-en-la-fcejs\/","url":"https:\/\/radio.fcejs.unsl.edu.ar\/index.php\/elecciones-unsl-alta-participacion-en-la-fcejs\/","name":"Elecciones UNSL: alta participaci\u00f3n en la FCEJS - Radio Universidad Villa Mercedes 97.5 | UNSL","isPartOf":{"@id":"https:\/\/radio.fcejs.unsl.edu.ar\/#website"},"primaryImageOfPage":{"@id":"https:\/\/radio.fcejs.unsl.edu.ar\/index.php\/elecciones-unsl-alta-participacion-en-la-fcejs\/#primaryimage"},"image":{"@id":"https:\/\/radio.fcejs.unsl.edu.ar\/index.php\/elecciones-unsl-alta-participacion-en-la-fcejs\/#primaryimage"},"thumbnailUrl":"https:\/\/radio.fcejs.unsl.edu.ar\/wp-content\/uploads\/2025\/05\/Pamela-Bianco-scaled.jpg","datePublished":"2025-05-27T16:36:43+00:00","dateModified":"2025-05-27T16:49:32+00:00","description":"En una entrevista con Radio UNSL Villa Mercedes 97.5 FM, Pamela Bianco, apoderada de la lista 110 Apertura Universitaria, resalt\u00f3 los principales datos de las Elecciones Generales de la UNSL.","breadcrumb":{"@id":"https:\/\/radio.fcejs.unsl.edu.ar\/index.php\/elecciones-unsl-alta-participacion-en-la-fcejs\/#breadcrumb"},"inLanguage":"es-AR","potentialAction":[{"@type":"ReadAction","target":["https:\/\/radio.fcejs.unsl.edu.ar\/index.php\/elecciones-unsl-alta-participacion-en-la-fcejs\/"]}]},{"@type":"ImageObject","inLanguage":"es-AR","@id":"https:\/\/radio.fcejs.unsl.edu.ar\/index.php\/elecciones-unsl-alta-participacion-en-la-fcejs\/#primaryimage","url":"https:\/\/radio.fcejs.unsl.edu.ar\/wp-content\/uploads\/2025\/05\/Pamela-Bianco-scaled.jpg","contentUrl":"https:\/\/radio.fcejs.unsl.edu.ar\/wp-content\/uploads\/2025\/05\/Pamela-Bianco-scaled.jpg","width":2560,"height":1922},{"@type":"BreadcrumbList","@id":"https:\/\/radio.fcejs.unsl.edu.ar\/index.php\/elecciones-unsl-alta-participacion-en-la-fcejs\/#breadcrumb","itemListElement":[{"@type":"ListItem","position":1,"name":"Inicio","item":"https:\/\/radio.fcejs.unsl.edu.ar\/"},{"@type":"ListItem","position":2,"name":"Elecciones UNSL: alta participaci\u00f3n en la FCEJS"}]},{"@type":"WebSite","@id":"https:\/\/radio.fcejs.unsl.edu.ar\/#website","url":"https:\/\/radio.fcejs.unsl.edu.ar\/","name":"Radio Universidad Villa Mercedes 97.5 | UNSL","description":"UNSL","publisher":{"@id":"https:\/\/radio.fcejs.unsl.edu.ar\/#organization"},"potentialAction":[{"@type":"SearchAction","target":{"@type":"EntryPoint","urlTemplate":"https:\/\/radio.fcejs.unsl.edu.ar\/?s={search_term_string}"},"query-input":{"@type":"PropertyValueSpecification","valueRequired":true,"valueName":"search_term_string"}}],"inLanguage":"es-AR"},{"@type":"Organization","@id":"https:\/\/radio.fcejs.unsl.edu.ar\/#organization","name":"Radio Universidad Villa Mercedes 97.5 | UNSL","url":"https:\/\/radio.fcejs.unsl.edu.ar\/","logo":{"@type":"ImageObject","inLanguage":"es-AR","@id":"https:\/\/radio.fcejs.unsl.edu.ar\/#\/schema\/logo\/image\/","url":"https:\/\/radio.fcejs.unsl.edu.ar\/wp-content\/uploads\/2023\/12\/cropped-radio-villa-mercedes-97-5.png","contentUrl":"https:\/\/radio.fcejs.unsl.edu.ar\/wp-content\/uploads\/2023\/12\/cropped-radio-villa-mercedes-97-5.png","width":908,"height":289,"caption":"Radio Universidad Villa Mercedes 97.5 | UNSL"},"image":{"@id":"https:\/\/radio.fcejs.unsl.edu.ar\/#\/schema\/logo\/image\/"}},{"@type":"Person","@id":"https:\/\/radio.fcejs.unsl.edu.ar\/#\/schema\/person\/acc8fccb15174977a9a97c2c6c9a046e","name":"Matias Videla","url":"https:\/\/radio.fcejs.unsl.edu.ar\/index.php\/author\/mvidela\/"}]}},"_links":{"self":[{"href":"https:\/\/radio.fcejs.unsl.edu.ar\/index.php\/wp-json\/wp\/v2\/posts\/2949","targetHints":{"allow":["GET"]}}],"collection":[{"href":"https:\/\/radio.fcejs.unsl.edu.ar\/index.php\/wp-json\/wp\/v2\/posts"}],"about":[{"href":"https:\/\/radio.fcejs.unsl.edu.ar\/index.php\/wp-json\/wp\/v2\/types\/post"}],"author":[{"embeddable":true,"href":"https:\/\/radio.fcejs.unsl.edu.ar\/index.php\/wp-json\/wp\/v2\/users\/7"}],"replies":[{"embeddable":true,"href":"https:\/\/radio.fcejs.unsl.edu.ar\/index.php\/wp-json\/wp\/v2\/comments?post=2949"}],"version-history":[{"count":6,"href":"https:\/\/radio.fcejs.unsl.edu.ar\/index.php\/wp-json\/wp\/v2\/posts\/2949\/revisions"}],"predecessor-version":[{"id":2955,"href":"https:\/\/radio.fcejs.unsl.edu.ar\/index.php\/wp-json\/wp\/v2\/posts\/2949\/revisions\/2955"}],"wp:featuredmedia":[{"embeddable":true,"href":"https:\/\/radio.fcejs.unsl.edu.ar\/index.php\/wp-json\/wp\/v2\/media\/2944"}],"wp:attachment":[{"href":"https:\/\/radio.fcejs.unsl.edu.ar\/index.php\/wp-json\/wp\/v2\/media?parent=2949"}],"wp:term":[{"taxonomy":"category","embeddable":true,"href":"https:\/\/radio.fcejs.unsl.edu.ar\/index.php\/wp-json\/wp\/v2\/categories?post=2949"},{"taxonomy":"post_tag","embeddable":true,"href":"https:\/\/radio.fcejs.unsl.edu.ar\/index.php\/wp-json\/wp\/v2\/tags?post=2949"}],"curies":[{"name":"wp","href":"https:\/\/api.w.org\/{rel}","templated":true}]}}