{"id":2928,"date":"2025-05-21T14:47:01","date_gmt":"2025-05-21T17:47:01","guid":{"rendered":"https:\/\/radio.fcejs.unsl.edu.ar\/?p=2928"},"modified":"2025-05-21T14:47:01","modified_gmt":"2025-05-21T17:47:01","slug":"elecciones-universitarias-estamos-muy-contentos-por-ver-la-gran-participacion-de-todos-los-claustros","status":"publish","type":"post","link":"https:\/\/radio.fcejs.unsl.edu.ar\/index.php\/elecciones-universitarias-estamos-muy-contentos-por-ver-la-gran-participacion-de-todos-los-claustros\/","title":{"rendered":"Elecciones universitarias: \u201cEstamos muy contentos por ver la gran participaci\u00f3n de todos los claustros\u201d"},"content":{"rendered":"<p>\u201cEs una muestra de la gran democracia que existe en la universidad\u201d, manifest\u00f3 el vicedecano de la FICA, candidato a decano, al hacer una primera evaluaci\u00f3n de la elecci\u00f3n en las primeras horas, tras apertura de las mesas. \u201cHemos visto una gran participaci\u00f3n de todos los claustros\u201d.<\/p>\n<audio class=\"wp-audio-shortcode\" id=\"audio-2928-1\" preload=\"none\" style=\"width: 100%;\" controls=\"controls\"><source type=\"audio\/mpeg\" src=\"https:\/\/radioupload.fica.unsl.edu.ar\/files\/jb\/serra12-05-25.mp3?_=1\" \/><a href=\"https:\/\/radioupload.fica.unsl.edu.ar\/files\/jb\/serra12-05-25.mp3\">https:\/\/radioupload.fica.unsl.edu.ar\/files\/jb\/serra12-05-25.mp3<\/a><\/audio>\n","protected":false},"excerpt":{"rendered":"<p>\u201cEs una muestra de la gran democracia que existe en la universidad\u201d, manifest\u00f3 el vicedecano de la FICA, candidato a decano, al hacer una primera evaluaci\u00f3n de la elecci\u00f3n en las primeras horas, tras apertura de las mesas. \u201cHemos visto una gran participaci\u00f3n de todos los claustros\u201d.<\/p>\n","protected":false},"author":2,"featured_media":2929,"comment_status":"closed","ping_status":"closed","sticky":false,"template":"","format":"standard","meta":{"_kad_post_transparent":"default","_kad_post_title":"default","_kad_post_layout":"default","_kad_post_sidebar_id":"","_kad_post_content_style":"default","_kad_post_vertical_padding":"default","_kad_post_feature":"","_kad_post_feature_position":"","_kad_post_header":false,"_kad_post_footer":false,"_kad_post_classname":"","footnotes":""},"categories":[9,14],"tags":[],"class_list":["post-2928","post","type-post","status-publish","format-standard","has-post-thumbnail","hentry","category-destacada","category-entrevistas"],"yoast_head":"<!-- This site is optimized with the Yoast SEO plugin v27.2 - https:\/\/yoast.com\/product\/yoast-seo-wordpress\/ -->\n<title>Elecciones universitarias: \u201cEstamos muy contentos por ver la gran participaci\u00f3n de todos los claustros\u201d - Radio Universidad Villa Mercedes 97.5 | UNSL<\/title>\n<meta name=\"robots\" content=\"index, follow, max-snippet:-1, max-image-preview:large, max-video-preview:-1\" \/>\n<link rel=\"canonical\" href=\"https:\/\/radio.fcejs.unsl.edu.ar\/index.php\/elecciones-universitarias-estamos-muy-contentos-por-ver-la-gran-participacion-de-todos-los-claustros\/\" \/>\n<meta property=\"og:locale\" content=\"es_ES\" \/>\n<meta property=\"og:type\" content=\"article\" \/>\n<meta property=\"og:title\" content=\"Elecciones universitarias: \u201cEstamos muy contentos por ver la gran participaci\u00f3n de todos los claustros\u201d - Radio Universidad Villa Mercedes 97.5 | UNSL\" \/>\n<meta property=\"og:description\" content=\"\u201cEs una muestra de la gran democracia que existe en la universidad\u201d, manifest\u00f3 el vicedecano de la FICA, candidato a decano, al hacer una primera evaluaci\u00f3n de la elecci\u00f3n en las primeras horas, tras apertura de las mesas. \u201cHemos visto una gran participaci\u00f3n de todos los claustros\u201d.\" \/>\n<meta property=\"og:url\" content=\"https:\/\/radio.fcejs.unsl.edu.ar\/index.php\/elecciones-universitarias-estamos-muy-contentos-por-ver-la-gran-participacion-de-todos-los-claustros\/\" \/>\n<meta property=\"og:site_name\" content=\"Radio Universidad Villa Mercedes 97.5 | UNSL\" \/>\n<meta property=\"article:published_time\" content=\"2025-05-21T17:47:01+00:00\" \/>\n<meta property=\"og:image\" content=\"http:\/\/radio.fcejs.unsl.edu.ar\/wp-content\/uploads\/2025\/05\/serra1.jpg\" \/>\n\t<meta property=\"og:image:width\" content=\"1100\" \/>\n\t<meta property=\"og:image:height\" content=\"733\" \/>\n\t<meta property=\"og:image:type\" content=\"image\/jpeg\" \/>\n<meta name=\"author\" content=\"Redaccion Radio\" \/>\n<meta name=\"twitter:card\" content=\"summary_large_image\" \/>\n<meta name=\"twitter:label1\" content=\"Escrito por\" \/>\n\t<meta name=\"twitter:data1\" content=\"Redaccion Radio\" \/>\n\t<meta name=\"twitter:label2\" content=\"Tiempo de lectura\" \/>\n\t<meta name=\"twitter:data2\" content=\"1 minuto\" \/>\n<script type=\"application\/ld+json\" class=\"yoast-schema-graph\">{\"@context\":\"https:\/\/schema.org\",\"@graph\":[{\"@type\":\"Article\",\"@id\":\"https:\/\/radio.fcejs.unsl.edu.ar\/index.php\/elecciones-universitarias-estamos-muy-contentos-por-ver-la-gran-participacion-de-todos-los-claustros\/#article\",\"isPartOf\":{\"@id\":\"https:\/\/radio.fcejs.unsl.edu.ar\/index.php\/elecciones-universitarias-estamos-muy-contentos-por-ver-la-gran-participacion-de-todos-los-claustros\/\"},\"author\":{\"name\":\"Redaccion Radio\",\"@id\":\"https:\/\/radio.fcejs.unsl.edu.ar\/#\/schema\/person\/17e27260a1b995c2bd3a5989077ba3fb\"},\"headline\":\"Elecciones universitarias: \u201cEstamos muy contentos por ver la gran participaci\u00f3n de todos los claustros\u201d\",\"datePublished\":\"2025-05-21T17:47:01+00:00\",\"mainEntityOfPage\":{\"@id\":\"https:\/\/radio.fcejs.unsl.edu.ar\/index.php\/elecciones-universitarias-estamos-muy-contentos-por-ver-la-gran-participacion-de-todos-los-claustros\/\"},\"wordCount\":79,\"publisher\":{\"@id\":\"https:\/\/radio.fcejs.unsl.edu.ar\/#organization\"},\"image\":{\"@id\":\"https:\/\/radio.fcejs.unsl.edu.ar\/index.php\/elecciones-universitarias-estamos-muy-contentos-por-ver-la-gran-participacion-de-todos-los-claustros\/#primaryimage\"},\"thumbnailUrl\":\"https:\/\/radio.fcejs.unsl.edu.ar\/wp-content\/uploads\/2025\/05\/serra1.jpg\",\"articleSection\":[\"Destacada\",\"Entrevistas\"],\"inLanguage\":\"es-AR\"},{\"@type\":\"WebPage\",\"@id\":\"https:\/\/radio.fcejs.unsl.edu.ar\/index.php\/elecciones-universitarias-estamos-muy-contentos-por-ver-la-gran-participacion-de-todos-los-claustros\/\",\"url\":\"https:\/\/radio.fcejs.unsl.edu.ar\/index.php\/elecciones-universitarias-estamos-muy-contentos-por-ver-la-gran-participacion-de-todos-los-claustros\/\",\"name\":\"Elecciones universitarias: \u201cEstamos muy contentos por ver la gran participaci\u00f3n de todos los claustros\u201d - Radio Universidad Villa Mercedes 97.5 | UNSL\",\"isPartOf\":{\"@id\":\"https:\/\/radio.fcejs.unsl.edu.ar\/#website\"},\"primaryImageOfPage\":{\"@id\":\"https:\/\/radio.fcejs.unsl.edu.ar\/index.php\/elecciones-universitarias-estamos-muy-contentos-por-ver-la-gran-participacion-de-todos-los-claustros\/#primaryimage\"},\"image\":{\"@id\":\"https:\/\/radio.fcejs.unsl.edu.ar\/index.php\/elecciones-universitarias-estamos-muy-contentos-por-ver-la-gran-participacion-de-todos-los-claustros\/#primaryimage\"},\"thumbnailUrl\":\"https:\/\/radio.fcejs.unsl.edu.ar\/wp-content\/uploads\/2025\/05\/serra1.jpg\",\"datePublished\":\"2025-05-21T17:47:01+00:00\",\"breadcrumb\":{\"@id\":\"https:\/\/radio.fcejs.unsl.edu.ar\/index.php\/elecciones-universitarias-estamos-muy-contentos-por-ver-la-gran-participacion-de-todos-los-claustros\/#breadcrumb\"},\"inLanguage\":\"es-AR\",\"potentialAction\":[{\"@type\":\"ReadAction\",\"target\":[\"https:\/\/radio.fcejs.unsl.edu.ar\/index.php\/elecciones-universitarias-estamos-muy-contentos-por-ver-la-gran-participacion-de-todos-los-claustros\/\"]}]},{\"@type\":\"ImageObject\",\"inLanguage\":\"es-AR\",\"@id\":\"https:\/\/radio.fcejs.unsl.edu.ar\/index.php\/elecciones-universitarias-estamos-muy-contentos-por-ver-la-gran-participacion-de-todos-los-claustros\/#primaryimage\",\"url\":\"https:\/\/radio.fcejs.unsl.edu.ar\/wp-content\/uploads\/2025\/05\/serra1.jpg\",\"contentUrl\":\"https:\/\/radio.fcejs.unsl.edu.ar\/wp-content\/uploads\/2025\/05\/serra1.jpg\",\"width\":1100,\"height\":733},{\"@type\":\"BreadcrumbList\",\"@id\":\"https:\/\/radio.fcejs.unsl.edu.ar\/index.php\/elecciones-universitarias-estamos-muy-contentos-por-ver-la-gran-participacion-de-todos-los-claustros\/#breadcrumb\",\"itemListElement\":[{\"@type\":\"ListItem\",\"position\":1,\"name\":\"Inicio\",\"item\":\"https:\/\/radio.fcejs.unsl.edu.ar\/\"},{\"@type\":\"ListItem\",\"position\":2,\"name\":\"Elecciones universitarias: \u201cEstamos muy contentos por ver la gran participaci\u00f3n de todos los claustros\u201d\"}]},{\"@type\":\"WebSite\",\"@id\":\"https:\/\/radio.fcejs.unsl.edu.ar\/#website\",\"url\":\"https:\/\/radio.fcejs.unsl.edu.ar\/\",\"name\":\"Radio Universidad Villa Mercedes 97.5 | UNSL\",\"description\":\"UNSL\",\"publisher\":{\"@id\":\"https:\/\/radio.fcejs.unsl.edu.ar\/#organization\"},\"potentialAction\":[{\"@type\":\"SearchAction\",\"target\":{\"@type\":\"EntryPoint\",\"urlTemplate\":\"https:\/\/radio.fcejs.unsl.edu.ar\/?s={search_term_string}\"},\"query-input\":{\"@type\":\"PropertyValueSpecification\",\"valueRequired\":true,\"valueName\":\"search_term_string\"}}],\"inLanguage\":\"es-AR\"},{\"@type\":\"Organization\",\"@id\":\"https:\/\/radio.fcejs.unsl.edu.ar\/#organization\",\"name\":\"Radio Universidad Villa Mercedes 97.5 | UNSL\",\"url\":\"https:\/\/radio.fcejs.unsl.edu.ar\/\",\"logo\":{\"@type\":\"ImageObject\",\"inLanguage\":\"es-AR\",\"@id\":\"https:\/\/radio.fcejs.unsl.edu.ar\/#\/schema\/logo\/image\/\",\"url\":\"https:\/\/radio.fcejs.unsl.edu.ar\/wp-content\/uploads\/2023\/12\/cropped-radio-villa-mercedes-97-5.png\",\"contentUrl\":\"https:\/\/radio.fcejs.unsl.edu.ar\/wp-content\/uploads\/2023\/12\/cropped-radio-villa-mercedes-97-5.png\",\"width\":908,\"height\":289,\"caption\":\"Radio Universidad Villa Mercedes 97.5 | UNSL\"},\"image\":{\"@id\":\"https:\/\/radio.fcejs.unsl.edu.ar\/#\/schema\/logo\/image\/\"}},{\"@type\":\"Person\",\"@id\":\"https:\/\/radio.fcejs.unsl.edu.ar\/#\/schema\/person\/17e27260a1b995c2bd3a5989077ba3fb\",\"name\":\"Redaccion Radio\",\"url\":\"https:\/\/radio.fcejs.unsl.edu.ar\/index.php\/author\/radio_redaccion_fcejs\/\"}]}<\/script>\n<!-- \/ Yoast SEO plugin. -->","yoast_head_json":{"title":"Elecciones universitarias: \u201cEstamos muy contentos por ver la gran participaci\u00f3n de todos los claustros\u201d - Radio Universidad Villa Mercedes 97.5 | UNSL","robots":{"index":"index","follow":"follow","max-snippet":"max-snippet:-1","max-image-preview":"max-image-preview:large","max-video-preview":"max-video-preview:-1"},"canonical":"https:\/\/radio.fcejs.unsl.edu.ar\/index.php\/elecciones-universitarias-estamos-muy-contentos-por-ver-la-gran-participacion-de-todos-los-claustros\/","og_locale":"es_ES","og_type":"article","og_title":"Elecciones universitarias: \u201cEstamos muy contentos por ver la gran participaci\u00f3n de todos los claustros\u201d - Radio Universidad Villa Mercedes 97.5 | UNSL","og_description":"\u201cEs una muestra de la gran democracia que existe en la universidad\u201d, manifest\u00f3 el vicedecano de la FICA, candidato a decano, al hacer una primera evaluaci\u00f3n de la elecci\u00f3n en las primeras horas, tras apertura de las mesas. \u201cHemos visto una gran participaci\u00f3n de todos los claustros\u201d.","og_url":"https:\/\/radio.fcejs.unsl.edu.ar\/index.php\/elecciones-universitarias-estamos-muy-contentos-por-ver-la-gran-participacion-de-todos-los-claustros\/","og_site_name":"Radio Universidad Villa Mercedes 97.5 | UNSL","article_published_time":"2025-05-21T17:47:01+00:00","og_image":[{"width":1100,"height":733,"url":"http:\/\/radio.fcejs.unsl.edu.ar\/wp-content\/uploads\/2025\/05\/serra1.jpg","type":"image\/jpeg"}],"author":"Redaccion Radio","twitter_card":"summary_large_image","twitter_misc":{"Escrito por":"Redaccion Radio","Tiempo de lectura":"1 minuto"},"schema":{"@context":"https:\/\/schema.org","@graph":[{"@type":"Article","@id":"https:\/\/radio.fcejs.unsl.edu.ar\/index.php\/elecciones-universitarias-estamos-muy-contentos-por-ver-la-gran-participacion-de-todos-los-claustros\/#article","isPartOf":{"@id":"https:\/\/radio.fcejs.unsl.edu.ar\/index.php\/elecciones-universitarias-estamos-muy-contentos-por-ver-la-gran-participacion-de-todos-los-claustros\/"},"author":{"name":"Redaccion Radio","@id":"https:\/\/radio.fcejs.unsl.edu.ar\/#\/schema\/person\/17e27260a1b995c2bd3a5989077ba3fb"},"headline":"Elecciones universitarias: \u201cEstamos muy contentos por ver la gran participaci\u00f3n de todos los claustros\u201d","datePublished":"2025-05-21T17:47:01+00:00","mainEntityOfPage":{"@id":"https:\/\/radio.fcejs.unsl.edu.ar\/index.php\/elecciones-universitarias-estamos-muy-contentos-por-ver-la-gran-participacion-de-todos-los-claustros\/"},"wordCount":79,"publisher":{"@id":"https:\/\/radio.fcejs.unsl.edu.ar\/#organization"},"image":{"@id":"https:\/\/radio.fcejs.unsl.edu.ar\/index.php\/elecciones-universitarias-estamos-muy-contentos-por-ver-la-gran-participacion-de-todos-los-claustros\/#primaryimage"},"thumbnailUrl":"https:\/\/radio.fcejs.unsl.edu.ar\/wp-content\/uploads\/2025\/05\/serra1.jpg","articleSection":["Destacada","Entrevistas"],"inLanguage":"es-AR"},{"@type":"WebPage","@id":"https:\/\/radio.fcejs.unsl.edu.ar\/index.php\/elecciones-universitarias-estamos-muy-contentos-por-ver-la-gran-participacion-de-todos-los-claustros\/","url":"https:\/\/radio.fcejs.unsl.edu.ar\/index.php\/elecciones-universitarias-estamos-muy-contentos-por-ver-la-gran-participacion-de-todos-los-claustros\/","name":"Elecciones universitarias: \u201cEstamos muy contentos por ver la gran participaci\u00f3n de todos los claustros\u201d - Radio Universidad Villa Mercedes 97.5 | UNSL","isPartOf":{"@id":"https:\/\/radio.fcejs.unsl.edu.ar\/#website"},"primaryImageOfPage":{"@id":"https:\/\/radio.fcejs.unsl.edu.ar\/index.php\/elecciones-universitarias-estamos-muy-contentos-por-ver-la-gran-participacion-de-todos-los-claustros\/#primaryimage"},"image":{"@id":"https:\/\/radio.fcejs.unsl.edu.ar\/index.php\/elecciones-universitarias-estamos-muy-contentos-por-ver-la-gran-participacion-de-todos-los-claustros\/#primaryimage"},"thumbnailUrl":"https:\/\/radio.fcejs.unsl.edu.ar\/wp-content\/uploads\/2025\/05\/serra1.jpg","datePublished":"2025-05-21T17:47:01+00:00","breadcrumb":{"@id":"https:\/\/radio.fcejs.unsl.edu.ar\/index.php\/elecciones-universitarias-estamos-muy-contentos-por-ver-la-gran-participacion-de-todos-los-claustros\/#breadcrumb"},"inLanguage":"es-AR","potentialAction":[{"@type":"ReadAction","target":["https:\/\/radio.fcejs.unsl.edu.ar\/index.php\/elecciones-universitarias-estamos-muy-contentos-por-ver-la-gran-participacion-de-todos-los-claustros\/"]}]},{"@type":"ImageObject","inLanguage":"es-AR","@id":"https:\/\/radio.fcejs.unsl.edu.ar\/index.php\/elecciones-universitarias-estamos-muy-contentos-por-ver-la-gran-participacion-de-todos-los-claustros\/#primaryimage","url":"https:\/\/radio.fcejs.unsl.edu.ar\/wp-content\/uploads\/2025\/05\/serra1.jpg","contentUrl":"https:\/\/radio.fcejs.unsl.edu.ar\/wp-content\/uploads\/2025\/05\/serra1.jpg","width":1100,"height":733},{"@type":"BreadcrumbList","@id":"https:\/\/radio.fcejs.unsl.edu.ar\/index.php\/elecciones-universitarias-estamos-muy-contentos-por-ver-la-gran-participacion-de-todos-los-claustros\/#breadcrumb","itemListElement":[{"@type":"ListItem","position":1,"name":"Inicio","item":"https:\/\/radio.fcejs.unsl.edu.ar\/"},{"@type":"ListItem","position":2,"name":"Elecciones universitarias: \u201cEstamos muy contentos por ver la gran participaci\u00f3n de todos los claustros\u201d"}]},{"@type":"WebSite","@id":"https:\/\/radio.fcejs.unsl.edu.ar\/#website","url":"https:\/\/radio.fcejs.unsl.edu.ar\/","name":"Radio Universidad Villa Mercedes 97.5 | UNSL","description":"UNSL","publisher":{"@id":"https:\/\/radio.fcejs.unsl.edu.ar\/#organization"},"potentialAction":[{"@type":"SearchAction","target":{"@type":"EntryPoint","urlTemplate":"https:\/\/radio.fcejs.unsl.edu.ar\/?s={search_term_string}"},"query-input":{"@type":"PropertyValueSpecification","valueRequired":true,"valueName":"search_term_string"}}],"inLanguage":"es-AR"},{"@type":"Organization","@id":"https:\/\/radio.fcejs.unsl.edu.ar\/#organization","name":"Radio Universidad Villa Mercedes 97.5 | UNSL","url":"https:\/\/radio.fcejs.unsl.edu.ar\/","logo":{"@type":"ImageObject","inLanguage":"es-AR","@id":"https:\/\/radio.fcejs.unsl.edu.ar\/#\/schema\/logo\/image\/","url":"https:\/\/radio.fcejs.unsl.edu.ar\/wp-content\/uploads\/2023\/12\/cropped-radio-villa-mercedes-97-5.png","contentUrl":"https:\/\/radio.fcejs.unsl.edu.ar\/wp-content\/uploads\/2023\/12\/cropped-radio-villa-mercedes-97-5.png","width":908,"height":289,"caption":"Radio Universidad Villa Mercedes 97.5 | UNSL"},"image":{"@id":"https:\/\/radio.fcejs.unsl.edu.ar\/#\/schema\/logo\/image\/"}},{"@type":"Person","@id":"https:\/\/radio.fcejs.unsl.edu.ar\/#\/schema\/person\/17e27260a1b995c2bd3a5989077ba3fb","name":"Redaccion Radio","url":"https:\/\/radio.fcejs.unsl.edu.ar\/index.php\/author\/radio_redaccion_fcejs\/"}]}},"_links":{"self":[{"href":"https:\/\/radio.fcejs.unsl.edu.ar\/index.php\/wp-json\/wp\/v2\/posts\/2928","targetHints":{"allow":["GET"]}}],"collection":[{"href":"https:\/\/radio.fcejs.unsl.edu.ar\/index.php\/wp-json\/wp\/v2\/posts"}],"about":[{"href":"https:\/\/radio.fcejs.unsl.edu.ar\/index.php\/wp-json\/wp\/v2\/types\/post"}],"author":[{"embeddable":true,"href":"https:\/\/radio.fcejs.unsl.edu.ar\/index.php\/wp-json\/wp\/v2\/users\/2"}],"replies":[{"embeddable":true,"href":"https:\/\/radio.fcejs.unsl.edu.ar\/index.php\/wp-json\/wp\/v2\/comments?post=2928"}],"version-history":[{"count":1,"href":"https:\/\/radio.fcejs.unsl.edu.ar\/index.php\/wp-json\/wp\/v2\/posts\/2928\/revisions"}],"predecessor-version":[{"id":2930,"href":"https:\/\/radio.fcejs.unsl.edu.ar\/index.php\/wp-json\/wp\/v2\/posts\/2928\/revisions\/2930"}],"wp:featuredmedia":[{"embeddable":true,"href":"https:\/\/radio.fcejs.unsl.edu.ar\/index.php\/wp-json\/wp\/v2\/media\/2929"}],"wp:attachment":[{"href":"https:\/\/radio.fcejs.unsl.edu.ar\/index.php\/wp-json\/wp\/v2\/media?parent=2928"}],"wp:term":[{"taxonomy":"category","embeddable":true,"href":"https:\/\/radio.fcejs.unsl.edu.ar\/index.php\/wp-json\/wp\/v2\/categories?post=2928"},{"taxonomy":"post_tag","embeddable":true,"href":"https:\/\/radio.fcejs.unsl.edu.ar\/index.php\/wp-json\/wp\/v2\/tags?post=2928"}],"curies":[{"name":"wp","href":"https:\/\/api.w.org\/{rel}","templated":true}]}}