{"id":2829,"date":"2025-05-16T19:54:56","date_gmt":"2025-05-16T22:54:56","guid":{"rendered":"https:\/\/radio.fcejs.unsl.edu.ar\/?p=2829"},"modified":"2025-05-16T20:48:21","modified_gmt":"2025-05-16T23:48:21","slug":"lo-tomo-como-un-desafio-y-como-un-aporte-para-la-educacion-publica-y-gratuita-que-es-lo-que-defendemos","status":"publish","type":"post","link":"https:\/\/radio.fcejs.unsl.edu.ar\/index.php\/lo-tomo-como-un-desafio-y-como-un-aporte-para-la-educacion-publica-y-gratuita-que-es-lo-que-defendemos\/","title":{"rendered":"\u201cLo tomo como un desaf\u00edo y como un aporte para la educaci\u00f3n p\u00fablica y gratuita que es lo que defendemos\u201d."},"content":{"rendered":"<p><!--more-->Dialogamos con <strong><u>Omar Segundo Vetore<\/u><\/strong>, Ingeniero agr\u00f3nomo docente e investigador, y adem\u00e1s <strong><u>candidato a Director del Departamento de Ciencias Agron\u00f3micas de la FICA<\/u><\/strong>. El candidato de la lista <strong>\u201cAGROPLUS\u201d,<\/strong> es acompa\u00f1ado por la docente Marisa Mariela Garbero como subdirectora.<\/p>\n<p>Vetore nos brind\u00f3 detalles distintas propuestas para el Departamento, y tambi\u00e9n nos habl\u00f3 sobre su trabajo y experiencia dentro de la Universidad Nacional de San Luis, espec\u00edficamente en la Facultad de Ingenier\u00eda y Cs. Agropecuarias.<\/p>\n<p>\u201cEstamos dispuestos a trabajar en estos tres a\u00f1os que se avecinan en la conducci\u00f3n de esto, y en este desaf\u00edo, porque realmente as\u00ed lo tomo: como un desaf\u00edo, y como un aporte para la educaci\u00f3n p\u00fablica y gratuita que es lo que defendemos\u201d, dijo Vetore en la primera parte de la charla. \u00a0\u00a0Y luego agreg\u00f3: \u00a0\u201cEl desaf\u00edo es mantener e incrementar la fortaleza del Departamento en la Regi\u00f3n. Hoy tenemos mucha oferta educativa, y tenemos que competir contra eso, en el buen sentido, porque yo creo en la competencia, \u00a0y me parece que es excelente. Hay ofertas educativas, ya sean on line, y presencial ac\u00e1 en Villa Mercedes, en ciudades cercanas, para Ciencias Agropecuarias concretamente. Entonces, el gran desaf\u00edo es mantenernos vigentes, super\u00e1ndonos d\u00eda a d\u00eda para poder atraer a los alumnos\u201d.<\/p>\n<p><strong>Sobre las propuestas que propone su lista para el Departamento de Cs. Agropecuarias, el Ingeniero dijo:<\/strong> \u201cNosotros hemos abordado temas que nos parecen importantes y delicados, pero se van sucediendo, por ejemplo, primero estamos en un proceso de acreditaci\u00f3n. Entendemos que va a finalizar antes de que nosotros empecemos con nuestras gesti\u00f3n, porque realmente se ha trabajado mucho y en equipo en la gesti\u00f3n actual, y todo el decanato digamos\u2026 tenemos un gran desaf\u00edo en la reestructuraci\u00f3n de muchas asignaturas, tenemos m\u00e1s de diez asignatura que ya sus profesores responsables est\u00e1n en condiciones de jubilarse, y su planta docente inmediata inferior por ah\u00ed no tienen el escalaf\u00f3n como para ascender directamente\u201d.<\/p>\n<p>Sobre cuestiones relacionadas a los equipamientos e infraestructura refiri\u00f3: \u201cyo creo que hay que gestionar un poco m\u00e1s, y tratar de conseguir cosas que por ah\u00ed no hace \u00a0falta tanta plata, o bueno ir a pelear lo que nos corresponde en todo caso. Pero en esto hay que trabajar bastante, y de nuevo, hay que trabajarlo entre todos porque uno solo no se puede\u201d.<\/p>\n<p>El docente habl\u00f3 tambi\u00e9n sobre otros ejes de su propuesta, tales como:<\/p>\n<p>-Campo Experimental y de pr\u00e1cticas de agronom\u00eda. Mayor planificaci\u00f3n de asignaturas relacionando esto con el uso de los espacios comunes.<\/p>\n<p>&#8211; Grupos de Servicios y Extensi\u00f3n: acompa\u00f1ar a la gesti\u00f3n para incrementar los grupos de servicios y productos de extensi\u00f3n.<\/p>\n<p>-Mayor Vinculaci\u00f3n con el medio, teniendo en consideraci\u00f3n que se trabaja con los productores abrir m\u00e1s estos espacios.<\/p>\n<p>-Propuesta de formaci\u00f3n de posgrado: carrera y\/o cursos espec\u00edficos para Agronom\u00eda.<\/p>\n<p>-Trabajar sobre la deserci\u00f3n estudiantil universitaria, al igual que sobre el tiempo de permanencia de los estudiantes desde que ingresan a la Universidad hasta que logran egresar como profesionales.<\/p>\n<p>&nbsp;<\/p>\n<p>Te invitamos a conocer m\u00e1s sobre el candidato y sobre parte de sus interesantes propuestas en los siguientes audios de entrevista:<\/p>\n<p>*1ra parte de la entrevista<\/p>\n<audio class=\"wp-audio-shortcode\" id=\"audio-2829-1\" preload=\"none\" style=\"width: 100%;\" controls=\"controls\"><source type=\"audio\/mpeg\" src=\"https:\/\/radioupload.fica.unsl.edu.ar\/files\/jb\/Omar%20Vetore%201ra%20parte%20entrevista.mp3?_=1\" \/><a href=\"https:\/\/radioupload.fica.unsl.edu.ar\/files\/jb\/Omar%20Vetore%201ra%20parte%20entrevista.mp3\">https:\/\/radioupload.fica.unsl.edu.ar\/files\/jb\/Omar%20Vetore%201ra%20parte%20entrevista.mp3<\/a><\/audio>\n<p>&nbsp;<\/p>\n<p>*2da parte de la entrevista<\/p>\n<audio class=\"wp-audio-shortcode\" id=\"audio-2829-2\" preload=\"none\" style=\"width: 100%;\" controls=\"controls\"><source type=\"audio\/mpeg\" src=\"https:\/\/radioupload.fica.unsl.edu.ar\/files\/jb\/Omar%20Vetore%202da%20parte%20entrevista.mp3?_=2\" \/><a href=\"https:\/\/radioupload.fica.unsl.edu.ar\/files\/jb\/Omar%20Vetore%202da%20parte%20entrevista.mp3\">https:\/\/radioupload.fica.unsl.edu.ar\/files\/jb\/Omar%20Vetore%202da%20parte%20entrevista.mp3<\/a><\/audio>\n<p>&nbsp;<\/p>\n<p>Entrevista: Virginia Aguilera- Radio UNSL en Villa Mercedes.-<\/p>\n<p>&nbsp;<\/p>\n","protected":false},"excerpt":{"rendered":"","protected":false},"author":5,"featured_media":2830,"comment_status":"closed","ping_status":"closed","sticky":false,"template":"","format":"standard","meta":{"_kad_post_transparent":"default","_kad_post_title":"default","_kad_post_layout":"default","_kad_post_sidebar_id":"","_kad_post_content_style":"default","_kad_post_vertical_padding":"default","_kad_post_feature":"","_kad_post_feature_position":"","_kad_post_header":false,"_kad_post_footer":false,"_kad_post_classname":"","footnotes":""},"categories":[14],"tags":[],"class_list":["post-2829","post","type-post","status-publish","format-standard","has-post-thumbnail","hentry","category-entrevistas"],"yoast_head":"<!-- This site is optimized with the Yoast SEO plugin v27.2 - https:\/\/yoast.com\/product\/yoast-seo-wordpress\/ -->\n<title>\u201cLo tomo como un desaf\u00edo y como un aporte para la educaci\u00f3n p\u00fablica y gratuita que es lo que defendemos\u201d. - Radio Universidad Villa Mercedes 97.5 | UNSL<\/title>\n<meta name=\"robots\" content=\"index, follow, max-snippet:-1, max-image-preview:large, max-video-preview:-1\" \/>\n<link rel=\"canonical\" href=\"https:\/\/radio.fcejs.unsl.edu.ar\/index.php\/lo-tomo-como-un-desafio-y-como-un-aporte-para-la-educacion-publica-y-gratuita-que-es-lo-que-defendemos\/\" \/>\n<meta property=\"og:locale\" content=\"es_ES\" \/>\n<meta property=\"og:type\" content=\"article\" \/>\n<meta property=\"og:title\" content=\"\u201cLo tomo como un desaf\u00edo y como un aporte para la educaci\u00f3n p\u00fablica y gratuita que es lo que defendemos\u201d. - Radio Universidad Villa Mercedes 97.5 | UNSL\" \/>\n<meta property=\"og:url\" content=\"https:\/\/radio.fcejs.unsl.edu.ar\/index.php\/lo-tomo-como-un-desafio-y-como-un-aporte-para-la-educacion-publica-y-gratuita-que-es-lo-que-defendemos\/\" \/>\n<meta property=\"og:site_name\" content=\"Radio Universidad Villa Mercedes 97.5 | UNSL\" \/>\n<meta property=\"article:published_time\" content=\"2025-05-16T22:54:56+00:00\" \/>\n<meta property=\"article:modified_time\" content=\"2025-05-16T23:48:21+00:00\" \/>\n<meta property=\"og:image\" content=\"http:\/\/radio.fcejs.unsl.edu.ar\/wp-content\/uploads\/2025\/05\/WhatsApp-Image-2025-05-16-at-19.28.47.jpeg\" \/>\n\t<meta property=\"og:image:width\" content=\"1600\" \/>\n\t<meta property=\"og:image:height\" content=\"738\" \/>\n\t<meta property=\"og:image:type\" content=\"image\/jpeg\" \/>\n<meta name=\"author\" content=\"Virginia Aguilera\" \/>\n<meta name=\"twitter:card\" content=\"summary_large_image\" \/>\n<meta name=\"twitter:label1\" content=\"Escrito por\" \/>\n\t<meta name=\"twitter:data1\" content=\"Virginia Aguilera\" \/>\n\t<meta name=\"twitter:label2\" content=\"Tiempo de lectura\" \/>\n\t<meta name=\"twitter:data2\" content=\"3 minutos\" \/>\n<script type=\"application\/ld+json\" class=\"yoast-schema-graph\">{\"@context\":\"https:\/\/schema.org\",\"@graph\":[{\"@type\":\"Article\",\"@id\":\"https:\/\/radio.fcejs.unsl.edu.ar\/index.php\/lo-tomo-como-un-desafio-y-como-un-aporte-para-la-educacion-publica-y-gratuita-que-es-lo-que-defendemos\/#article\",\"isPartOf\":{\"@id\":\"https:\/\/radio.fcejs.unsl.edu.ar\/index.php\/lo-tomo-como-un-desafio-y-como-un-aporte-para-la-educacion-publica-y-gratuita-que-es-lo-que-defendemos\/\"},\"author\":{\"name\":\"Virginia Aguilera\",\"@id\":\"https:\/\/radio.fcejs.unsl.edu.ar\/#\/schema\/person\/71179a56ee499ac8cd4e46f865c627c7\"},\"headline\":\"\u201cLo tomo como un desaf\u00edo y como un aporte para la educaci\u00f3n p\u00fablica y gratuita que es lo que defendemos\u201d.\",\"datePublished\":\"2025-05-16T22:54:56+00:00\",\"dateModified\":\"2025-05-16T23:48:21+00:00\",\"mainEntityOfPage\":{\"@id\":\"https:\/\/radio.fcejs.unsl.edu.ar\/index.php\/lo-tomo-como-un-desafio-y-como-un-aporte-para-la-educacion-publica-y-gratuita-que-es-lo-que-defendemos\/\"},\"wordCount\":635,\"publisher\":{\"@id\":\"https:\/\/radio.fcejs.unsl.edu.ar\/#organization\"},\"image\":{\"@id\":\"https:\/\/radio.fcejs.unsl.edu.ar\/index.php\/lo-tomo-como-un-desafio-y-como-un-aporte-para-la-educacion-publica-y-gratuita-que-es-lo-que-defendemos\/#primaryimage\"},\"thumbnailUrl\":\"https:\/\/radio.fcejs.unsl.edu.ar\/wp-content\/uploads\/2025\/05\/WhatsApp-Image-2025-05-16-at-19.28.47.jpeg\",\"articleSection\":[\"Entrevistas\"],\"inLanguage\":\"es-AR\"},{\"@type\":\"WebPage\",\"@id\":\"https:\/\/radio.fcejs.unsl.edu.ar\/index.php\/lo-tomo-como-un-desafio-y-como-un-aporte-para-la-educacion-publica-y-gratuita-que-es-lo-que-defendemos\/\",\"url\":\"https:\/\/radio.fcejs.unsl.edu.ar\/index.php\/lo-tomo-como-un-desafio-y-como-un-aporte-para-la-educacion-publica-y-gratuita-que-es-lo-que-defendemos\/\",\"name\":\"\u201cLo tomo como un desaf\u00edo y como un aporte para la educaci\u00f3n p\u00fablica y gratuita que es lo que defendemos\u201d. - Radio Universidad Villa Mercedes 97.5 | UNSL\",\"isPartOf\":{\"@id\":\"https:\/\/radio.fcejs.unsl.edu.ar\/#website\"},\"primaryImageOfPage\":{\"@id\":\"https:\/\/radio.fcejs.unsl.edu.ar\/index.php\/lo-tomo-como-un-desafio-y-como-un-aporte-para-la-educacion-publica-y-gratuita-que-es-lo-que-defendemos\/#primaryimage\"},\"image\":{\"@id\":\"https:\/\/radio.fcejs.unsl.edu.ar\/index.php\/lo-tomo-como-un-desafio-y-como-un-aporte-para-la-educacion-publica-y-gratuita-que-es-lo-que-defendemos\/#primaryimage\"},\"thumbnailUrl\":\"https:\/\/radio.fcejs.unsl.edu.ar\/wp-content\/uploads\/2025\/05\/WhatsApp-Image-2025-05-16-at-19.28.47.jpeg\",\"datePublished\":\"2025-05-16T22:54:56+00:00\",\"dateModified\":\"2025-05-16T23:48:21+00:00\",\"breadcrumb\":{\"@id\":\"https:\/\/radio.fcejs.unsl.edu.ar\/index.php\/lo-tomo-como-un-desafio-y-como-un-aporte-para-la-educacion-publica-y-gratuita-que-es-lo-que-defendemos\/#breadcrumb\"},\"inLanguage\":\"es-AR\",\"potentialAction\":[{\"@type\":\"ReadAction\",\"target\":[\"https:\/\/radio.fcejs.unsl.edu.ar\/index.php\/lo-tomo-como-un-desafio-y-como-un-aporte-para-la-educacion-publica-y-gratuita-que-es-lo-que-defendemos\/\"]}]},{\"@type\":\"ImageObject\",\"inLanguage\":\"es-AR\",\"@id\":\"https:\/\/radio.fcejs.unsl.edu.ar\/index.php\/lo-tomo-como-un-desafio-y-como-un-aporte-para-la-educacion-publica-y-gratuita-que-es-lo-que-defendemos\/#primaryimage\",\"url\":\"https:\/\/radio.fcejs.unsl.edu.ar\/wp-content\/uploads\/2025\/05\/WhatsApp-Image-2025-05-16-at-19.28.47.jpeg\",\"contentUrl\":\"https:\/\/radio.fcejs.unsl.edu.ar\/wp-content\/uploads\/2025\/05\/WhatsApp-Image-2025-05-16-at-19.28.47.jpeg\",\"width\":1600,\"height\":738},{\"@type\":\"BreadcrumbList\",\"@id\":\"https:\/\/radio.fcejs.unsl.edu.ar\/index.php\/lo-tomo-como-un-desafio-y-como-un-aporte-para-la-educacion-publica-y-gratuita-que-es-lo-que-defendemos\/#breadcrumb\",\"itemListElement\":[{\"@type\":\"ListItem\",\"position\":1,\"name\":\"Inicio\",\"item\":\"https:\/\/radio.fcejs.unsl.edu.ar\/\"},{\"@type\":\"ListItem\",\"position\":2,\"name\":\"\u201cLo tomo como un desaf\u00edo y como un aporte para la educaci\u00f3n p\u00fablica y gratuita que es lo que defendemos\u201d.\"}]},{\"@type\":\"WebSite\",\"@id\":\"https:\/\/radio.fcejs.unsl.edu.ar\/#website\",\"url\":\"https:\/\/radio.fcejs.unsl.edu.ar\/\",\"name\":\"Radio Universidad Villa Mercedes 97.5 | UNSL\",\"description\":\"UNSL\",\"publisher\":{\"@id\":\"https:\/\/radio.fcejs.unsl.edu.ar\/#organization\"},\"potentialAction\":[{\"@type\":\"SearchAction\",\"target\":{\"@type\":\"EntryPoint\",\"urlTemplate\":\"https:\/\/radio.fcejs.unsl.edu.ar\/?s={search_term_string}\"},\"query-input\":{\"@type\":\"PropertyValueSpecification\",\"valueRequired\":true,\"valueName\":\"search_term_string\"}}],\"inLanguage\":\"es-AR\"},{\"@type\":\"Organization\",\"@id\":\"https:\/\/radio.fcejs.unsl.edu.ar\/#organization\",\"name\":\"Radio Universidad Villa Mercedes 97.5 | UNSL\",\"url\":\"https:\/\/radio.fcejs.unsl.edu.ar\/\",\"logo\":{\"@type\":\"ImageObject\",\"inLanguage\":\"es-AR\",\"@id\":\"https:\/\/radio.fcejs.unsl.edu.ar\/#\/schema\/logo\/image\/\",\"url\":\"https:\/\/radio.fcejs.unsl.edu.ar\/wp-content\/uploads\/2023\/12\/cropped-radio-villa-mercedes-97-5.png\",\"contentUrl\":\"https:\/\/radio.fcejs.unsl.edu.ar\/wp-content\/uploads\/2023\/12\/cropped-radio-villa-mercedes-97-5.png\",\"width\":908,\"height\":289,\"caption\":\"Radio Universidad Villa Mercedes 97.5 | UNSL\"},\"image\":{\"@id\":\"https:\/\/radio.fcejs.unsl.edu.ar\/#\/schema\/logo\/image\/\"}},{\"@type\":\"Person\",\"@id\":\"https:\/\/radio.fcejs.unsl.edu.ar\/#\/schema\/person\/71179a56ee499ac8cd4e46f865c627c7\",\"name\":\"Virginia Aguilera\",\"url\":\"https:\/\/radio.fcejs.unsl.edu.ar\/index.php\/author\/viraguilera\/\"}]}<\/script>\n<!-- \/ Yoast SEO plugin. -->","yoast_head_json":{"title":"\u201cLo tomo como un desaf\u00edo y como un aporte para la educaci\u00f3n p\u00fablica y gratuita que es lo que defendemos\u201d. - Radio Universidad Villa Mercedes 97.5 | UNSL","robots":{"index":"index","follow":"follow","max-snippet":"max-snippet:-1","max-image-preview":"max-image-preview:large","max-video-preview":"max-video-preview:-1"},"canonical":"https:\/\/radio.fcejs.unsl.edu.ar\/index.php\/lo-tomo-como-un-desafio-y-como-un-aporte-para-la-educacion-publica-y-gratuita-que-es-lo-que-defendemos\/","og_locale":"es_ES","og_type":"article","og_title":"\u201cLo tomo como un desaf\u00edo y como un aporte para la educaci\u00f3n p\u00fablica y gratuita que es lo que defendemos\u201d. - Radio Universidad Villa Mercedes 97.5 | UNSL","og_url":"https:\/\/radio.fcejs.unsl.edu.ar\/index.php\/lo-tomo-como-un-desafio-y-como-un-aporte-para-la-educacion-publica-y-gratuita-que-es-lo-que-defendemos\/","og_site_name":"Radio Universidad Villa Mercedes 97.5 | UNSL","article_published_time":"2025-05-16T22:54:56+00:00","article_modified_time":"2025-05-16T23:48:21+00:00","og_image":[{"width":1600,"height":738,"url":"http:\/\/radio.fcejs.unsl.edu.ar\/wp-content\/uploads\/2025\/05\/WhatsApp-Image-2025-05-16-at-19.28.47.jpeg","type":"image\/jpeg"}],"author":"Virginia Aguilera","twitter_card":"summary_large_image","twitter_misc":{"Escrito por":"Virginia Aguilera","Tiempo de lectura":"3 minutos"},"schema":{"@context":"https:\/\/schema.org","@graph":[{"@type":"Article","@id":"https:\/\/radio.fcejs.unsl.edu.ar\/index.php\/lo-tomo-como-un-desafio-y-como-un-aporte-para-la-educacion-publica-y-gratuita-que-es-lo-que-defendemos\/#article","isPartOf":{"@id":"https:\/\/radio.fcejs.unsl.edu.ar\/index.php\/lo-tomo-como-un-desafio-y-como-un-aporte-para-la-educacion-publica-y-gratuita-que-es-lo-que-defendemos\/"},"author":{"name":"Virginia Aguilera","@id":"https:\/\/radio.fcejs.unsl.edu.ar\/#\/schema\/person\/71179a56ee499ac8cd4e46f865c627c7"},"headline":"\u201cLo tomo como un desaf\u00edo y como un aporte para la educaci\u00f3n p\u00fablica y gratuita que es lo que defendemos\u201d.","datePublished":"2025-05-16T22:54:56+00:00","dateModified":"2025-05-16T23:48:21+00:00","mainEntityOfPage":{"@id":"https:\/\/radio.fcejs.unsl.edu.ar\/index.php\/lo-tomo-como-un-desafio-y-como-un-aporte-para-la-educacion-publica-y-gratuita-que-es-lo-que-defendemos\/"},"wordCount":635,"publisher":{"@id":"https:\/\/radio.fcejs.unsl.edu.ar\/#organization"},"image":{"@id":"https:\/\/radio.fcejs.unsl.edu.ar\/index.php\/lo-tomo-como-un-desafio-y-como-un-aporte-para-la-educacion-publica-y-gratuita-que-es-lo-que-defendemos\/#primaryimage"},"thumbnailUrl":"https:\/\/radio.fcejs.unsl.edu.ar\/wp-content\/uploads\/2025\/05\/WhatsApp-Image-2025-05-16-at-19.28.47.jpeg","articleSection":["Entrevistas"],"inLanguage":"es-AR"},{"@type":"WebPage","@id":"https:\/\/radio.fcejs.unsl.edu.ar\/index.php\/lo-tomo-como-un-desafio-y-como-un-aporte-para-la-educacion-publica-y-gratuita-que-es-lo-que-defendemos\/","url":"https:\/\/radio.fcejs.unsl.edu.ar\/index.php\/lo-tomo-como-un-desafio-y-como-un-aporte-para-la-educacion-publica-y-gratuita-que-es-lo-que-defendemos\/","name":"\u201cLo tomo como un desaf\u00edo y como un aporte para la educaci\u00f3n p\u00fablica y gratuita que es lo que defendemos\u201d. - Radio Universidad Villa Mercedes 97.5 | UNSL","isPartOf":{"@id":"https:\/\/radio.fcejs.unsl.edu.ar\/#website"},"primaryImageOfPage":{"@id":"https:\/\/radio.fcejs.unsl.edu.ar\/index.php\/lo-tomo-como-un-desafio-y-como-un-aporte-para-la-educacion-publica-y-gratuita-que-es-lo-que-defendemos\/#primaryimage"},"image":{"@id":"https:\/\/radio.fcejs.unsl.edu.ar\/index.php\/lo-tomo-como-un-desafio-y-como-un-aporte-para-la-educacion-publica-y-gratuita-que-es-lo-que-defendemos\/#primaryimage"},"thumbnailUrl":"https:\/\/radio.fcejs.unsl.edu.ar\/wp-content\/uploads\/2025\/05\/WhatsApp-Image-2025-05-16-at-19.28.47.jpeg","datePublished":"2025-05-16T22:54:56+00:00","dateModified":"2025-05-16T23:48:21+00:00","breadcrumb":{"@id":"https:\/\/radio.fcejs.unsl.edu.ar\/index.php\/lo-tomo-como-un-desafio-y-como-un-aporte-para-la-educacion-publica-y-gratuita-que-es-lo-que-defendemos\/#breadcrumb"},"inLanguage":"es-AR","potentialAction":[{"@type":"ReadAction","target":["https:\/\/radio.fcejs.unsl.edu.ar\/index.php\/lo-tomo-como-un-desafio-y-como-un-aporte-para-la-educacion-publica-y-gratuita-que-es-lo-que-defendemos\/"]}]},{"@type":"ImageObject","inLanguage":"es-AR","@id":"https:\/\/radio.fcejs.unsl.edu.ar\/index.php\/lo-tomo-como-un-desafio-y-como-un-aporte-para-la-educacion-publica-y-gratuita-que-es-lo-que-defendemos\/#primaryimage","url":"https:\/\/radio.fcejs.unsl.edu.ar\/wp-content\/uploads\/2025\/05\/WhatsApp-Image-2025-05-16-at-19.28.47.jpeg","contentUrl":"https:\/\/radio.fcejs.unsl.edu.ar\/wp-content\/uploads\/2025\/05\/WhatsApp-Image-2025-05-16-at-19.28.47.jpeg","width":1600,"height":738},{"@type":"BreadcrumbList","@id":"https:\/\/radio.fcejs.unsl.edu.ar\/index.php\/lo-tomo-como-un-desafio-y-como-un-aporte-para-la-educacion-publica-y-gratuita-que-es-lo-que-defendemos\/#breadcrumb","itemListElement":[{"@type":"ListItem","position":1,"name":"Inicio","item":"https:\/\/radio.fcejs.unsl.edu.ar\/"},{"@type":"ListItem","position":2,"name":"\u201cLo tomo como un desaf\u00edo y como un aporte para la educaci\u00f3n p\u00fablica y gratuita que es lo que defendemos\u201d."}]},{"@type":"WebSite","@id":"https:\/\/radio.fcejs.unsl.edu.ar\/#website","url":"https:\/\/radio.fcejs.unsl.edu.ar\/","name":"Radio Universidad Villa Mercedes 97.5 | UNSL","description":"UNSL","publisher":{"@id":"https:\/\/radio.fcejs.unsl.edu.ar\/#organization"},"potentialAction":[{"@type":"SearchAction","target":{"@type":"EntryPoint","urlTemplate":"https:\/\/radio.fcejs.unsl.edu.ar\/?s={search_term_string}"},"query-input":{"@type":"PropertyValueSpecification","valueRequired":true,"valueName":"search_term_string"}}],"inLanguage":"es-AR"},{"@type":"Organization","@id":"https:\/\/radio.fcejs.unsl.edu.ar\/#organization","name":"Radio Universidad Villa Mercedes 97.5 | UNSL","url":"https:\/\/radio.fcejs.unsl.edu.ar\/","logo":{"@type":"ImageObject","inLanguage":"es-AR","@id":"https:\/\/radio.fcejs.unsl.edu.ar\/#\/schema\/logo\/image\/","url":"https:\/\/radio.fcejs.unsl.edu.ar\/wp-content\/uploads\/2023\/12\/cropped-radio-villa-mercedes-97-5.png","contentUrl":"https:\/\/radio.fcejs.unsl.edu.ar\/wp-content\/uploads\/2023\/12\/cropped-radio-villa-mercedes-97-5.png","width":908,"height":289,"caption":"Radio Universidad Villa Mercedes 97.5 | UNSL"},"image":{"@id":"https:\/\/radio.fcejs.unsl.edu.ar\/#\/schema\/logo\/image\/"}},{"@type":"Person","@id":"https:\/\/radio.fcejs.unsl.edu.ar\/#\/schema\/person\/71179a56ee499ac8cd4e46f865c627c7","name":"Virginia Aguilera","url":"https:\/\/radio.fcejs.unsl.edu.ar\/index.php\/author\/viraguilera\/"}]}},"_links":{"self":[{"href":"https:\/\/radio.fcejs.unsl.edu.ar\/index.php\/wp-json\/wp\/v2\/posts\/2829","targetHints":{"allow":["GET"]}}],"collection":[{"href":"https:\/\/radio.fcejs.unsl.edu.ar\/index.php\/wp-json\/wp\/v2\/posts"}],"about":[{"href":"https:\/\/radio.fcejs.unsl.edu.ar\/index.php\/wp-json\/wp\/v2\/types\/post"}],"author":[{"embeddable":true,"href":"https:\/\/radio.fcejs.unsl.edu.ar\/index.php\/wp-json\/wp\/v2\/users\/5"}],"replies":[{"embeddable":true,"href":"https:\/\/radio.fcejs.unsl.edu.ar\/index.php\/wp-json\/wp\/v2\/comments?post=2829"}],"version-history":[{"count":3,"href":"https:\/\/radio.fcejs.unsl.edu.ar\/index.php\/wp-json\/wp\/v2\/posts\/2829\/revisions"}],"predecessor-version":[{"id":2833,"href":"https:\/\/radio.fcejs.unsl.edu.ar\/index.php\/wp-json\/wp\/v2\/posts\/2829\/revisions\/2833"}],"wp:featuredmedia":[{"embeddable":true,"href":"https:\/\/radio.fcejs.unsl.edu.ar\/index.php\/wp-json\/wp\/v2\/media\/2830"}],"wp:attachment":[{"href":"https:\/\/radio.fcejs.unsl.edu.ar\/index.php\/wp-json\/wp\/v2\/media?parent=2829"}],"wp:term":[{"taxonomy":"category","embeddable":true,"href":"https:\/\/radio.fcejs.unsl.edu.ar\/index.php\/wp-json\/wp\/v2\/categories?post=2829"},{"taxonomy":"post_tag","embeddable":true,"href":"https:\/\/radio.fcejs.unsl.edu.ar\/index.php\/wp-json\/wp\/v2\/tags?post=2829"}],"curies":[{"name":"wp","href":"https:\/\/api.w.org\/{rel}","templated":true}]}}