{"id":2823,"date":"2025-05-20T09:34:57","date_gmt":"2025-05-20T12:34:57","guid":{"rendered":"https:\/\/radio.fcejs.unsl.edu.ar\/?p=2823"},"modified":"2025-05-20T10:17:37","modified_gmt":"2025-05-20T13:17:37","slug":"entrevista-federico-serra-y-guillermo-martinez-radio-unsl","status":"publish","type":"post","link":"https:\/\/radio.fcejs.unsl.edu.ar\/index.php\/entrevista-federico-serra-y-guillermo-martinez-radio-unsl\/","title":{"rendered":"Federico Serra y Guillermo Martinez presentaron sus propuestas como candidatos por Acci\u00f3n Universitaria en la UNSL"},"content":{"rendered":"<p>Proximo a las elecciones generales de la Universidad Nacional de San Luis (UNSL) que se llevar\u00e1n a cabo el pr\u00f3ximo 21 de mayo, hablaron con Radio UNSL Villa Mercedes 97.5 FM el Dr. Ing. Federico Mart\u00edn Serra candidato a DECANO y el Ing. Guillermo Ariel Mart\u00ednez, candidato a VICEDECANO por el espacio Acci\u00f3n Universitaria.<\/p>\n<p>Durante la entrevista, los postulantes compartieron sus principales propuestas acad\u00e9micas e institucionales, destacando la necesidad de fortalecer el v\u00ednculo entre estudiantes, docentes y nodocentes, promover espacios de formaci\u00f3n integral, y garantizar una gesti\u00f3n transparente y participativa.<\/p>\n<audio class=\"wp-audio-shortcode\" id=\"audio-2823-1\" preload=\"none\" style=\"width: 100%;\" controls=\"controls\"><source type=\"audio\/mpeg\" src=\"https:\/\/radioupload.fica.unsl.edu.ar\/files\/jb\/Serra%20Ok.mp3?_=1\" \/><a href=\"https:\/\/radioupload.fica.unsl.edu.ar\/files\/jb\/Serra%20Ok.mp3\">https:\/\/radioupload.fica.unsl.edu.ar\/files\/jb\/Serra%20Ok.mp3<\/a><\/audio>\n<p style=\"text-align: right;\"><strong>Entrevista a Federico Serra<\/strong><\/p>\n<p>\u201cEl rol de la universidad en cuanto a investigaci\u00f3n y extensi\u00f3n es fundamental para la comunidad en la regi\u00f3n\u201d, dijeron.<\/p>\n<p>Adem\u00e1s, invitaron a toda la comunidad universitaria \u2014estudiantes, docentes, nodocentes y egresados\u2014 a participar activamente en las elecciones, remarcando la importancia de ejercer el derecho al voto para definir el futuro de la universidad.<\/p>\n<p>Las elecciones se realizar\u00e1n el martes 21 de mayo, de 9:00 a 19:00, en las tres sedes de la UNSL.<\/p>\n<audio class=\"wp-audio-shortcode\" id=\"audio-2823-2\" preload=\"none\" style=\"width: 100%;\" controls=\"controls\"><source type=\"audio\/mpeg\" src=\"https:\/\/radioupload.fica.unsl.edu.ar\/files\/jb\/Martinez%20Ok.mp3?_=2\" \/><a href=\"https:\/\/radioupload.fica.unsl.edu.ar\/files\/jb\/Martinez%20Ok.mp3\">https:\/\/radioupload.fica.unsl.edu.ar\/files\/jb\/Martinez%20Ok.mp3<\/a><\/audio>\n<p style=\"text-align: right;\"><strong>Entrevista a Guillermo Mart\u00ednez<\/strong><\/p>\n","protected":false},"excerpt":{"rendered":"<p>Proximo a las elecciones generales de la Universidad Nacional de San Luis (UNSL) que se llevar\u00e1n a cabo el pr\u00f3ximo 21 de mayo, hablaron con Radio UNSL Villa Mercedes 97.5 FM el Dr. Ing. Federico Mart\u00edn Serra candidato a DECANO y el Ing. Guillermo Ariel Mart\u00ednez, candidato a VICEDECANO por el espacio Acci\u00f3n Universitaria. Durante&#8230;<\/p>\n","protected":false},"author":3,"featured_media":2824,"comment_status":"closed","ping_status":"closed","sticky":false,"template":"","format":"standard","meta":{"_kad_post_transparent":"default","_kad_post_title":"default","_kad_post_layout":"default","_kad_post_sidebar_id":"","_kad_post_content_style":"default","_kad_post_vertical_padding":"default","_kad_post_feature":"","_kad_post_feature_position":"","_kad_post_header":false,"_kad_post_footer":false,"_kad_post_classname":"","footnotes":""},"categories":[14],"tags":[],"class_list":["post-2823","post","type-post","status-publish","format-standard","has-post-thumbnail","hentry","category-entrevistas"],"yoast_head":"<!-- This site is optimized with the Yoast SEO plugin v27.2 - https:\/\/yoast.com\/product\/yoast-seo-wordpress\/ -->\n<title>Federico Serra y Guillermo Martinez presentaron sus propuestas como candidatos por Acci\u00f3n Universitaria en la UNSL - Radio Universidad Villa Mercedes 97.5 | UNSL<\/title>\n<meta name=\"robots\" content=\"index, follow, max-snippet:-1, max-image-preview:large, max-video-preview:-1\" \/>\n<link rel=\"canonical\" href=\"https:\/\/radio.fcejs.unsl.edu.ar\/index.php\/entrevista-federico-serra-y-guillermo-martinez-radio-unsl\/\" \/>\n<meta property=\"og:locale\" content=\"es_ES\" \/>\n<meta property=\"og:type\" content=\"article\" \/>\n<meta property=\"og:title\" content=\"Federico Serra y Guillermo Martinez presentaron sus propuestas como candidatos por Acci\u00f3n Universitaria en la UNSL - Radio Universidad Villa Mercedes 97.5 | UNSL\" \/>\n<meta property=\"og:description\" content=\"Proximo a las elecciones generales de la Universidad Nacional de San Luis (UNSL) que se llevar\u00e1n a cabo el pr\u00f3ximo 21 de mayo, hablaron con Radio UNSL Villa Mercedes 97.5 FM el Dr. Ing. Federico Mart\u00edn Serra candidato a DECANO y el Ing. Guillermo Ariel Mart\u00ednez, candidato a VICEDECANO por el espacio Acci\u00f3n Universitaria. Durante...\" \/>\n<meta property=\"og:url\" content=\"https:\/\/radio.fcejs.unsl.edu.ar\/index.php\/entrevista-federico-serra-y-guillermo-martinez-radio-unsl\/\" \/>\n<meta property=\"og:site_name\" content=\"Radio Universidad Villa Mercedes 97.5 | UNSL\" \/>\n<meta property=\"article:published_time\" content=\"2025-05-20T12:34:57+00:00\" \/>\n<meta property=\"article:modified_time\" content=\"2025-05-20T13:17:37+00:00\" \/>\n<meta property=\"og:image\" content=\"http:\/\/radio.fcejs.unsl.edu.ar\/wp-content\/uploads\/2025\/05\/serra-martinez-nota.jpg\" \/>\n\t<meta property=\"og:image:width\" content=\"933\" \/>\n\t<meta property=\"og:image:height\" content=\"614\" \/>\n\t<meta property=\"og:image:type\" content=\"image\/jpeg\" \/>\n<meta name=\"author\" content=\"Anibal Claveles\" \/>\n<meta name=\"twitter:card\" content=\"summary_large_image\" \/>\n<meta name=\"twitter:label1\" content=\"Escrito por\" \/>\n\t<meta name=\"twitter:data1\" content=\"Anibal Claveles\" \/>\n\t<meta name=\"twitter:label2\" content=\"Tiempo de lectura\" \/>\n\t<meta name=\"twitter:data2\" content=\"1 minuto\" \/>\n<script type=\"application\/ld+json\" class=\"yoast-schema-graph\">{\"@context\":\"https:\/\/schema.org\",\"@graph\":[{\"@type\":\"Article\",\"@id\":\"https:\/\/radio.fcejs.unsl.edu.ar\/index.php\/entrevista-federico-serra-y-guillermo-martinez-radio-unsl\/#article\",\"isPartOf\":{\"@id\":\"https:\/\/radio.fcejs.unsl.edu.ar\/index.php\/entrevista-federico-serra-y-guillermo-martinez-radio-unsl\/\"},\"author\":{\"name\":\"Anibal Claveles\",\"@id\":\"https:\/\/radio.fcejs.unsl.edu.ar\/#\/schema\/person\/112347a957e59cad859b59d7df7175f6\"},\"headline\":\"Federico Serra y Guillermo Martinez presentaron sus propuestas como candidatos por Acci\u00f3n Universitaria en la UNSL\",\"datePublished\":\"2025-05-20T12:34:57+00:00\",\"dateModified\":\"2025-05-20T13:17:37+00:00\",\"mainEntityOfPage\":{\"@id\":\"https:\/\/radio.fcejs.unsl.edu.ar\/index.php\/entrevista-federico-serra-y-guillermo-martinez-radio-unsl\/\"},\"wordCount\":225,\"publisher\":{\"@id\":\"https:\/\/radio.fcejs.unsl.edu.ar\/#organization\"},\"image\":{\"@id\":\"https:\/\/radio.fcejs.unsl.edu.ar\/index.php\/entrevista-federico-serra-y-guillermo-martinez-radio-unsl\/#primaryimage\"},\"thumbnailUrl\":\"https:\/\/radio.fcejs.unsl.edu.ar\/wp-content\/uploads\/2025\/05\/serra-martinez-nota.jpg\",\"articleSection\":[\"Entrevistas\"],\"inLanguage\":\"es-AR\"},{\"@type\":\"WebPage\",\"@id\":\"https:\/\/radio.fcejs.unsl.edu.ar\/index.php\/entrevista-federico-serra-y-guillermo-martinez-radio-unsl\/\",\"url\":\"https:\/\/radio.fcejs.unsl.edu.ar\/index.php\/entrevista-federico-serra-y-guillermo-martinez-radio-unsl\/\",\"name\":\"Federico Serra y Guillermo Martinez presentaron sus propuestas como candidatos por Acci\u00f3n Universitaria en la UNSL - Radio Universidad Villa Mercedes 97.5 | UNSL\",\"isPartOf\":{\"@id\":\"https:\/\/radio.fcejs.unsl.edu.ar\/#website\"},\"primaryImageOfPage\":{\"@id\":\"https:\/\/radio.fcejs.unsl.edu.ar\/index.php\/entrevista-federico-serra-y-guillermo-martinez-radio-unsl\/#primaryimage\"},\"image\":{\"@id\":\"https:\/\/radio.fcejs.unsl.edu.ar\/index.php\/entrevista-federico-serra-y-guillermo-martinez-radio-unsl\/#primaryimage\"},\"thumbnailUrl\":\"https:\/\/radio.fcejs.unsl.edu.ar\/wp-content\/uploads\/2025\/05\/serra-martinez-nota.jpg\",\"datePublished\":\"2025-05-20T12:34:57+00:00\",\"dateModified\":\"2025-05-20T13:17:37+00:00\",\"breadcrumb\":{\"@id\":\"https:\/\/radio.fcejs.unsl.edu.ar\/index.php\/entrevista-federico-serra-y-guillermo-martinez-radio-unsl\/#breadcrumb\"},\"inLanguage\":\"es-AR\",\"potentialAction\":[{\"@type\":\"ReadAction\",\"target\":[\"https:\/\/radio.fcejs.unsl.edu.ar\/index.php\/entrevista-federico-serra-y-guillermo-martinez-radio-unsl\/\"]}]},{\"@type\":\"ImageObject\",\"inLanguage\":\"es-AR\",\"@id\":\"https:\/\/radio.fcejs.unsl.edu.ar\/index.php\/entrevista-federico-serra-y-guillermo-martinez-radio-unsl\/#primaryimage\",\"url\":\"https:\/\/radio.fcejs.unsl.edu.ar\/wp-content\/uploads\/2025\/05\/serra-martinez-nota.jpg\",\"contentUrl\":\"https:\/\/radio.fcejs.unsl.edu.ar\/wp-content\/uploads\/2025\/05\/serra-martinez-nota.jpg\",\"width\":933,\"height\":614},{\"@type\":\"BreadcrumbList\",\"@id\":\"https:\/\/radio.fcejs.unsl.edu.ar\/index.php\/entrevista-federico-serra-y-guillermo-martinez-radio-unsl\/#breadcrumb\",\"itemListElement\":[{\"@type\":\"ListItem\",\"position\":1,\"name\":\"Inicio\",\"item\":\"https:\/\/radio.fcejs.unsl.edu.ar\/\"},{\"@type\":\"ListItem\",\"position\":2,\"name\":\"Federico Serra y Guillermo Martinez presentaron sus propuestas como candidatos por Acci\u00f3n Universitaria en la UNSL\"}]},{\"@type\":\"WebSite\",\"@id\":\"https:\/\/radio.fcejs.unsl.edu.ar\/#website\",\"url\":\"https:\/\/radio.fcejs.unsl.edu.ar\/\",\"name\":\"Radio Universidad Villa Mercedes 97.5 | UNSL\",\"description\":\"UNSL\",\"publisher\":{\"@id\":\"https:\/\/radio.fcejs.unsl.edu.ar\/#organization\"},\"potentialAction\":[{\"@type\":\"SearchAction\",\"target\":{\"@type\":\"EntryPoint\",\"urlTemplate\":\"https:\/\/radio.fcejs.unsl.edu.ar\/?s={search_term_string}\"},\"query-input\":{\"@type\":\"PropertyValueSpecification\",\"valueRequired\":true,\"valueName\":\"search_term_string\"}}],\"inLanguage\":\"es-AR\"},{\"@type\":\"Organization\",\"@id\":\"https:\/\/radio.fcejs.unsl.edu.ar\/#organization\",\"name\":\"Radio Universidad Villa Mercedes 97.5 | UNSL\",\"url\":\"https:\/\/radio.fcejs.unsl.edu.ar\/\",\"logo\":{\"@type\":\"ImageObject\",\"inLanguage\":\"es-AR\",\"@id\":\"https:\/\/radio.fcejs.unsl.edu.ar\/#\/schema\/logo\/image\/\",\"url\":\"https:\/\/radio.fcejs.unsl.edu.ar\/wp-content\/uploads\/2023\/12\/cropped-radio-villa-mercedes-97-5.png\",\"contentUrl\":\"https:\/\/radio.fcejs.unsl.edu.ar\/wp-content\/uploads\/2023\/12\/cropped-radio-villa-mercedes-97-5.png\",\"width\":908,\"height\":289,\"caption\":\"Radio Universidad Villa Mercedes 97.5 | UNSL\"},\"image\":{\"@id\":\"https:\/\/radio.fcejs.unsl.edu.ar\/#\/schema\/logo\/image\/\"}},{\"@type\":\"Person\",\"@id\":\"https:\/\/radio.fcejs.unsl.edu.ar\/#\/schema\/person\/112347a957e59cad859b59d7df7175f6\",\"name\":\"Anibal Claveles\",\"url\":\"https:\/\/radio.fcejs.unsl.edu.ar\/index.php\/author\/radio_edicion_fcejs\/\"}]}<\/script>\n<!-- \/ Yoast SEO plugin. -->","yoast_head_json":{"title":"Federico Serra y Guillermo Martinez presentaron sus propuestas como candidatos por Acci\u00f3n Universitaria en la UNSL - Radio Universidad Villa Mercedes 97.5 | UNSL","robots":{"index":"index","follow":"follow","max-snippet":"max-snippet:-1","max-image-preview":"max-image-preview:large","max-video-preview":"max-video-preview:-1"},"canonical":"https:\/\/radio.fcejs.unsl.edu.ar\/index.php\/entrevista-federico-serra-y-guillermo-martinez-radio-unsl\/","og_locale":"es_ES","og_type":"article","og_title":"Federico Serra y Guillermo Martinez presentaron sus propuestas como candidatos por Acci\u00f3n Universitaria en la UNSL - Radio Universidad Villa Mercedes 97.5 | UNSL","og_description":"Proximo a las elecciones generales de la Universidad Nacional de San Luis (UNSL) que se llevar\u00e1n a cabo el pr\u00f3ximo 21 de mayo, hablaron con Radio UNSL Villa Mercedes 97.5 FM el Dr. Ing. Federico Mart\u00edn Serra candidato a DECANO y el Ing. Guillermo Ariel Mart\u00ednez, candidato a VICEDECANO por el espacio Acci\u00f3n Universitaria. Durante...","og_url":"https:\/\/radio.fcejs.unsl.edu.ar\/index.php\/entrevista-federico-serra-y-guillermo-martinez-radio-unsl\/","og_site_name":"Radio Universidad Villa Mercedes 97.5 | UNSL","article_published_time":"2025-05-20T12:34:57+00:00","article_modified_time":"2025-05-20T13:17:37+00:00","og_image":[{"width":933,"height":614,"url":"http:\/\/radio.fcejs.unsl.edu.ar\/wp-content\/uploads\/2025\/05\/serra-martinez-nota.jpg","type":"image\/jpeg"}],"author":"Anibal Claveles","twitter_card":"summary_large_image","twitter_misc":{"Escrito por":"Anibal Claveles","Tiempo de lectura":"1 minuto"},"schema":{"@context":"https:\/\/schema.org","@graph":[{"@type":"Article","@id":"https:\/\/radio.fcejs.unsl.edu.ar\/index.php\/entrevista-federico-serra-y-guillermo-martinez-radio-unsl\/#article","isPartOf":{"@id":"https:\/\/radio.fcejs.unsl.edu.ar\/index.php\/entrevista-federico-serra-y-guillermo-martinez-radio-unsl\/"},"author":{"name":"Anibal Claveles","@id":"https:\/\/radio.fcejs.unsl.edu.ar\/#\/schema\/person\/112347a957e59cad859b59d7df7175f6"},"headline":"Federico Serra y Guillermo Martinez presentaron sus propuestas como candidatos por Acci\u00f3n Universitaria en la UNSL","datePublished":"2025-05-20T12:34:57+00:00","dateModified":"2025-05-20T13:17:37+00:00","mainEntityOfPage":{"@id":"https:\/\/radio.fcejs.unsl.edu.ar\/index.php\/entrevista-federico-serra-y-guillermo-martinez-radio-unsl\/"},"wordCount":225,"publisher":{"@id":"https:\/\/radio.fcejs.unsl.edu.ar\/#organization"},"image":{"@id":"https:\/\/radio.fcejs.unsl.edu.ar\/index.php\/entrevista-federico-serra-y-guillermo-martinez-radio-unsl\/#primaryimage"},"thumbnailUrl":"https:\/\/radio.fcejs.unsl.edu.ar\/wp-content\/uploads\/2025\/05\/serra-martinez-nota.jpg","articleSection":["Entrevistas"],"inLanguage":"es-AR"},{"@type":"WebPage","@id":"https:\/\/radio.fcejs.unsl.edu.ar\/index.php\/entrevista-federico-serra-y-guillermo-martinez-radio-unsl\/","url":"https:\/\/radio.fcejs.unsl.edu.ar\/index.php\/entrevista-federico-serra-y-guillermo-martinez-radio-unsl\/","name":"Federico Serra y Guillermo Martinez presentaron sus propuestas como candidatos por Acci\u00f3n Universitaria en la UNSL - Radio Universidad Villa Mercedes 97.5 | UNSL","isPartOf":{"@id":"https:\/\/radio.fcejs.unsl.edu.ar\/#website"},"primaryImageOfPage":{"@id":"https:\/\/radio.fcejs.unsl.edu.ar\/index.php\/entrevista-federico-serra-y-guillermo-martinez-radio-unsl\/#primaryimage"},"image":{"@id":"https:\/\/radio.fcejs.unsl.edu.ar\/index.php\/entrevista-federico-serra-y-guillermo-martinez-radio-unsl\/#primaryimage"},"thumbnailUrl":"https:\/\/radio.fcejs.unsl.edu.ar\/wp-content\/uploads\/2025\/05\/serra-martinez-nota.jpg","datePublished":"2025-05-20T12:34:57+00:00","dateModified":"2025-05-20T13:17:37+00:00","breadcrumb":{"@id":"https:\/\/radio.fcejs.unsl.edu.ar\/index.php\/entrevista-federico-serra-y-guillermo-martinez-radio-unsl\/#breadcrumb"},"inLanguage":"es-AR","potentialAction":[{"@type":"ReadAction","target":["https:\/\/radio.fcejs.unsl.edu.ar\/index.php\/entrevista-federico-serra-y-guillermo-martinez-radio-unsl\/"]}]},{"@type":"ImageObject","inLanguage":"es-AR","@id":"https:\/\/radio.fcejs.unsl.edu.ar\/index.php\/entrevista-federico-serra-y-guillermo-martinez-radio-unsl\/#primaryimage","url":"https:\/\/radio.fcejs.unsl.edu.ar\/wp-content\/uploads\/2025\/05\/serra-martinez-nota.jpg","contentUrl":"https:\/\/radio.fcejs.unsl.edu.ar\/wp-content\/uploads\/2025\/05\/serra-martinez-nota.jpg","width":933,"height":614},{"@type":"BreadcrumbList","@id":"https:\/\/radio.fcejs.unsl.edu.ar\/index.php\/entrevista-federico-serra-y-guillermo-martinez-radio-unsl\/#breadcrumb","itemListElement":[{"@type":"ListItem","position":1,"name":"Inicio","item":"https:\/\/radio.fcejs.unsl.edu.ar\/"},{"@type":"ListItem","position":2,"name":"Federico Serra y Guillermo Martinez presentaron sus propuestas como candidatos por Acci\u00f3n Universitaria en la UNSL"}]},{"@type":"WebSite","@id":"https:\/\/radio.fcejs.unsl.edu.ar\/#website","url":"https:\/\/radio.fcejs.unsl.edu.ar\/","name":"Radio Universidad Villa Mercedes 97.5 | UNSL","description":"UNSL","publisher":{"@id":"https:\/\/radio.fcejs.unsl.edu.ar\/#organization"},"potentialAction":[{"@type":"SearchAction","target":{"@type":"EntryPoint","urlTemplate":"https:\/\/radio.fcejs.unsl.edu.ar\/?s={search_term_string}"},"query-input":{"@type":"PropertyValueSpecification","valueRequired":true,"valueName":"search_term_string"}}],"inLanguage":"es-AR"},{"@type":"Organization","@id":"https:\/\/radio.fcejs.unsl.edu.ar\/#organization","name":"Radio Universidad Villa Mercedes 97.5 | UNSL","url":"https:\/\/radio.fcejs.unsl.edu.ar\/","logo":{"@type":"ImageObject","inLanguage":"es-AR","@id":"https:\/\/radio.fcejs.unsl.edu.ar\/#\/schema\/logo\/image\/","url":"https:\/\/radio.fcejs.unsl.edu.ar\/wp-content\/uploads\/2023\/12\/cropped-radio-villa-mercedes-97-5.png","contentUrl":"https:\/\/radio.fcejs.unsl.edu.ar\/wp-content\/uploads\/2023\/12\/cropped-radio-villa-mercedes-97-5.png","width":908,"height":289,"caption":"Radio Universidad Villa Mercedes 97.5 | UNSL"},"image":{"@id":"https:\/\/radio.fcejs.unsl.edu.ar\/#\/schema\/logo\/image\/"}},{"@type":"Person","@id":"https:\/\/radio.fcejs.unsl.edu.ar\/#\/schema\/person\/112347a957e59cad859b59d7df7175f6","name":"Anibal Claveles","url":"https:\/\/radio.fcejs.unsl.edu.ar\/index.php\/author\/radio_edicion_fcejs\/"}]}},"_links":{"self":[{"href":"https:\/\/radio.fcejs.unsl.edu.ar\/index.php\/wp-json\/wp\/v2\/posts\/2823","targetHints":{"allow":["GET"]}}],"collection":[{"href":"https:\/\/radio.fcejs.unsl.edu.ar\/index.php\/wp-json\/wp\/v2\/posts"}],"about":[{"href":"https:\/\/radio.fcejs.unsl.edu.ar\/index.php\/wp-json\/wp\/v2\/types\/post"}],"author":[{"embeddable":true,"href":"https:\/\/radio.fcejs.unsl.edu.ar\/index.php\/wp-json\/wp\/v2\/users\/3"}],"replies":[{"embeddable":true,"href":"https:\/\/radio.fcejs.unsl.edu.ar\/index.php\/wp-json\/wp\/v2\/comments?post=2823"}],"version-history":[{"count":1,"href":"https:\/\/radio.fcejs.unsl.edu.ar\/index.php\/wp-json\/wp\/v2\/posts\/2823\/revisions"}],"predecessor-version":[{"id":2825,"href":"https:\/\/radio.fcejs.unsl.edu.ar\/index.php\/wp-json\/wp\/v2\/posts\/2823\/revisions\/2825"}],"wp:featuredmedia":[{"embeddable":true,"href":"https:\/\/radio.fcejs.unsl.edu.ar\/index.php\/wp-json\/wp\/v2\/media\/2824"}],"wp:attachment":[{"href":"https:\/\/radio.fcejs.unsl.edu.ar\/index.php\/wp-json\/wp\/v2\/media?parent=2823"}],"wp:term":[{"taxonomy":"category","embeddable":true,"href":"https:\/\/radio.fcejs.unsl.edu.ar\/index.php\/wp-json\/wp\/v2\/categories?post=2823"},{"taxonomy":"post_tag","embeddable":true,"href":"https:\/\/radio.fcejs.unsl.edu.ar\/index.php\/wp-json\/wp\/v2\/tags?post=2823"}],"curies":[{"name":"wp","href":"https:\/\/api.w.org\/{rel}","templated":true}]}}