{"id":2806,"date":"2025-05-06T19:47:13","date_gmt":"2025-05-06T22:47:13","guid":{"rendered":"https:\/\/radio.fcejs.unsl.edu.ar\/?p=2806"},"modified":"2025-05-06T19:50:46","modified_gmt":"2025-05-06T22:50:46","slug":"especializacion-en-intervenciones-sociales-ninos-as-adolescentes-y-jovenes-un-proyecto-colectivo","status":"publish","type":"post","link":"https:\/\/radio.fcejs.unsl.edu.ar\/index.php\/especializacion-en-intervenciones-sociales-ninos-as-adolescentes-y-jovenes-un-proyecto-colectivo\/","title":{"rendered":"Especializaci\u00f3n en Intervenciones Sociales Ni\u00f1os\/as, Adolescentes y J\u00f3venes, un proyecto colectivo."},"content":{"rendered":"<p>En radio UNSL-VM dialogamos con la <strong>Mag. Alejandra Rovacio, directora de la \u201cEspecializaci\u00f3n en Intervenciones Sociales Ni\u00f1os\/as, Adolescentes y J\u00f3venes\u201d<\/strong> que se dicta en la Facultad de Ciencias Econ\u00f3micas Jur\u00eddicas y Sociales de la UNSL en Villa Mercedes.<\/p>\n<p>Sobre el objetivo de la carrera, Rovacio dijo: \u201cTenemos como objetivo la formaci\u00f3n en intervenci\u00f3n social con estos ni\u00f1os. Nuestra preocupaci\u00f3n, nuestra inquietud de formaci\u00f3n tiene que ver con que de acuerdo a c\u00f3mo nosotros entendemos esta poblaci\u00f3n, es la manera en que vamos a intervenir. Nosotros trabajamos no s\u00f3lo en una perspectiva de entender a la infancia o a la juventud desde una perspectiva etaria, sino m\u00e1s de una perspectiva cultural, social, desde el g\u00e9nero, y desde la condici\u00f3n de clase. Entonces, entendemos que estas poblaciones se definen a partir de esos elementos\u2026\u201d.<\/p>\n<p>Sobre la historia del origen de la referida carrera de posgrado la docente cont\u00f3: \u201cNosotros surgimos en el a\u00f1o 2011, todav\u00eda no hab\u00eda la divisi\u00f3n entre FICA y FCEJS, nosotros \u00e9ramos FICES, y entonces en ese momento empezamos con el proyecto de especializaci\u00f3n. \u00bfPor qu\u00e9 surge? \u00bfCu\u00e1les son las condiciones de producci\u00f3n dir\u00edan algunos, que dan lugar al surgimiento del proyecto? Tiene que ver con que la infancia\/s y la juventud\/des son tem\u00e1ticas que siempre han preocupado a los distintos actores sociales. Preocupado en el sentido de decir: c\u00f3mo generamos acciones que puedan incidir de manera positiva en estas comunidades, en estas poblaciones, en este sector. Entonces a partir de esas preocupaciones advertimos que en la zona no hab\u00eda ninguna formaci\u00f3n que tuviera como destinatarios a estas poblaciones. Entonces as\u00ed empezamos a trabajar en el proyecto, y ya hoy podr\u00edamos contarte que estamos en la 4\u00b0 cohorte de la carrera\u2026\u201d-<\/p>\n<p>La carrera cuenta con equipo interdisciplinario integrado por especialistas e investigadores en el tema, que forman parte de la UNSL, y tambi\u00e9n de otras Universidades del pa\u00eds. Sobre esto Rovacio coment\u00f3:\u00a0 \u201cNosotros tenemos un cuerpo de direcci\u00f3n que est\u00e1 formado. En este momento yo ocupo el lugar de directora, pero tambi\u00e9n tenemos una codirectora que es Andrea Corna. Y tambi\u00e9n tenemos una responsable acad\u00e9mica que es Julieta Rodrigo. Pero adem\u00e1s tenemos un comit\u00e9 acad\u00e9mico que est\u00e1 integrado tanto por docentes de nuestra facultad, como tambi\u00e9n por docentes externos a nuestra facultad. Integran nuestro comit\u00e9 la Doctora Mar\u00eda Elena Flores de la Universidad Nacional de C\u00f3rdoba, el Magister Alberto Taborda de la Universidad Nacional de C\u00f3rdoba, la Doctora Mariana Ch\u00e1vez de la Universidad de La Plata investigadora de CONICET, y tambi\u00e9n Manuel Mallardi investigador de CONICET categor\u00eda uno y de la Universidad de Tandil. \u00bfPor qu\u00e9 cuento esto? Porque es un proyecto colectivo\u201d. \u2013 Y agreg\u00f3 adem\u00e1s, \u00a0que desde la Especializaci\u00f3n actualmente trabajan en distintos espacios y con distintas instituciones del medio que abordan las problem\u00e1ticas vinculadas.<\/p>\n<p>Los invitamos a conocer mucho m\u00e1s sobre esta carrera de posgrado en el siguiente audio:<\/p>\n<audio class=\"wp-audio-shortcode\" id=\"audio-2806-1\" preload=\"none\" style=\"width: 100%;\" controls=\"controls\"><source type=\"audio\/mpeg\" src=\"https:\/\/radioupload.fica.unsl.edu.ar\/files\/jb\/ALEJANDRA%20ROVACIO-%2011-04_25.mp3?_=1\" \/><a href=\"https:\/\/radioupload.fica.unsl.edu.ar\/files\/jb\/ALEJANDRA%20ROVACIO-%2011-04_25.mp3\">https:\/\/radioupload.fica.unsl.edu.ar\/files\/jb\/ALEJANDRA%20ROVACIO-%2011-04_25.mp3<\/a><\/audio>\n<p>&nbsp;<\/p>\n<p>&nbsp;<\/p>\n<p>&nbsp;<\/p>\n<p>Entrevista: Virginia Aguilera- Radio UNSL en Villa Mercedes.-<\/p>\n","protected":false},"excerpt":{"rendered":"<p>En radio UNSL-VM dialogamos con la Mag. Alejandra Rovacio, directora de la \u201cEspecializaci\u00f3n en Intervenciones Sociales Ni\u00f1os\/as, Adolescentes y J\u00f3venes\u201d que se dicta en la Facultad de Ciencias Econ\u00f3micas Jur\u00eddicas y Sociales de la UNSL en Villa Mercedes. Sobre el objetivo de la carrera, Rovacio dijo: \u201cTenemos como objetivo la formaci\u00f3n en intervenci\u00f3n social con&#8230;<\/p>\n","protected":false},"author":5,"featured_media":2807,"comment_status":"closed","ping_status":"closed","sticky":false,"template":"","format":"standard","meta":{"_kad_post_transparent":"default","_kad_post_title":"default","_kad_post_layout":"default","_kad_post_sidebar_id":"","_kad_post_content_style":"default","_kad_post_vertical_padding":"default","_kad_post_feature":"","_kad_post_feature_position":"","_kad_post_header":false,"_kad_post_footer":false,"_kad_post_classname":"","footnotes":""},"categories":[14],"tags":[],"class_list":["post-2806","post","type-post","status-publish","format-standard","has-post-thumbnail","hentry","category-entrevistas"],"yoast_head":"<!-- This site is optimized with the Yoast SEO plugin v27.2 - https:\/\/yoast.com\/product\/yoast-seo-wordpress\/ -->\n<title>Especializaci\u00f3n en Intervenciones Sociales Ni\u00f1os\/as, Adolescentes y J\u00f3venes, un proyecto colectivo. - Radio Universidad Villa Mercedes 97.5 | UNSL<\/title>\n<meta name=\"robots\" content=\"index, follow, max-snippet:-1, max-image-preview:large, max-video-preview:-1\" \/>\n<link rel=\"canonical\" href=\"https:\/\/radio.fcejs.unsl.edu.ar\/index.php\/especializacion-en-intervenciones-sociales-ninos-as-adolescentes-y-jovenes-un-proyecto-colectivo\/\" \/>\n<meta property=\"og:locale\" content=\"es_ES\" \/>\n<meta property=\"og:type\" content=\"article\" \/>\n<meta property=\"og:title\" content=\"Especializaci\u00f3n en Intervenciones Sociales Ni\u00f1os\/as, Adolescentes y J\u00f3venes, un proyecto colectivo. - Radio Universidad Villa Mercedes 97.5 | UNSL\" \/>\n<meta property=\"og:description\" content=\"En radio UNSL-VM dialogamos con la Mag. Alejandra Rovacio, directora de la \u201cEspecializaci\u00f3n en Intervenciones Sociales Ni\u00f1os\/as, Adolescentes y J\u00f3venes\u201d que se dicta en la Facultad de Ciencias Econ\u00f3micas Jur\u00eddicas y Sociales de la UNSL en Villa Mercedes. Sobre el objetivo de la carrera, Rovacio dijo: \u201cTenemos como objetivo la formaci\u00f3n en intervenci\u00f3n social con...\" \/>\n<meta property=\"og:url\" content=\"https:\/\/radio.fcejs.unsl.edu.ar\/index.php\/especializacion-en-intervenciones-sociales-ninos-as-adolescentes-y-jovenes-un-proyecto-colectivo\/\" \/>\n<meta property=\"og:site_name\" content=\"Radio Universidad Villa Mercedes 97.5 | UNSL\" \/>\n<meta property=\"article:published_time\" content=\"2025-05-06T22:47:13+00:00\" \/>\n<meta property=\"article:modified_time\" content=\"2025-05-06T22:50:46+00:00\" \/>\n<meta property=\"og:image\" content=\"http:\/\/radio.fcejs.unsl.edu.ar\/wp-content\/uploads\/2025\/05\/feria-ciencia-49-e1746571840569.jpg\" \/>\n\t<meta property=\"og:image:width\" content=\"592\" \/>\n\t<meta property=\"og:image:height\" content=\"733\" \/>\n\t<meta property=\"og:image:type\" content=\"image\/jpeg\" \/>\n<meta name=\"author\" content=\"Virginia Aguilera\" \/>\n<meta name=\"twitter:card\" content=\"summary_large_image\" \/>\n<meta name=\"twitter:label1\" content=\"Escrito por\" \/>\n\t<meta name=\"twitter:data1\" content=\"Virginia Aguilera\" \/>\n\t<meta name=\"twitter:label2\" content=\"Tiempo de lectura\" \/>\n\t<meta name=\"twitter:data2\" content=\"3 minutos\" \/>\n<script type=\"application\/ld+json\" class=\"yoast-schema-graph\">{\"@context\":\"https:\/\/schema.org\",\"@graph\":[{\"@type\":\"Article\",\"@id\":\"https:\/\/radio.fcejs.unsl.edu.ar\/index.php\/especializacion-en-intervenciones-sociales-ninos-as-adolescentes-y-jovenes-un-proyecto-colectivo\/#article\",\"isPartOf\":{\"@id\":\"https:\/\/radio.fcejs.unsl.edu.ar\/index.php\/especializacion-en-intervenciones-sociales-ninos-as-adolescentes-y-jovenes-un-proyecto-colectivo\/\"},\"author\":{\"name\":\"Virginia Aguilera\",\"@id\":\"https:\/\/radio.fcejs.unsl.edu.ar\/#\/schema\/person\/71179a56ee499ac8cd4e46f865c627c7\"},\"headline\":\"Especializaci\u00f3n en Intervenciones Sociales Ni\u00f1os\/as, Adolescentes y J\u00f3venes, un proyecto colectivo.\",\"datePublished\":\"2025-05-06T22:47:13+00:00\",\"dateModified\":\"2025-05-06T22:50:46+00:00\",\"mainEntityOfPage\":{\"@id\":\"https:\/\/radio.fcejs.unsl.edu.ar\/index.php\/especializacion-en-intervenciones-sociales-ninos-as-adolescentes-y-jovenes-un-proyecto-colectivo\/\"},\"wordCount\":562,\"publisher\":{\"@id\":\"https:\/\/radio.fcejs.unsl.edu.ar\/#organization\"},\"image\":{\"@id\":\"https:\/\/radio.fcejs.unsl.edu.ar\/index.php\/especializacion-en-intervenciones-sociales-ninos-as-adolescentes-y-jovenes-un-proyecto-colectivo\/#primaryimage\"},\"thumbnailUrl\":\"https:\/\/radio.fcejs.unsl.edu.ar\/wp-content\/uploads\/2025\/05\/feria-ciencia-49-e1746571840569.jpg\",\"articleSection\":[\"Entrevistas\"],\"inLanguage\":\"es-AR\"},{\"@type\":\"WebPage\",\"@id\":\"https:\/\/radio.fcejs.unsl.edu.ar\/index.php\/especializacion-en-intervenciones-sociales-ninos-as-adolescentes-y-jovenes-un-proyecto-colectivo\/\",\"url\":\"https:\/\/radio.fcejs.unsl.edu.ar\/index.php\/especializacion-en-intervenciones-sociales-ninos-as-adolescentes-y-jovenes-un-proyecto-colectivo\/\",\"name\":\"Especializaci\u00f3n en Intervenciones Sociales Ni\u00f1os\/as, Adolescentes y J\u00f3venes, un proyecto colectivo. - Radio Universidad Villa Mercedes 97.5 | UNSL\",\"isPartOf\":{\"@id\":\"https:\/\/radio.fcejs.unsl.edu.ar\/#website\"},\"primaryImageOfPage\":{\"@id\":\"https:\/\/radio.fcejs.unsl.edu.ar\/index.php\/especializacion-en-intervenciones-sociales-ninos-as-adolescentes-y-jovenes-un-proyecto-colectivo\/#primaryimage\"},\"image\":{\"@id\":\"https:\/\/radio.fcejs.unsl.edu.ar\/index.php\/especializacion-en-intervenciones-sociales-ninos-as-adolescentes-y-jovenes-un-proyecto-colectivo\/#primaryimage\"},\"thumbnailUrl\":\"https:\/\/radio.fcejs.unsl.edu.ar\/wp-content\/uploads\/2025\/05\/feria-ciencia-49-e1746571840569.jpg\",\"datePublished\":\"2025-05-06T22:47:13+00:00\",\"dateModified\":\"2025-05-06T22:50:46+00:00\",\"breadcrumb\":{\"@id\":\"https:\/\/radio.fcejs.unsl.edu.ar\/index.php\/especializacion-en-intervenciones-sociales-ninos-as-adolescentes-y-jovenes-un-proyecto-colectivo\/#breadcrumb\"},\"inLanguage\":\"es-AR\",\"potentialAction\":[{\"@type\":\"ReadAction\",\"target\":[\"https:\/\/radio.fcejs.unsl.edu.ar\/index.php\/especializacion-en-intervenciones-sociales-ninos-as-adolescentes-y-jovenes-un-proyecto-colectivo\/\"]}]},{\"@type\":\"ImageObject\",\"inLanguage\":\"es-AR\",\"@id\":\"https:\/\/radio.fcejs.unsl.edu.ar\/index.php\/especializacion-en-intervenciones-sociales-ninos-as-adolescentes-y-jovenes-un-proyecto-colectivo\/#primaryimage\",\"url\":\"https:\/\/radio.fcejs.unsl.edu.ar\/wp-content\/uploads\/2025\/05\/feria-ciencia-49-e1746571840569.jpg\",\"contentUrl\":\"https:\/\/radio.fcejs.unsl.edu.ar\/wp-content\/uploads\/2025\/05\/feria-ciencia-49-e1746571840569.jpg\",\"width\":592,\"height\":733},{\"@type\":\"BreadcrumbList\",\"@id\":\"https:\/\/radio.fcejs.unsl.edu.ar\/index.php\/especializacion-en-intervenciones-sociales-ninos-as-adolescentes-y-jovenes-un-proyecto-colectivo\/#breadcrumb\",\"itemListElement\":[{\"@type\":\"ListItem\",\"position\":1,\"name\":\"Inicio\",\"item\":\"https:\/\/radio.fcejs.unsl.edu.ar\/\"},{\"@type\":\"ListItem\",\"position\":2,\"name\":\"Especializaci\u00f3n en Intervenciones Sociales Ni\u00f1os\/as, Adolescentes y J\u00f3venes, un proyecto colectivo.\"}]},{\"@type\":\"WebSite\",\"@id\":\"https:\/\/radio.fcejs.unsl.edu.ar\/#website\",\"url\":\"https:\/\/radio.fcejs.unsl.edu.ar\/\",\"name\":\"Radio Universidad Villa Mercedes 97.5 | UNSL\",\"description\":\"UNSL\",\"publisher\":{\"@id\":\"https:\/\/radio.fcejs.unsl.edu.ar\/#organization\"},\"potentialAction\":[{\"@type\":\"SearchAction\",\"target\":{\"@type\":\"EntryPoint\",\"urlTemplate\":\"https:\/\/radio.fcejs.unsl.edu.ar\/?s={search_term_string}\"},\"query-input\":{\"@type\":\"PropertyValueSpecification\",\"valueRequired\":true,\"valueName\":\"search_term_string\"}}],\"inLanguage\":\"es-AR\"},{\"@type\":\"Organization\",\"@id\":\"https:\/\/radio.fcejs.unsl.edu.ar\/#organization\",\"name\":\"Radio Universidad Villa Mercedes 97.5 | UNSL\",\"url\":\"https:\/\/radio.fcejs.unsl.edu.ar\/\",\"logo\":{\"@type\":\"ImageObject\",\"inLanguage\":\"es-AR\",\"@id\":\"https:\/\/radio.fcejs.unsl.edu.ar\/#\/schema\/logo\/image\/\",\"url\":\"https:\/\/radio.fcejs.unsl.edu.ar\/wp-content\/uploads\/2023\/12\/cropped-radio-villa-mercedes-97-5.png\",\"contentUrl\":\"https:\/\/radio.fcejs.unsl.edu.ar\/wp-content\/uploads\/2023\/12\/cropped-radio-villa-mercedes-97-5.png\",\"width\":908,\"height\":289,\"caption\":\"Radio Universidad Villa Mercedes 97.5 | UNSL\"},\"image\":{\"@id\":\"https:\/\/radio.fcejs.unsl.edu.ar\/#\/schema\/logo\/image\/\"}},{\"@type\":\"Person\",\"@id\":\"https:\/\/radio.fcejs.unsl.edu.ar\/#\/schema\/person\/71179a56ee499ac8cd4e46f865c627c7\",\"name\":\"Virginia Aguilera\",\"url\":\"https:\/\/radio.fcejs.unsl.edu.ar\/index.php\/author\/viraguilera\/\"}]}<\/script>\n<!-- \/ Yoast SEO plugin. -->","yoast_head_json":{"title":"Especializaci\u00f3n en Intervenciones Sociales Ni\u00f1os\/as, Adolescentes y J\u00f3venes, un proyecto colectivo. - Radio Universidad Villa Mercedes 97.5 | UNSL","robots":{"index":"index","follow":"follow","max-snippet":"max-snippet:-1","max-image-preview":"max-image-preview:large","max-video-preview":"max-video-preview:-1"},"canonical":"https:\/\/radio.fcejs.unsl.edu.ar\/index.php\/especializacion-en-intervenciones-sociales-ninos-as-adolescentes-y-jovenes-un-proyecto-colectivo\/","og_locale":"es_ES","og_type":"article","og_title":"Especializaci\u00f3n en Intervenciones Sociales Ni\u00f1os\/as, Adolescentes y J\u00f3venes, un proyecto colectivo. - Radio Universidad Villa Mercedes 97.5 | UNSL","og_description":"En radio UNSL-VM dialogamos con la Mag. Alejandra Rovacio, directora de la \u201cEspecializaci\u00f3n en Intervenciones Sociales Ni\u00f1os\/as, Adolescentes y J\u00f3venes\u201d que se dicta en la Facultad de Ciencias Econ\u00f3micas Jur\u00eddicas y Sociales de la UNSL en Villa Mercedes. Sobre el objetivo de la carrera, Rovacio dijo: \u201cTenemos como objetivo la formaci\u00f3n en intervenci\u00f3n social con...","og_url":"https:\/\/radio.fcejs.unsl.edu.ar\/index.php\/especializacion-en-intervenciones-sociales-ninos-as-adolescentes-y-jovenes-un-proyecto-colectivo\/","og_site_name":"Radio Universidad Villa Mercedes 97.5 | UNSL","article_published_time":"2025-05-06T22:47:13+00:00","article_modified_time":"2025-05-06T22:50:46+00:00","og_image":[{"width":592,"height":733,"url":"http:\/\/radio.fcejs.unsl.edu.ar\/wp-content\/uploads\/2025\/05\/feria-ciencia-49-e1746571840569.jpg","type":"image\/jpeg"}],"author":"Virginia Aguilera","twitter_card":"summary_large_image","twitter_misc":{"Escrito por":"Virginia Aguilera","Tiempo de lectura":"3 minutos"},"schema":{"@context":"https:\/\/schema.org","@graph":[{"@type":"Article","@id":"https:\/\/radio.fcejs.unsl.edu.ar\/index.php\/especializacion-en-intervenciones-sociales-ninos-as-adolescentes-y-jovenes-un-proyecto-colectivo\/#article","isPartOf":{"@id":"https:\/\/radio.fcejs.unsl.edu.ar\/index.php\/especializacion-en-intervenciones-sociales-ninos-as-adolescentes-y-jovenes-un-proyecto-colectivo\/"},"author":{"name":"Virginia Aguilera","@id":"https:\/\/radio.fcejs.unsl.edu.ar\/#\/schema\/person\/71179a56ee499ac8cd4e46f865c627c7"},"headline":"Especializaci\u00f3n en Intervenciones Sociales Ni\u00f1os\/as, Adolescentes y J\u00f3venes, un proyecto colectivo.","datePublished":"2025-05-06T22:47:13+00:00","dateModified":"2025-05-06T22:50:46+00:00","mainEntityOfPage":{"@id":"https:\/\/radio.fcejs.unsl.edu.ar\/index.php\/especializacion-en-intervenciones-sociales-ninos-as-adolescentes-y-jovenes-un-proyecto-colectivo\/"},"wordCount":562,"publisher":{"@id":"https:\/\/radio.fcejs.unsl.edu.ar\/#organization"},"image":{"@id":"https:\/\/radio.fcejs.unsl.edu.ar\/index.php\/especializacion-en-intervenciones-sociales-ninos-as-adolescentes-y-jovenes-un-proyecto-colectivo\/#primaryimage"},"thumbnailUrl":"https:\/\/radio.fcejs.unsl.edu.ar\/wp-content\/uploads\/2025\/05\/feria-ciencia-49-e1746571840569.jpg","articleSection":["Entrevistas"],"inLanguage":"es-AR"},{"@type":"WebPage","@id":"https:\/\/radio.fcejs.unsl.edu.ar\/index.php\/especializacion-en-intervenciones-sociales-ninos-as-adolescentes-y-jovenes-un-proyecto-colectivo\/","url":"https:\/\/radio.fcejs.unsl.edu.ar\/index.php\/especializacion-en-intervenciones-sociales-ninos-as-adolescentes-y-jovenes-un-proyecto-colectivo\/","name":"Especializaci\u00f3n en Intervenciones Sociales Ni\u00f1os\/as, Adolescentes y J\u00f3venes, un proyecto colectivo. - Radio Universidad Villa Mercedes 97.5 | UNSL","isPartOf":{"@id":"https:\/\/radio.fcejs.unsl.edu.ar\/#website"},"primaryImageOfPage":{"@id":"https:\/\/radio.fcejs.unsl.edu.ar\/index.php\/especializacion-en-intervenciones-sociales-ninos-as-adolescentes-y-jovenes-un-proyecto-colectivo\/#primaryimage"},"image":{"@id":"https:\/\/radio.fcejs.unsl.edu.ar\/index.php\/especializacion-en-intervenciones-sociales-ninos-as-adolescentes-y-jovenes-un-proyecto-colectivo\/#primaryimage"},"thumbnailUrl":"https:\/\/radio.fcejs.unsl.edu.ar\/wp-content\/uploads\/2025\/05\/feria-ciencia-49-e1746571840569.jpg","datePublished":"2025-05-06T22:47:13+00:00","dateModified":"2025-05-06T22:50:46+00:00","breadcrumb":{"@id":"https:\/\/radio.fcejs.unsl.edu.ar\/index.php\/especializacion-en-intervenciones-sociales-ninos-as-adolescentes-y-jovenes-un-proyecto-colectivo\/#breadcrumb"},"inLanguage":"es-AR","potentialAction":[{"@type":"ReadAction","target":["https:\/\/radio.fcejs.unsl.edu.ar\/index.php\/especializacion-en-intervenciones-sociales-ninos-as-adolescentes-y-jovenes-un-proyecto-colectivo\/"]}]},{"@type":"ImageObject","inLanguage":"es-AR","@id":"https:\/\/radio.fcejs.unsl.edu.ar\/index.php\/especializacion-en-intervenciones-sociales-ninos-as-adolescentes-y-jovenes-un-proyecto-colectivo\/#primaryimage","url":"https:\/\/radio.fcejs.unsl.edu.ar\/wp-content\/uploads\/2025\/05\/feria-ciencia-49-e1746571840569.jpg","contentUrl":"https:\/\/radio.fcejs.unsl.edu.ar\/wp-content\/uploads\/2025\/05\/feria-ciencia-49-e1746571840569.jpg","width":592,"height":733},{"@type":"BreadcrumbList","@id":"https:\/\/radio.fcejs.unsl.edu.ar\/index.php\/especializacion-en-intervenciones-sociales-ninos-as-adolescentes-y-jovenes-un-proyecto-colectivo\/#breadcrumb","itemListElement":[{"@type":"ListItem","position":1,"name":"Inicio","item":"https:\/\/radio.fcejs.unsl.edu.ar\/"},{"@type":"ListItem","position":2,"name":"Especializaci\u00f3n en Intervenciones Sociales Ni\u00f1os\/as, Adolescentes y J\u00f3venes, un proyecto colectivo."}]},{"@type":"WebSite","@id":"https:\/\/radio.fcejs.unsl.edu.ar\/#website","url":"https:\/\/radio.fcejs.unsl.edu.ar\/","name":"Radio Universidad Villa Mercedes 97.5 | UNSL","description":"UNSL","publisher":{"@id":"https:\/\/radio.fcejs.unsl.edu.ar\/#organization"},"potentialAction":[{"@type":"SearchAction","target":{"@type":"EntryPoint","urlTemplate":"https:\/\/radio.fcejs.unsl.edu.ar\/?s={search_term_string}"},"query-input":{"@type":"PropertyValueSpecification","valueRequired":true,"valueName":"search_term_string"}}],"inLanguage":"es-AR"},{"@type":"Organization","@id":"https:\/\/radio.fcejs.unsl.edu.ar\/#organization","name":"Radio Universidad Villa Mercedes 97.5 | UNSL","url":"https:\/\/radio.fcejs.unsl.edu.ar\/","logo":{"@type":"ImageObject","inLanguage":"es-AR","@id":"https:\/\/radio.fcejs.unsl.edu.ar\/#\/schema\/logo\/image\/","url":"https:\/\/radio.fcejs.unsl.edu.ar\/wp-content\/uploads\/2023\/12\/cropped-radio-villa-mercedes-97-5.png","contentUrl":"https:\/\/radio.fcejs.unsl.edu.ar\/wp-content\/uploads\/2023\/12\/cropped-radio-villa-mercedes-97-5.png","width":908,"height":289,"caption":"Radio Universidad Villa Mercedes 97.5 | UNSL"},"image":{"@id":"https:\/\/radio.fcejs.unsl.edu.ar\/#\/schema\/logo\/image\/"}},{"@type":"Person","@id":"https:\/\/radio.fcejs.unsl.edu.ar\/#\/schema\/person\/71179a56ee499ac8cd4e46f865c627c7","name":"Virginia Aguilera","url":"https:\/\/radio.fcejs.unsl.edu.ar\/index.php\/author\/viraguilera\/"}]}},"_links":{"self":[{"href":"https:\/\/radio.fcejs.unsl.edu.ar\/index.php\/wp-json\/wp\/v2\/posts\/2806","targetHints":{"allow":["GET"]}}],"collection":[{"href":"https:\/\/radio.fcejs.unsl.edu.ar\/index.php\/wp-json\/wp\/v2\/posts"}],"about":[{"href":"https:\/\/radio.fcejs.unsl.edu.ar\/index.php\/wp-json\/wp\/v2\/types\/post"}],"author":[{"embeddable":true,"href":"https:\/\/radio.fcejs.unsl.edu.ar\/index.php\/wp-json\/wp\/v2\/users\/5"}],"replies":[{"embeddable":true,"href":"https:\/\/radio.fcejs.unsl.edu.ar\/index.php\/wp-json\/wp\/v2\/comments?post=2806"}],"version-history":[{"count":1,"href":"https:\/\/radio.fcejs.unsl.edu.ar\/index.php\/wp-json\/wp\/v2\/posts\/2806\/revisions"}],"predecessor-version":[{"id":2808,"href":"https:\/\/radio.fcejs.unsl.edu.ar\/index.php\/wp-json\/wp\/v2\/posts\/2806\/revisions\/2808"}],"wp:featuredmedia":[{"embeddable":true,"href":"https:\/\/radio.fcejs.unsl.edu.ar\/index.php\/wp-json\/wp\/v2\/media\/2807"}],"wp:attachment":[{"href":"https:\/\/radio.fcejs.unsl.edu.ar\/index.php\/wp-json\/wp\/v2\/media?parent=2806"}],"wp:term":[{"taxonomy":"category","embeddable":true,"href":"https:\/\/radio.fcejs.unsl.edu.ar\/index.php\/wp-json\/wp\/v2\/categories?post=2806"},{"taxonomy":"post_tag","embeddable":true,"href":"https:\/\/radio.fcejs.unsl.edu.ar\/index.php\/wp-json\/wp\/v2\/tags?post=2806"}],"curies":[{"name":"wp","href":"https:\/\/api.w.org\/{rel}","templated":true}]}}