{"id":2760,"date":"2025-03-20T09:03:04","date_gmt":"2025-03-20T12:03:04","guid":{"rendered":"https:\/\/radio.fcejs.unsl.edu.ar\/?p=2760"},"modified":"2025-03-20T09:03:04","modified_gmt":"2025-03-20T12:03:04","slug":"paro-universitario-fuerte-adhesion-a-la-medida-de-fuerza-en-san-luis","status":"publish","type":"post","link":"https:\/\/radio.fcejs.unsl.edu.ar\/index.php\/paro-universitario-fuerte-adhesion-a-la-medida-de-fuerza-en-san-luis\/","title":{"rendered":"Paro universitario: fuerte adhesi\u00f3n a la medida de fuerza en San Luis"},"content":{"rendered":"<p>La secretaria general de la Asociaci\u00f3n de Docentes Universitarios ADU San Luis, Viviana Mercado, hizo un balance de los dos d\u00edas de paro de docentes en la UNSL y la UNViMe: \u201ctuvimos una fuerte adhesi\u00f3n. Fue contundente el acatamiento fundamentalmente por el apoyo de FATUN\u201d. Se\u00f1al\u00f3 que el reclamo por recomposici\u00f3n salarial \u201cse reitera ante la falta de respuestas del gobierno\u201d.<\/p>\n<audio class=\"wp-audio-shortcode\" id=\"audio-2760-1\" preload=\"none\" style=\"width: 100%;\" controls=\"controls\"><source type=\"audio\/mpeg\" src=\"https:\/\/radioupload.fica.unsl.edu.ar\/files\/jb\/viviana20-03-25.mp3?_=1\" \/><a href=\"https:\/\/radioupload.fica.unsl.edu.ar\/files\/jb\/viviana20-03-25.mp3\">https:\/\/radioupload.fica.unsl.edu.ar\/files\/jb\/viviana20-03-25.mp3<\/a><\/audio>\n<p>\u201cPor la negativa del gobierno y la inflaci\u00f3n acumulada se agrava la situaci\u00f3n salarial. Llegamos actualmente a una p\u00e9rdida del poder adquisitivo del 35 %. Nos deben el equivalente a tres sueldos. Esto se suma a la incertidumbre en la asignaci\u00f3n presupuestaria y al reclamo por la recuperaci\u00f3n del espacio de negociaci\u00f3n, la paritaria\u201d, advirti\u00f3.<\/p>\n","protected":false},"excerpt":{"rendered":"<p>La secretaria general de la Asociaci\u00f3n de Docentes Universitarios ADU San Luis, Viviana Mercado, hizo un balance de los dos d\u00edas de paro de docentes en la UNSL y la UNViMe: \u201ctuvimos una fuerte adhesi\u00f3n. Fue contundente el acatamiento fundamentalmente por el apoyo de FATUN\u201d. Se\u00f1al\u00f3 que el reclamo por recomposici\u00f3n salarial \u201cse reitera ante&#8230;<\/p>\n","protected":false},"author":2,"featured_media":2083,"comment_status":"closed","ping_status":"closed","sticky":false,"template":"","format":"standard","meta":{"_kad_post_transparent":"default","_kad_post_title":"default","_kad_post_layout":"default","_kad_post_sidebar_id":"","_kad_post_content_style":"default","_kad_post_vertical_padding":"default","_kad_post_feature":"","_kad_post_feature_position":"","_kad_post_header":false,"_kad_post_footer":false,"_kad_post_classname":"","footnotes":""},"categories":[9,14],"tags":[],"class_list":["post-2760","post","type-post","status-publish","format-standard","has-post-thumbnail","hentry","category-destacada","category-entrevistas"],"yoast_head":"<!-- This site is optimized with the Yoast SEO plugin v27.2 - https:\/\/yoast.com\/product\/yoast-seo-wordpress\/ -->\n<title>Paro universitario: fuerte adhesi\u00f3n a la medida de fuerza en San Luis - Radio Universidad Villa Mercedes 97.5 | UNSL<\/title>\n<meta name=\"robots\" content=\"index, follow, max-snippet:-1, max-image-preview:large, max-video-preview:-1\" \/>\n<link rel=\"canonical\" href=\"https:\/\/radio.fcejs.unsl.edu.ar\/index.php\/paro-universitario-fuerte-adhesion-a-la-medida-de-fuerza-en-san-luis\/\" \/>\n<meta property=\"og:locale\" content=\"es_ES\" \/>\n<meta property=\"og:type\" content=\"article\" \/>\n<meta property=\"og:title\" content=\"Paro universitario: fuerte adhesi\u00f3n a la medida de fuerza en San Luis - Radio Universidad Villa Mercedes 97.5 | UNSL\" \/>\n<meta property=\"og:description\" content=\"La secretaria general de la Asociaci\u00f3n de Docentes Universitarios ADU San Luis, Viviana Mercado, hizo un balance de los dos d\u00edas de paro de docentes en la UNSL y la UNViMe: \u201ctuvimos una fuerte adhesi\u00f3n. Fue contundente el acatamiento fundamentalmente por el apoyo de FATUN\u201d. Se\u00f1al\u00f3 que el reclamo por recomposici\u00f3n salarial \u201cse reitera ante...\" \/>\n<meta property=\"og:url\" content=\"https:\/\/radio.fcejs.unsl.edu.ar\/index.php\/paro-universitario-fuerte-adhesion-a-la-medida-de-fuerza-en-san-luis\/\" \/>\n<meta property=\"og:site_name\" content=\"Radio Universidad Villa Mercedes 97.5 | UNSL\" \/>\n<meta property=\"article:published_time\" content=\"2025-03-20T12:03:04+00:00\" \/>\n<meta property=\"og:image\" content=\"https:\/\/radio.fcejs.unsl.edu.ar\/wp-content\/uploads\/2024\/04\/mercado24-04-24.jpg\" \/>\n\t<meta property=\"og:image:width\" content=\"1500\" \/>\n\t<meta property=\"og:image:height\" content=\"1125\" \/>\n\t<meta property=\"og:image:type\" content=\"image\/jpeg\" \/>\n<meta name=\"author\" content=\"Redaccion Radio\" \/>\n<meta name=\"twitter:card\" content=\"summary_large_image\" \/>\n<meta name=\"twitter:label1\" content=\"Escrito por\" \/>\n\t<meta name=\"twitter:data1\" content=\"Redaccion Radio\" \/>\n\t<meta name=\"twitter:label2\" content=\"Tiempo de lectura\" \/>\n\t<meta name=\"twitter:data2\" content=\"1 minuto\" \/>\n<script type=\"application\/ld+json\" class=\"yoast-schema-graph\">{\"@context\":\"https:\/\/schema.org\",\"@graph\":[{\"@type\":\"Article\",\"@id\":\"https:\/\/radio.fcejs.unsl.edu.ar\/index.php\/paro-universitario-fuerte-adhesion-a-la-medida-de-fuerza-en-san-luis\/#article\",\"isPartOf\":{\"@id\":\"https:\/\/radio.fcejs.unsl.edu.ar\/index.php\/paro-universitario-fuerte-adhesion-a-la-medida-de-fuerza-en-san-luis\/\"},\"author\":{\"name\":\"Redaccion Radio\",\"@id\":\"https:\/\/radio.fcejs.unsl.edu.ar\/#\/schema\/person\/17e27260a1b995c2bd3a5989077ba3fb\"},\"headline\":\"Paro universitario: fuerte adhesi\u00f3n a la medida de fuerza en San Luis\",\"datePublished\":\"2025-03-20T12:03:04+00:00\",\"mainEntityOfPage\":{\"@id\":\"https:\/\/radio.fcejs.unsl.edu.ar\/index.php\/paro-universitario-fuerte-adhesion-a-la-medida-de-fuerza-en-san-luis\/\"},\"wordCount\":152,\"publisher\":{\"@id\":\"https:\/\/radio.fcejs.unsl.edu.ar\/#organization\"},\"image\":{\"@id\":\"https:\/\/radio.fcejs.unsl.edu.ar\/index.php\/paro-universitario-fuerte-adhesion-a-la-medida-de-fuerza-en-san-luis\/#primaryimage\"},\"thumbnailUrl\":\"https:\/\/radio.fcejs.unsl.edu.ar\/wp-content\/uploads\/2024\/04\/mercado24-04-24.jpg\",\"articleSection\":[\"Destacada\",\"Entrevistas\"],\"inLanguage\":\"es-AR\"},{\"@type\":\"WebPage\",\"@id\":\"https:\/\/radio.fcejs.unsl.edu.ar\/index.php\/paro-universitario-fuerte-adhesion-a-la-medida-de-fuerza-en-san-luis\/\",\"url\":\"https:\/\/radio.fcejs.unsl.edu.ar\/index.php\/paro-universitario-fuerte-adhesion-a-la-medida-de-fuerza-en-san-luis\/\",\"name\":\"Paro universitario: fuerte adhesi\u00f3n a la medida de fuerza en San Luis - Radio Universidad Villa Mercedes 97.5 | UNSL\",\"isPartOf\":{\"@id\":\"https:\/\/radio.fcejs.unsl.edu.ar\/#website\"},\"primaryImageOfPage\":{\"@id\":\"https:\/\/radio.fcejs.unsl.edu.ar\/index.php\/paro-universitario-fuerte-adhesion-a-la-medida-de-fuerza-en-san-luis\/#primaryimage\"},\"image\":{\"@id\":\"https:\/\/radio.fcejs.unsl.edu.ar\/index.php\/paro-universitario-fuerte-adhesion-a-la-medida-de-fuerza-en-san-luis\/#primaryimage\"},\"thumbnailUrl\":\"https:\/\/radio.fcejs.unsl.edu.ar\/wp-content\/uploads\/2024\/04\/mercado24-04-24.jpg\",\"datePublished\":\"2025-03-20T12:03:04+00:00\",\"breadcrumb\":{\"@id\":\"https:\/\/radio.fcejs.unsl.edu.ar\/index.php\/paro-universitario-fuerte-adhesion-a-la-medida-de-fuerza-en-san-luis\/#breadcrumb\"},\"inLanguage\":\"es-AR\",\"potentialAction\":[{\"@type\":\"ReadAction\",\"target\":[\"https:\/\/radio.fcejs.unsl.edu.ar\/index.php\/paro-universitario-fuerte-adhesion-a-la-medida-de-fuerza-en-san-luis\/\"]}]},{\"@type\":\"ImageObject\",\"inLanguage\":\"es-AR\",\"@id\":\"https:\/\/radio.fcejs.unsl.edu.ar\/index.php\/paro-universitario-fuerte-adhesion-a-la-medida-de-fuerza-en-san-luis\/#primaryimage\",\"url\":\"https:\/\/radio.fcejs.unsl.edu.ar\/wp-content\/uploads\/2024\/04\/mercado24-04-24.jpg\",\"contentUrl\":\"https:\/\/radio.fcejs.unsl.edu.ar\/wp-content\/uploads\/2024\/04\/mercado24-04-24.jpg\",\"width\":1500,\"height\":1125},{\"@type\":\"BreadcrumbList\",\"@id\":\"https:\/\/radio.fcejs.unsl.edu.ar\/index.php\/paro-universitario-fuerte-adhesion-a-la-medida-de-fuerza-en-san-luis\/#breadcrumb\",\"itemListElement\":[{\"@type\":\"ListItem\",\"position\":1,\"name\":\"Inicio\",\"item\":\"https:\/\/radio.fcejs.unsl.edu.ar\/\"},{\"@type\":\"ListItem\",\"position\":2,\"name\":\"Paro universitario: fuerte adhesi\u00f3n a la medida de fuerza en San Luis\"}]},{\"@type\":\"WebSite\",\"@id\":\"https:\/\/radio.fcejs.unsl.edu.ar\/#website\",\"url\":\"https:\/\/radio.fcejs.unsl.edu.ar\/\",\"name\":\"Radio Universidad Villa Mercedes 97.5 | UNSL\",\"description\":\"UNSL\",\"publisher\":{\"@id\":\"https:\/\/radio.fcejs.unsl.edu.ar\/#organization\"},\"potentialAction\":[{\"@type\":\"SearchAction\",\"target\":{\"@type\":\"EntryPoint\",\"urlTemplate\":\"https:\/\/radio.fcejs.unsl.edu.ar\/?s={search_term_string}\"},\"query-input\":{\"@type\":\"PropertyValueSpecification\",\"valueRequired\":true,\"valueName\":\"search_term_string\"}}],\"inLanguage\":\"es-AR\"},{\"@type\":\"Organization\",\"@id\":\"https:\/\/radio.fcejs.unsl.edu.ar\/#organization\",\"name\":\"Radio Universidad Villa Mercedes 97.5 | UNSL\",\"url\":\"https:\/\/radio.fcejs.unsl.edu.ar\/\",\"logo\":{\"@type\":\"ImageObject\",\"inLanguage\":\"es-AR\",\"@id\":\"https:\/\/radio.fcejs.unsl.edu.ar\/#\/schema\/logo\/image\/\",\"url\":\"https:\/\/radio.fcejs.unsl.edu.ar\/wp-content\/uploads\/2023\/12\/cropped-radio-villa-mercedes-97-5.png\",\"contentUrl\":\"https:\/\/radio.fcejs.unsl.edu.ar\/wp-content\/uploads\/2023\/12\/cropped-radio-villa-mercedes-97-5.png\",\"width\":908,\"height\":289,\"caption\":\"Radio Universidad Villa Mercedes 97.5 | UNSL\"},\"image\":{\"@id\":\"https:\/\/radio.fcejs.unsl.edu.ar\/#\/schema\/logo\/image\/\"}},{\"@type\":\"Person\",\"@id\":\"https:\/\/radio.fcejs.unsl.edu.ar\/#\/schema\/person\/17e27260a1b995c2bd3a5989077ba3fb\",\"name\":\"Redaccion Radio\",\"url\":\"https:\/\/radio.fcejs.unsl.edu.ar\/index.php\/author\/radio_redaccion_fcejs\/\"}]}<\/script>\n<!-- \/ Yoast SEO plugin. -->","yoast_head_json":{"title":"Paro universitario: fuerte adhesi\u00f3n a la medida de fuerza en San Luis - Radio Universidad Villa Mercedes 97.5 | UNSL","robots":{"index":"index","follow":"follow","max-snippet":"max-snippet:-1","max-image-preview":"max-image-preview:large","max-video-preview":"max-video-preview:-1"},"canonical":"https:\/\/radio.fcejs.unsl.edu.ar\/index.php\/paro-universitario-fuerte-adhesion-a-la-medida-de-fuerza-en-san-luis\/","og_locale":"es_ES","og_type":"article","og_title":"Paro universitario: fuerte adhesi\u00f3n a la medida de fuerza en San Luis - Radio Universidad Villa Mercedes 97.5 | UNSL","og_description":"La secretaria general de la Asociaci\u00f3n de Docentes Universitarios ADU San Luis, Viviana Mercado, hizo un balance de los dos d\u00edas de paro de docentes en la UNSL y la UNViMe: \u201ctuvimos una fuerte adhesi\u00f3n. Fue contundente el acatamiento fundamentalmente por el apoyo de FATUN\u201d. Se\u00f1al\u00f3 que el reclamo por recomposici\u00f3n salarial \u201cse reitera ante...","og_url":"https:\/\/radio.fcejs.unsl.edu.ar\/index.php\/paro-universitario-fuerte-adhesion-a-la-medida-de-fuerza-en-san-luis\/","og_site_name":"Radio Universidad Villa Mercedes 97.5 | UNSL","article_published_time":"2025-03-20T12:03:04+00:00","og_image":[{"width":1500,"height":1125,"url":"https:\/\/radio.fcejs.unsl.edu.ar\/wp-content\/uploads\/2024\/04\/mercado24-04-24.jpg","type":"image\/jpeg"}],"author":"Redaccion Radio","twitter_card":"summary_large_image","twitter_misc":{"Escrito por":"Redaccion Radio","Tiempo de lectura":"1 minuto"},"schema":{"@context":"https:\/\/schema.org","@graph":[{"@type":"Article","@id":"https:\/\/radio.fcejs.unsl.edu.ar\/index.php\/paro-universitario-fuerte-adhesion-a-la-medida-de-fuerza-en-san-luis\/#article","isPartOf":{"@id":"https:\/\/radio.fcejs.unsl.edu.ar\/index.php\/paro-universitario-fuerte-adhesion-a-la-medida-de-fuerza-en-san-luis\/"},"author":{"name":"Redaccion Radio","@id":"https:\/\/radio.fcejs.unsl.edu.ar\/#\/schema\/person\/17e27260a1b995c2bd3a5989077ba3fb"},"headline":"Paro universitario: fuerte adhesi\u00f3n a la medida de fuerza en San Luis","datePublished":"2025-03-20T12:03:04+00:00","mainEntityOfPage":{"@id":"https:\/\/radio.fcejs.unsl.edu.ar\/index.php\/paro-universitario-fuerte-adhesion-a-la-medida-de-fuerza-en-san-luis\/"},"wordCount":152,"publisher":{"@id":"https:\/\/radio.fcejs.unsl.edu.ar\/#organization"},"image":{"@id":"https:\/\/radio.fcejs.unsl.edu.ar\/index.php\/paro-universitario-fuerte-adhesion-a-la-medida-de-fuerza-en-san-luis\/#primaryimage"},"thumbnailUrl":"https:\/\/radio.fcejs.unsl.edu.ar\/wp-content\/uploads\/2024\/04\/mercado24-04-24.jpg","articleSection":["Destacada","Entrevistas"],"inLanguage":"es-AR"},{"@type":"WebPage","@id":"https:\/\/radio.fcejs.unsl.edu.ar\/index.php\/paro-universitario-fuerte-adhesion-a-la-medida-de-fuerza-en-san-luis\/","url":"https:\/\/radio.fcejs.unsl.edu.ar\/index.php\/paro-universitario-fuerte-adhesion-a-la-medida-de-fuerza-en-san-luis\/","name":"Paro universitario: fuerte adhesi\u00f3n a la medida de fuerza en San Luis - Radio Universidad Villa Mercedes 97.5 | UNSL","isPartOf":{"@id":"https:\/\/radio.fcejs.unsl.edu.ar\/#website"},"primaryImageOfPage":{"@id":"https:\/\/radio.fcejs.unsl.edu.ar\/index.php\/paro-universitario-fuerte-adhesion-a-la-medida-de-fuerza-en-san-luis\/#primaryimage"},"image":{"@id":"https:\/\/radio.fcejs.unsl.edu.ar\/index.php\/paro-universitario-fuerte-adhesion-a-la-medida-de-fuerza-en-san-luis\/#primaryimage"},"thumbnailUrl":"https:\/\/radio.fcejs.unsl.edu.ar\/wp-content\/uploads\/2024\/04\/mercado24-04-24.jpg","datePublished":"2025-03-20T12:03:04+00:00","breadcrumb":{"@id":"https:\/\/radio.fcejs.unsl.edu.ar\/index.php\/paro-universitario-fuerte-adhesion-a-la-medida-de-fuerza-en-san-luis\/#breadcrumb"},"inLanguage":"es-AR","potentialAction":[{"@type":"ReadAction","target":["https:\/\/radio.fcejs.unsl.edu.ar\/index.php\/paro-universitario-fuerte-adhesion-a-la-medida-de-fuerza-en-san-luis\/"]}]},{"@type":"ImageObject","inLanguage":"es-AR","@id":"https:\/\/radio.fcejs.unsl.edu.ar\/index.php\/paro-universitario-fuerte-adhesion-a-la-medida-de-fuerza-en-san-luis\/#primaryimage","url":"https:\/\/radio.fcejs.unsl.edu.ar\/wp-content\/uploads\/2024\/04\/mercado24-04-24.jpg","contentUrl":"https:\/\/radio.fcejs.unsl.edu.ar\/wp-content\/uploads\/2024\/04\/mercado24-04-24.jpg","width":1500,"height":1125},{"@type":"BreadcrumbList","@id":"https:\/\/radio.fcejs.unsl.edu.ar\/index.php\/paro-universitario-fuerte-adhesion-a-la-medida-de-fuerza-en-san-luis\/#breadcrumb","itemListElement":[{"@type":"ListItem","position":1,"name":"Inicio","item":"https:\/\/radio.fcejs.unsl.edu.ar\/"},{"@type":"ListItem","position":2,"name":"Paro universitario: fuerte adhesi\u00f3n a la medida de fuerza en San Luis"}]},{"@type":"WebSite","@id":"https:\/\/radio.fcejs.unsl.edu.ar\/#website","url":"https:\/\/radio.fcejs.unsl.edu.ar\/","name":"Radio Universidad Villa Mercedes 97.5 | UNSL","description":"UNSL","publisher":{"@id":"https:\/\/radio.fcejs.unsl.edu.ar\/#organization"},"potentialAction":[{"@type":"SearchAction","target":{"@type":"EntryPoint","urlTemplate":"https:\/\/radio.fcejs.unsl.edu.ar\/?s={search_term_string}"},"query-input":{"@type":"PropertyValueSpecification","valueRequired":true,"valueName":"search_term_string"}}],"inLanguage":"es-AR"},{"@type":"Organization","@id":"https:\/\/radio.fcejs.unsl.edu.ar\/#organization","name":"Radio Universidad Villa Mercedes 97.5 | UNSL","url":"https:\/\/radio.fcejs.unsl.edu.ar\/","logo":{"@type":"ImageObject","inLanguage":"es-AR","@id":"https:\/\/radio.fcejs.unsl.edu.ar\/#\/schema\/logo\/image\/","url":"https:\/\/radio.fcejs.unsl.edu.ar\/wp-content\/uploads\/2023\/12\/cropped-radio-villa-mercedes-97-5.png","contentUrl":"https:\/\/radio.fcejs.unsl.edu.ar\/wp-content\/uploads\/2023\/12\/cropped-radio-villa-mercedes-97-5.png","width":908,"height":289,"caption":"Radio Universidad Villa Mercedes 97.5 | UNSL"},"image":{"@id":"https:\/\/radio.fcejs.unsl.edu.ar\/#\/schema\/logo\/image\/"}},{"@type":"Person","@id":"https:\/\/radio.fcejs.unsl.edu.ar\/#\/schema\/person\/17e27260a1b995c2bd3a5989077ba3fb","name":"Redaccion Radio","url":"https:\/\/radio.fcejs.unsl.edu.ar\/index.php\/author\/radio_redaccion_fcejs\/"}]}},"_links":{"self":[{"href":"https:\/\/radio.fcejs.unsl.edu.ar\/index.php\/wp-json\/wp\/v2\/posts\/2760","targetHints":{"allow":["GET"]}}],"collection":[{"href":"https:\/\/radio.fcejs.unsl.edu.ar\/index.php\/wp-json\/wp\/v2\/posts"}],"about":[{"href":"https:\/\/radio.fcejs.unsl.edu.ar\/index.php\/wp-json\/wp\/v2\/types\/post"}],"author":[{"embeddable":true,"href":"https:\/\/radio.fcejs.unsl.edu.ar\/index.php\/wp-json\/wp\/v2\/users\/2"}],"replies":[{"embeddable":true,"href":"https:\/\/radio.fcejs.unsl.edu.ar\/index.php\/wp-json\/wp\/v2\/comments?post=2760"}],"version-history":[{"count":1,"href":"https:\/\/radio.fcejs.unsl.edu.ar\/index.php\/wp-json\/wp\/v2\/posts\/2760\/revisions"}],"predecessor-version":[{"id":2761,"href":"https:\/\/radio.fcejs.unsl.edu.ar\/index.php\/wp-json\/wp\/v2\/posts\/2760\/revisions\/2761"}],"wp:featuredmedia":[{"embeddable":true,"href":"https:\/\/radio.fcejs.unsl.edu.ar\/index.php\/wp-json\/wp\/v2\/media\/2083"}],"wp:attachment":[{"href":"https:\/\/radio.fcejs.unsl.edu.ar\/index.php\/wp-json\/wp\/v2\/media?parent=2760"}],"wp:term":[{"taxonomy":"category","embeddable":true,"href":"https:\/\/radio.fcejs.unsl.edu.ar\/index.php\/wp-json\/wp\/v2\/categories?post=2760"},{"taxonomy":"post_tag","embeddable":true,"href":"https:\/\/radio.fcejs.unsl.edu.ar\/index.php\/wp-json\/wp\/v2\/tags?post=2760"}],"curies":[{"name":"wp","href":"https:\/\/api.w.org\/{rel}","templated":true}]}}