{"id":2753,"date":"2025-03-19T11:51:21","date_gmt":"2025-03-19T14:51:21","guid":{"rendered":"https:\/\/radio.fcejs.unsl.edu.ar\/?p=2753"},"modified":"2025-03-19T11:51:21","modified_gmt":"2025-03-19T14:51:21","slug":"implementan-la-modalidad-hibrida-en-el-dictado-del-ccc-de-acompanamiento-terapeutico","status":"publish","type":"post","link":"https:\/\/radio.fcejs.unsl.edu.ar\/index.php\/implementan-la-modalidad-hibrida-en-el-dictado-del-ccc-de-acompanamiento-terapeutico\/","title":{"rendered":"Implementan la modalidad h\u00edbrida en el dictado del CCC de Acompa\u00f1amiento Terap\u00e9utico"},"content":{"rendered":"<p>A partir de este a\u00f1o, el Ciclo de Complementaci\u00f3n Curricular de la Licenciatura en Acompa\u00f1amiento Terap\u00e9utico se dictar\u00e1 en modalidad h\u00edbrida. El director del departamento de Ciencias Sociales de la FCEJS, Esteban Arias, explic\u00f3 que de esta manera combina instancias presenciales con clases virtuales, facilitando el acceso a estudiantes de distintos lugares del pa\u00eds y promoviendo una formaci\u00f3n de calidad sin necesidad de traslados constantes.<\/p>\n<audio class=\"wp-audio-shortcode\" id=\"audio-2753-1\" preload=\"none\" style=\"width: 100%;\" controls=\"controls\"><source type=\"audio\/mpeg\" src=\"https:\/\/radioupload.fica.unsl.edu.ar\/files\/jb\/arias19-03-25.mp3?_=1\" \/><a href=\"https:\/\/radioupload.fica.unsl.edu.ar\/files\/jb\/arias19-03-25.mp3\">https:\/\/radioupload.fica.unsl.edu.ar\/files\/jb\/arias19-03-25.mp3<\/a><\/audio>\n","protected":false},"excerpt":{"rendered":"<p>A partir de este a\u00f1o, el Ciclo de Complementaci\u00f3n Curricular de la Licenciatura en Acompa\u00f1amiento Terap\u00e9utico se dictar\u00e1 en modalidad h\u00edbrida. El director del departamento de Ciencias Sociales de la FCEJS, Esteban Arias, explic\u00f3 que de esta manera combina instancias presenciales con clases virtuales, facilitando el acceso a estudiantes de distintos lugares del pa\u00eds y&#8230;<\/p>\n","protected":false},"author":2,"featured_media":2754,"comment_status":"closed","ping_status":"closed","sticky":false,"template":"","format":"standard","meta":{"_kad_post_transparent":"default","_kad_post_title":"default","_kad_post_layout":"default","_kad_post_sidebar_id":"","_kad_post_content_style":"default","_kad_post_vertical_padding":"default","_kad_post_feature":"","_kad_post_feature_position":"","_kad_post_header":false,"_kad_post_footer":false,"_kad_post_classname":"","footnotes":""},"categories":[9,14],"tags":[],"class_list":["post-2753","post","type-post","status-publish","format-standard","has-post-thumbnail","hentry","category-destacada","category-entrevistas"],"yoast_head":"<!-- This site is optimized with the Yoast SEO plugin v27.2 - https:\/\/yoast.com\/product\/yoast-seo-wordpress\/ -->\n<title>Implementan la modalidad h\u00edbrida en el dictado del CCC de Acompa\u00f1amiento Terap\u00e9utico - Radio Universidad Villa Mercedes 97.5 | UNSL<\/title>\n<meta name=\"robots\" content=\"index, follow, max-snippet:-1, max-image-preview:large, max-video-preview:-1\" \/>\n<link rel=\"canonical\" href=\"https:\/\/radio.fcejs.unsl.edu.ar\/index.php\/implementan-la-modalidad-hibrida-en-el-dictado-del-ccc-de-acompanamiento-terapeutico\/\" \/>\n<meta property=\"og:locale\" content=\"es_ES\" \/>\n<meta property=\"og:type\" content=\"article\" \/>\n<meta property=\"og:title\" content=\"Implementan la modalidad h\u00edbrida en el dictado del CCC de Acompa\u00f1amiento Terap\u00e9utico - Radio Universidad Villa Mercedes 97.5 | UNSL\" \/>\n<meta property=\"og:description\" content=\"A partir de este a\u00f1o, el Ciclo de Complementaci\u00f3n Curricular de la Licenciatura en Acompa\u00f1amiento Terap\u00e9utico se dictar\u00e1 en modalidad h\u00edbrida. El director del departamento de Ciencias Sociales de la FCEJS, Esteban Arias, explic\u00f3 que de esta manera combina instancias presenciales con clases virtuales, facilitando el acceso a estudiantes de distintos lugares del pa\u00eds y...\" \/>\n<meta property=\"og:url\" content=\"https:\/\/radio.fcejs.unsl.edu.ar\/index.php\/implementan-la-modalidad-hibrida-en-el-dictado-del-ccc-de-acompanamiento-terapeutico\/\" \/>\n<meta property=\"og:site_name\" content=\"Radio Universidad Villa Mercedes 97.5 | UNSL\" \/>\n<meta property=\"article:published_time\" content=\"2025-03-19T14:51:21+00:00\" \/>\n<meta property=\"og:image\" content=\"https:\/\/radio.fcejs.unsl.edu.ar\/wp-content\/uploads\/2025\/03\/acompanamiento19-03-25.jpg\" \/>\n\t<meta property=\"og:image:width\" content=\"1000\" \/>\n\t<meta property=\"og:image:height\" content=\"600\" \/>\n\t<meta property=\"og:image:type\" content=\"image\/jpeg\" \/>\n<meta name=\"author\" content=\"Redaccion Radio\" \/>\n<meta name=\"twitter:card\" content=\"summary_large_image\" \/>\n<meta name=\"twitter:label1\" content=\"Escrito por\" \/>\n\t<meta name=\"twitter:data1\" content=\"Redaccion Radio\" \/>\n<script type=\"application\/ld+json\" class=\"yoast-schema-graph\">{\"@context\":\"https:\/\/schema.org\",\"@graph\":[{\"@type\":\"Article\",\"@id\":\"https:\/\/radio.fcejs.unsl.edu.ar\/index.php\/implementan-la-modalidad-hibrida-en-el-dictado-del-ccc-de-acompanamiento-terapeutico\/#article\",\"isPartOf\":{\"@id\":\"https:\/\/radio.fcejs.unsl.edu.ar\/index.php\/implementan-la-modalidad-hibrida-en-el-dictado-del-ccc-de-acompanamiento-terapeutico\/\"},\"author\":{\"name\":\"Redaccion Radio\",\"@id\":\"https:\/\/radio.fcejs.unsl.edu.ar\/#\/schema\/person\/17e27260a1b995c2bd3a5989077ba3fb\"},\"headline\":\"Implementan la modalidad h\u00edbrida en el dictado del CCC de Acompa\u00f1amiento Terap\u00e9utico\",\"datePublished\":\"2025-03-19T14:51:21+00:00\",\"mainEntityOfPage\":{\"@id\":\"https:\/\/radio.fcejs.unsl.edu.ar\/index.php\/implementan-la-modalidad-hibrida-en-el-dictado-del-ccc-de-acompanamiento-terapeutico\/\"},\"wordCount\":101,\"publisher\":{\"@id\":\"https:\/\/radio.fcejs.unsl.edu.ar\/#organization\"},\"image\":{\"@id\":\"https:\/\/radio.fcejs.unsl.edu.ar\/index.php\/implementan-la-modalidad-hibrida-en-el-dictado-del-ccc-de-acompanamiento-terapeutico\/#primaryimage\"},\"thumbnailUrl\":\"https:\/\/radio.fcejs.unsl.edu.ar\/wp-content\/uploads\/2025\/03\/acompanamiento19-03-25.jpg\",\"articleSection\":[\"Destacada\",\"Entrevistas\"],\"inLanguage\":\"es-AR\"},{\"@type\":\"WebPage\",\"@id\":\"https:\/\/radio.fcejs.unsl.edu.ar\/index.php\/implementan-la-modalidad-hibrida-en-el-dictado-del-ccc-de-acompanamiento-terapeutico\/\",\"url\":\"https:\/\/radio.fcejs.unsl.edu.ar\/index.php\/implementan-la-modalidad-hibrida-en-el-dictado-del-ccc-de-acompanamiento-terapeutico\/\",\"name\":\"Implementan la modalidad h\u00edbrida en el dictado del CCC de Acompa\u00f1amiento Terap\u00e9utico - Radio Universidad Villa Mercedes 97.5 | UNSL\",\"isPartOf\":{\"@id\":\"https:\/\/radio.fcejs.unsl.edu.ar\/#website\"},\"primaryImageOfPage\":{\"@id\":\"https:\/\/radio.fcejs.unsl.edu.ar\/index.php\/implementan-la-modalidad-hibrida-en-el-dictado-del-ccc-de-acompanamiento-terapeutico\/#primaryimage\"},\"image\":{\"@id\":\"https:\/\/radio.fcejs.unsl.edu.ar\/index.php\/implementan-la-modalidad-hibrida-en-el-dictado-del-ccc-de-acompanamiento-terapeutico\/#primaryimage\"},\"thumbnailUrl\":\"https:\/\/radio.fcejs.unsl.edu.ar\/wp-content\/uploads\/2025\/03\/acompanamiento19-03-25.jpg\",\"datePublished\":\"2025-03-19T14:51:21+00:00\",\"breadcrumb\":{\"@id\":\"https:\/\/radio.fcejs.unsl.edu.ar\/index.php\/implementan-la-modalidad-hibrida-en-el-dictado-del-ccc-de-acompanamiento-terapeutico\/#breadcrumb\"},\"inLanguage\":\"es-AR\",\"potentialAction\":[{\"@type\":\"ReadAction\",\"target\":[\"https:\/\/radio.fcejs.unsl.edu.ar\/index.php\/implementan-la-modalidad-hibrida-en-el-dictado-del-ccc-de-acompanamiento-terapeutico\/\"]}]},{\"@type\":\"ImageObject\",\"inLanguage\":\"es-AR\",\"@id\":\"https:\/\/radio.fcejs.unsl.edu.ar\/index.php\/implementan-la-modalidad-hibrida-en-el-dictado-del-ccc-de-acompanamiento-terapeutico\/#primaryimage\",\"url\":\"https:\/\/radio.fcejs.unsl.edu.ar\/wp-content\/uploads\/2025\/03\/acompanamiento19-03-25.jpg\",\"contentUrl\":\"https:\/\/radio.fcejs.unsl.edu.ar\/wp-content\/uploads\/2025\/03\/acompanamiento19-03-25.jpg\",\"width\":1000,\"height\":600},{\"@type\":\"BreadcrumbList\",\"@id\":\"https:\/\/radio.fcejs.unsl.edu.ar\/index.php\/implementan-la-modalidad-hibrida-en-el-dictado-del-ccc-de-acompanamiento-terapeutico\/#breadcrumb\",\"itemListElement\":[{\"@type\":\"ListItem\",\"position\":1,\"name\":\"Inicio\",\"item\":\"https:\/\/radio.fcejs.unsl.edu.ar\/\"},{\"@type\":\"ListItem\",\"position\":2,\"name\":\"Implementan la modalidad h\u00edbrida en el dictado del CCC de Acompa\u00f1amiento Terap\u00e9utico\"}]},{\"@type\":\"WebSite\",\"@id\":\"https:\/\/radio.fcejs.unsl.edu.ar\/#website\",\"url\":\"https:\/\/radio.fcejs.unsl.edu.ar\/\",\"name\":\"Radio Universidad Villa Mercedes 97.5 | UNSL\",\"description\":\"UNSL\",\"publisher\":{\"@id\":\"https:\/\/radio.fcejs.unsl.edu.ar\/#organization\"},\"potentialAction\":[{\"@type\":\"SearchAction\",\"target\":{\"@type\":\"EntryPoint\",\"urlTemplate\":\"https:\/\/radio.fcejs.unsl.edu.ar\/?s={search_term_string}\"},\"query-input\":{\"@type\":\"PropertyValueSpecification\",\"valueRequired\":true,\"valueName\":\"search_term_string\"}}],\"inLanguage\":\"es-AR\"},{\"@type\":\"Organization\",\"@id\":\"https:\/\/radio.fcejs.unsl.edu.ar\/#organization\",\"name\":\"Radio Universidad Villa Mercedes 97.5 | UNSL\",\"url\":\"https:\/\/radio.fcejs.unsl.edu.ar\/\",\"logo\":{\"@type\":\"ImageObject\",\"inLanguage\":\"es-AR\",\"@id\":\"https:\/\/radio.fcejs.unsl.edu.ar\/#\/schema\/logo\/image\/\",\"url\":\"https:\/\/radio.fcejs.unsl.edu.ar\/wp-content\/uploads\/2023\/12\/cropped-radio-villa-mercedes-97-5.png\",\"contentUrl\":\"https:\/\/radio.fcejs.unsl.edu.ar\/wp-content\/uploads\/2023\/12\/cropped-radio-villa-mercedes-97-5.png\",\"width\":908,\"height\":289,\"caption\":\"Radio Universidad Villa Mercedes 97.5 | UNSL\"},\"image\":{\"@id\":\"https:\/\/radio.fcejs.unsl.edu.ar\/#\/schema\/logo\/image\/\"}},{\"@type\":\"Person\",\"@id\":\"https:\/\/radio.fcejs.unsl.edu.ar\/#\/schema\/person\/17e27260a1b995c2bd3a5989077ba3fb\",\"name\":\"Redaccion Radio\",\"url\":\"https:\/\/radio.fcejs.unsl.edu.ar\/index.php\/author\/radio_redaccion_fcejs\/\"}]}<\/script>\n<!-- \/ Yoast SEO plugin. -->","yoast_head_json":{"title":"Implementan la modalidad h\u00edbrida en el dictado del CCC de Acompa\u00f1amiento Terap\u00e9utico - Radio Universidad Villa Mercedes 97.5 | UNSL","robots":{"index":"index","follow":"follow","max-snippet":"max-snippet:-1","max-image-preview":"max-image-preview:large","max-video-preview":"max-video-preview:-1"},"canonical":"https:\/\/radio.fcejs.unsl.edu.ar\/index.php\/implementan-la-modalidad-hibrida-en-el-dictado-del-ccc-de-acompanamiento-terapeutico\/","og_locale":"es_ES","og_type":"article","og_title":"Implementan la modalidad h\u00edbrida en el dictado del CCC de Acompa\u00f1amiento Terap\u00e9utico - Radio Universidad Villa Mercedes 97.5 | UNSL","og_description":"A partir de este a\u00f1o, el Ciclo de Complementaci\u00f3n Curricular de la Licenciatura en Acompa\u00f1amiento Terap\u00e9utico se dictar\u00e1 en modalidad h\u00edbrida. El director del departamento de Ciencias Sociales de la FCEJS, Esteban Arias, explic\u00f3 que de esta manera combina instancias presenciales con clases virtuales, facilitando el acceso a estudiantes de distintos lugares del pa\u00eds y...","og_url":"https:\/\/radio.fcejs.unsl.edu.ar\/index.php\/implementan-la-modalidad-hibrida-en-el-dictado-del-ccc-de-acompanamiento-terapeutico\/","og_site_name":"Radio Universidad Villa Mercedes 97.5 | UNSL","article_published_time":"2025-03-19T14:51:21+00:00","og_image":[{"width":1000,"height":600,"url":"https:\/\/radio.fcejs.unsl.edu.ar\/wp-content\/uploads\/2025\/03\/acompanamiento19-03-25.jpg","type":"image\/jpeg"}],"author":"Redaccion Radio","twitter_card":"summary_large_image","twitter_misc":{"Escrito por":"Redaccion Radio"},"schema":{"@context":"https:\/\/schema.org","@graph":[{"@type":"Article","@id":"https:\/\/radio.fcejs.unsl.edu.ar\/index.php\/implementan-la-modalidad-hibrida-en-el-dictado-del-ccc-de-acompanamiento-terapeutico\/#article","isPartOf":{"@id":"https:\/\/radio.fcejs.unsl.edu.ar\/index.php\/implementan-la-modalidad-hibrida-en-el-dictado-del-ccc-de-acompanamiento-terapeutico\/"},"author":{"name":"Redaccion Radio","@id":"https:\/\/radio.fcejs.unsl.edu.ar\/#\/schema\/person\/17e27260a1b995c2bd3a5989077ba3fb"},"headline":"Implementan la modalidad h\u00edbrida en el dictado del CCC de Acompa\u00f1amiento Terap\u00e9utico","datePublished":"2025-03-19T14:51:21+00:00","mainEntityOfPage":{"@id":"https:\/\/radio.fcejs.unsl.edu.ar\/index.php\/implementan-la-modalidad-hibrida-en-el-dictado-del-ccc-de-acompanamiento-terapeutico\/"},"wordCount":101,"publisher":{"@id":"https:\/\/radio.fcejs.unsl.edu.ar\/#organization"},"image":{"@id":"https:\/\/radio.fcejs.unsl.edu.ar\/index.php\/implementan-la-modalidad-hibrida-en-el-dictado-del-ccc-de-acompanamiento-terapeutico\/#primaryimage"},"thumbnailUrl":"https:\/\/radio.fcejs.unsl.edu.ar\/wp-content\/uploads\/2025\/03\/acompanamiento19-03-25.jpg","articleSection":["Destacada","Entrevistas"],"inLanguage":"es-AR"},{"@type":"WebPage","@id":"https:\/\/radio.fcejs.unsl.edu.ar\/index.php\/implementan-la-modalidad-hibrida-en-el-dictado-del-ccc-de-acompanamiento-terapeutico\/","url":"https:\/\/radio.fcejs.unsl.edu.ar\/index.php\/implementan-la-modalidad-hibrida-en-el-dictado-del-ccc-de-acompanamiento-terapeutico\/","name":"Implementan la modalidad h\u00edbrida en el dictado del CCC de Acompa\u00f1amiento Terap\u00e9utico - Radio Universidad Villa Mercedes 97.5 | UNSL","isPartOf":{"@id":"https:\/\/radio.fcejs.unsl.edu.ar\/#website"},"primaryImageOfPage":{"@id":"https:\/\/radio.fcejs.unsl.edu.ar\/index.php\/implementan-la-modalidad-hibrida-en-el-dictado-del-ccc-de-acompanamiento-terapeutico\/#primaryimage"},"image":{"@id":"https:\/\/radio.fcejs.unsl.edu.ar\/index.php\/implementan-la-modalidad-hibrida-en-el-dictado-del-ccc-de-acompanamiento-terapeutico\/#primaryimage"},"thumbnailUrl":"https:\/\/radio.fcejs.unsl.edu.ar\/wp-content\/uploads\/2025\/03\/acompanamiento19-03-25.jpg","datePublished":"2025-03-19T14:51:21+00:00","breadcrumb":{"@id":"https:\/\/radio.fcejs.unsl.edu.ar\/index.php\/implementan-la-modalidad-hibrida-en-el-dictado-del-ccc-de-acompanamiento-terapeutico\/#breadcrumb"},"inLanguage":"es-AR","potentialAction":[{"@type":"ReadAction","target":["https:\/\/radio.fcejs.unsl.edu.ar\/index.php\/implementan-la-modalidad-hibrida-en-el-dictado-del-ccc-de-acompanamiento-terapeutico\/"]}]},{"@type":"ImageObject","inLanguage":"es-AR","@id":"https:\/\/radio.fcejs.unsl.edu.ar\/index.php\/implementan-la-modalidad-hibrida-en-el-dictado-del-ccc-de-acompanamiento-terapeutico\/#primaryimage","url":"https:\/\/radio.fcejs.unsl.edu.ar\/wp-content\/uploads\/2025\/03\/acompanamiento19-03-25.jpg","contentUrl":"https:\/\/radio.fcejs.unsl.edu.ar\/wp-content\/uploads\/2025\/03\/acompanamiento19-03-25.jpg","width":1000,"height":600},{"@type":"BreadcrumbList","@id":"https:\/\/radio.fcejs.unsl.edu.ar\/index.php\/implementan-la-modalidad-hibrida-en-el-dictado-del-ccc-de-acompanamiento-terapeutico\/#breadcrumb","itemListElement":[{"@type":"ListItem","position":1,"name":"Inicio","item":"https:\/\/radio.fcejs.unsl.edu.ar\/"},{"@type":"ListItem","position":2,"name":"Implementan la modalidad h\u00edbrida en el dictado del CCC de Acompa\u00f1amiento Terap\u00e9utico"}]},{"@type":"WebSite","@id":"https:\/\/radio.fcejs.unsl.edu.ar\/#website","url":"https:\/\/radio.fcejs.unsl.edu.ar\/","name":"Radio Universidad Villa Mercedes 97.5 | UNSL","description":"UNSL","publisher":{"@id":"https:\/\/radio.fcejs.unsl.edu.ar\/#organization"},"potentialAction":[{"@type":"SearchAction","target":{"@type":"EntryPoint","urlTemplate":"https:\/\/radio.fcejs.unsl.edu.ar\/?s={search_term_string}"},"query-input":{"@type":"PropertyValueSpecification","valueRequired":true,"valueName":"search_term_string"}}],"inLanguage":"es-AR"},{"@type":"Organization","@id":"https:\/\/radio.fcejs.unsl.edu.ar\/#organization","name":"Radio Universidad Villa Mercedes 97.5 | UNSL","url":"https:\/\/radio.fcejs.unsl.edu.ar\/","logo":{"@type":"ImageObject","inLanguage":"es-AR","@id":"https:\/\/radio.fcejs.unsl.edu.ar\/#\/schema\/logo\/image\/","url":"https:\/\/radio.fcejs.unsl.edu.ar\/wp-content\/uploads\/2023\/12\/cropped-radio-villa-mercedes-97-5.png","contentUrl":"https:\/\/radio.fcejs.unsl.edu.ar\/wp-content\/uploads\/2023\/12\/cropped-radio-villa-mercedes-97-5.png","width":908,"height":289,"caption":"Radio Universidad Villa Mercedes 97.5 | UNSL"},"image":{"@id":"https:\/\/radio.fcejs.unsl.edu.ar\/#\/schema\/logo\/image\/"}},{"@type":"Person","@id":"https:\/\/radio.fcejs.unsl.edu.ar\/#\/schema\/person\/17e27260a1b995c2bd3a5989077ba3fb","name":"Redaccion Radio","url":"https:\/\/radio.fcejs.unsl.edu.ar\/index.php\/author\/radio_redaccion_fcejs\/"}]}},"_links":{"self":[{"href":"https:\/\/radio.fcejs.unsl.edu.ar\/index.php\/wp-json\/wp\/v2\/posts\/2753","targetHints":{"allow":["GET"]}}],"collection":[{"href":"https:\/\/radio.fcejs.unsl.edu.ar\/index.php\/wp-json\/wp\/v2\/posts"}],"about":[{"href":"https:\/\/radio.fcejs.unsl.edu.ar\/index.php\/wp-json\/wp\/v2\/types\/post"}],"author":[{"embeddable":true,"href":"https:\/\/radio.fcejs.unsl.edu.ar\/index.php\/wp-json\/wp\/v2\/users\/2"}],"replies":[{"embeddable":true,"href":"https:\/\/radio.fcejs.unsl.edu.ar\/index.php\/wp-json\/wp\/v2\/comments?post=2753"}],"version-history":[{"count":1,"href":"https:\/\/radio.fcejs.unsl.edu.ar\/index.php\/wp-json\/wp\/v2\/posts\/2753\/revisions"}],"predecessor-version":[{"id":2755,"href":"https:\/\/radio.fcejs.unsl.edu.ar\/index.php\/wp-json\/wp\/v2\/posts\/2753\/revisions\/2755"}],"wp:featuredmedia":[{"embeddable":true,"href":"https:\/\/radio.fcejs.unsl.edu.ar\/index.php\/wp-json\/wp\/v2\/media\/2754"}],"wp:attachment":[{"href":"https:\/\/radio.fcejs.unsl.edu.ar\/index.php\/wp-json\/wp\/v2\/media?parent=2753"}],"wp:term":[{"taxonomy":"category","embeddable":true,"href":"https:\/\/radio.fcejs.unsl.edu.ar\/index.php\/wp-json\/wp\/v2\/categories?post=2753"},{"taxonomy":"post_tag","embeddable":true,"href":"https:\/\/radio.fcejs.unsl.edu.ar\/index.php\/wp-json\/wp\/v2\/tags?post=2753"}],"curies":[{"name":"wp","href":"https:\/\/api.w.org\/{rel}","templated":true}]}}