{"id":2748,"date":"2025-03-11T12:12:38","date_gmt":"2025-03-11T15:12:38","guid":{"rendered":"https:\/\/radio.fcejs.unsl.edu.ar\/?p=2748"},"modified":"2025-03-12T08:29:54","modified_gmt":"2025-03-12T11:29:54","slug":"fica-upro-estudio-y-trabajo-conjunto-para-la-elaboracion-de-una-barra-nutrituva-de-cereales","status":"publish","type":"post","link":"https:\/\/radio.fcejs.unsl.edu.ar\/index.php\/fica-upro-estudio-y-trabajo-conjunto-para-la-elaboracion-de-una-barra-nutrituva-de-cereales\/","title":{"rendered":"FICA-UPRO: Estudio y trabajo conjunto para la elaboraci\u00f3n de una barra nutritiva de cereales"},"content":{"rendered":"<p>Mediante una tarea conjunta entre la FICA y la UPRO se hizo una reformulaci\u00f3n de una barra nutritiva de cereales, cuya prueba final consigui\u00f3 los resultados esperados, entre ellos la elaboraci\u00f3n de un manual de procedimientos. La Mg. Sonia N\u00fa\u00f1ez explic\u00f3 a Radio de la UNSL en Villa Mercedes, los pasos que se siguieron para avanzar en el convenio que firmaron ambas instituciones.<\/p>\n<audio class=\"wp-audio-shortcode\" id=\"audio-2748-1\" preload=\"none\" style=\"width: 100%;\" controls=\"controls\"><source type=\"audio\/mpeg\" src=\"https:\/\/radioupload.fica.unsl.edu.ar\/files\/jb\/sonia11-03-25.mp3?_=1\" \/><a href=\"https:\/\/radioupload.fica.unsl.edu.ar\/files\/jb\/sonia11-03-25.mp3\">https:\/\/radioupload.fica.unsl.edu.ar\/files\/jb\/sonia11-03-25.mp3<\/a><\/audio>\n","protected":false},"excerpt":{"rendered":"<p>Mediante una tarea conjunta entre la FICA y la UPRO se hizo una reformulaci\u00f3n de una barra nutritiva de cereales, cuya prueba final consigui\u00f3 los resultados esperados, entre ellos la elaboraci\u00f3n de un manual de procedimientos. La Mg. Sonia N\u00fa\u00f1ez explic\u00f3 a Radio de la UNSL en Villa Mercedes, los pasos que se siguieron para&#8230;<\/p>\n","protected":false},"author":2,"featured_media":2749,"comment_status":"closed","ping_status":"closed","sticky":false,"template":"","format":"standard","meta":{"_kad_post_transparent":"default","_kad_post_title":"default","_kad_post_layout":"default","_kad_post_sidebar_id":"","_kad_post_content_style":"default","_kad_post_vertical_padding":"default","_kad_post_feature":"","_kad_post_feature_position":"","_kad_post_header":false,"_kad_post_footer":false,"_kad_post_classname":"","footnotes":""},"categories":[9,14],"tags":[],"class_list":["post-2748","post","type-post","status-publish","format-standard","has-post-thumbnail","hentry","category-destacada","category-entrevistas"],"yoast_head":"<!-- This site is optimized with the Yoast SEO plugin v27.2 - https:\/\/yoast.com\/product\/yoast-seo-wordpress\/ -->\n<title>FICA-UPRO: Estudio y trabajo conjunto para la elaboraci\u00f3n de una barra nutritiva de cereales - Radio Universidad Villa Mercedes 97.5 | UNSL<\/title>\n<meta name=\"robots\" content=\"index, follow, max-snippet:-1, max-image-preview:large, max-video-preview:-1\" \/>\n<link rel=\"canonical\" href=\"https:\/\/radio.fcejs.unsl.edu.ar\/index.php\/fica-upro-estudio-y-trabajo-conjunto-para-la-elaboracion-de-una-barra-nutrituva-de-cereales\/\" \/>\n<meta property=\"og:locale\" content=\"es_ES\" \/>\n<meta property=\"og:type\" content=\"article\" \/>\n<meta property=\"og:title\" content=\"FICA-UPRO: Estudio y trabajo conjunto para la elaboraci\u00f3n de una barra nutritiva de cereales - Radio Universidad Villa Mercedes 97.5 | UNSL\" \/>\n<meta property=\"og:description\" content=\"Mediante una tarea conjunta entre la FICA y la UPRO se hizo una reformulaci\u00f3n de una barra nutritiva de cereales, cuya prueba final consigui\u00f3 los resultados esperados, entre ellos la elaboraci\u00f3n de un manual de procedimientos. La Mg. Sonia N\u00fa\u00f1ez explic\u00f3 a Radio de la UNSL en Villa Mercedes, los pasos que se siguieron para...\" \/>\n<meta property=\"og:url\" content=\"https:\/\/radio.fcejs.unsl.edu.ar\/index.php\/fica-upro-estudio-y-trabajo-conjunto-para-la-elaboracion-de-una-barra-nutrituva-de-cereales\/\" \/>\n<meta property=\"og:site_name\" content=\"Radio Universidad Villa Mercedes 97.5 | UNSL\" \/>\n<meta property=\"article:published_time\" content=\"2025-03-11T15:12:38+00:00\" \/>\n<meta property=\"article:modified_time\" content=\"2025-03-12T11:29:54+00:00\" \/>\n<meta property=\"og:image\" content=\"https:\/\/radio.fcejs.unsl.edu.ar\/wp-content\/uploads\/2025\/03\/sonia11-03-25.jpg\" \/>\n\t<meta property=\"og:image:width\" content=\"1100\" \/>\n\t<meta property=\"og:image:height\" content=\"859\" \/>\n\t<meta property=\"og:image:type\" content=\"image\/jpeg\" \/>\n<meta name=\"author\" content=\"Redaccion Radio\" \/>\n<meta name=\"twitter:card\" content=\"summary_large_image\" \/>\n<meta name=\"twitter:label1\" content=\"Escrito por\" \/>\n\t<meta name=\"twitter:data1\" content=\"Redaccion Radio\" \/>\n<script type=\"application\/ld+json\" class=\"yoast-schema-graph\">{\"@context\":\"https:\/\/schema.org\",\"@graph\":[{\"@type\":\"Article\",\"@id\":\"https:\/\/radio.fcejs.unsl.edu.ar\/index.php\/fica-upro-estudio-y-trabajo-conjunto-para-la-elaboracion-de-una-barra-nutrituva-de-cereales\/#article\",\"isPartOf\":{\"@id\":\"https:\/\/radio.fcejs.unsl.edu.ar\/index.php\/fica-upro-estudio-y-trabajo-conjunto-para-la-elaboracion-de-una-barra-nutrituva-de-cereales\/\"},\"author\":{\"name\":\"Redaccion Radio\",\"@id\":\"https:\/\/radio.fcejs.unsl.edu.ar\/#\/schema\/person\/17e27260a1b995c2bd3a5989077ba3fb\"},\"headline\":\"FICA-UPRO: Estudio y trabajo conjunto para la elaboraci\u00f3n de una barra nutritiva de cereales\",\"datePublished\":\"2025-03-11T15:12:38+00:00\",\"dateModified\":\"2025-03-12T11:29:54+00:00\",\"mainEntityOfPage\":{\"@id\":\"https:\/\/radio.fcejs.unsl.edu.ar\/index.php\/fica-upro-estudio-y-trabajo-conjunto-para-la-elaboracion-de-una-barra-nutrituva-de-cereales\/\"},\"wordCount\":95,\"publisher\":{\"@id\":\"https:\/\/radio.fcejs.unsl.edu.ar\/#organization\"},\"image\":{\"@id\":\"https:\/\/radio.fcejs.unsl.edu.ar\/index.php\/fica-upro-estudio-y-trabajo-conjunto-para-la-elaboracion-de-una-barra-nutrituva-de-cereales\/#primaryimage\"},\"thumbnailUrl\":\"https:\/\/radio.fcejs.unsl.edu.ar\/wp-content\/uploads\/2025\/03\/sonia11-03-25.jpg\",\"articleSection\":[\"Destacada\",\"Entrevistas\"],\"inLanguage\":\"es-AR\"},{\"@type\":\"WebPage\",\"@id\":\"https:\/\/radio.fcejs.unsl.edu.ar\/index.php\/fica-upro-estudio-y-trabajo-conjunto-para-la-elaboracion-de-una-barra-nutrituva-de-cereales\/\",\"url\":\"https:\/\/radio.fcejs.unsl.edu.ar\/index.php\/fica-upro-estudio-y-trabajo-conjunto-para-la-elaboracion-de-una-barra-nutrituva-de-cereales\/\",\"name\":\"FICA-UPRO: Estudio y trabajo conjunto para la elaboraci\u00f3n de una barra nutritiva de cereales - Radio Universidad Villa Mercedes 97.5 | UNSL\",\"isPartOf\":{\"@id\":\"https:\/\/radio.fcejs.unsl.edu.ar\/#website\"},\"primaryImageOfPage\":{\"@id\":\"https:\/\/radio.fcejs.unsl.edu.ar\/index.php\/fica-upro-estudio-y-trabajo-conjunto-para-la-elaboracion-de-una-barra-nutrituva-de-cereales\/#primaryimage\"},\"image\":{\"@id\":\"https:\/\/radio.fcejs.unsl.edu.ar\/index.php\/fica-upro-estudio-y-trabajo-conjunto-para-la-elaboracion-de-una-barra-nutrituva-de-cereales\/#primaryimage\"},\"thumbnailUrl\":\"https:\/\/radio.fcejs.unsl.edu.ar\/wp-content\/uploads\/2025\/03\/sonia11-03-25.jpg\",\"datePublished\":\"2025-03-11T15:12:38+00:00\",\"dateModified\":\"2025-03-12T11:29:54+00:00\",\"breadcrumb\":{\"@id\":\"https:\/\/radio.fcejs.unsl.edu.ar\/index.php\/fica-upro-estudio-y-trabajo-conjunto-para-la-elaboracion-de-una-barra-nutrituva-de-cereales\/#breadcrumb\"},\"inLanguage\":\"es-AR\",\"potentialAction\":[{\"@type\":\"ReadAction\",\"target\":[\"https:\/\/radio.fcejs.unsl.edu.ar\/index.php\/fica-upro-estudio-y-trabajo-conjunto-para-la-elaboracion-de-una-barra-nutrituva-de-cereales\/\"]}]},{\"@type\":\"ImageObject\",\"inLanguage\":\"es-AR\",\"@id\":\"https:\/\/radio.fcejs.unsl.edu.ar\/index.php\/fica-upro-estudio-y-trabajo-conjunto-para-la-elaboracion-de-una-barra-nutrituva-de-cereales\/#primaryimage\",\"url\":\"https:\/\/radio.fcejs.unsl.edu.ar\/wp-content\/uploads\/2025\/03\/sonia11-03-25.jpg\",\"contentUrl\":\"https:\/\/radio.fcejs.unsl.edu.ar\/wp-content\/uploads\/2025\/03\/sonia11-03-25.jpg\",\"width\":1100,\"height\":859},{\"@type\":\"BreadcrumbList\",\"@id\":\"https:\/\/radio.fcejs.unsl.edu.ar\/index.php\/fica-upro-estudio-y-trabajo-conjunto-para-la-elaboracion-de-una-barra-nutrituva-de-cereales\/#breadcrumb\",\"itemListElement\":[{\"@type\":\"ListItem\",\"position\":1,\"name\":\"Inicio\",\"item\":\"https:\/\/radio.fcejs.unsl.edu.ar\/\"},{\"@type\":\"ListItem\",\"position\":2,\"name\":\"FICA-UPRO: Estudio y trabajo conjunto para la elaboraci\u00f3n de una barra nutritiva de cereales\"}]},{\"@type\":\"WebSite\",\"@id\":\"https:\/\/radio.fcejs.unsl.edu.ar\/#website\",\"url\":\"https:\/\/radio.fcejs.unsl.edu.ar\/\",\"name\":\"Radio Universidad Villa Mercedes 97.5 | UNSL\",\"description\":\"UNSL\",\"publisher\":{\"@id\":\"https:\/\/radio.fcejs.unsl.edu.ar\/#organization\"},\"potentialAction\":[{\"@type\":\"SearchAction\",\"target\":{\"@type\":\"EntryPoint\",\"urlTemplate\":\"https:\/\/radio.fcejs.unsl.edu.ar\/?s={search_term_string}\"},\"query-input\":{\"@type\":\"PropertyValueSpecification\",\"valueRequired\":true,\"valueName\":\"search_term_string\"}}],\"inLanguage\":\"es-AR\"},{\"@type\":\"Organization\",\"@id\":\"https:\/\/radio.fcejs.unsl.edu.ar\/#organization\",\"name\":\"Radio Universidad Villa Mercedes 97.5 | UNSL\",\"url\":\"https:\/\/radio.fcejs.unsl.edu.ar\/\",\"logo\":{\"@type\":\"ImageObject\",\"inLanguage\":\"es-AR\",\"@id\":\"https:\/\/radio.fcejs.unsl.edu.ar\/#\/schema\/logo\/image\/\",\"url\":\"https:\/\/radio.fcejs.unsl.edu.ar\/wp-content\/uploads\/2023\/12\/cropped-radio-villa-mercedes-97-5.png\",\"contentUrl\":\"https:\/\/radio.fcejs.unsl.edu.ar\/wp-content\/uploads\/2023\/12\/cropped-radio-villa-mercedes-97-5.png\",\"width\":908,\"height\":289,\"caption\":\"Radio Universidad Villa Mercedes 97.5 | UNSL\"},\"image\":{\"@id\":\"https:\/\/radio.fcejs.unsl.edu.ar\/#\/schema\/logo\/image\/\"}},{\"@type\":\"Person\",\"@id\":\"https:\/\/radio.fcejs.unsl.edu.ar\/#\/schema\/person\/17e27260a1b995c2bd3a5989077ba3fb\",\"name\":\"Redaccion Radio\",\"url\":\"https:\/\/radio.fcejs.unsl.edu.ar\/index.php\/author\/radio_redaccion_fcejs\/\"}]}<\/script>\n<!-- \/ Yoast SEO plugin. -->","yoast_head_json":{"title":"FICA-UPRO: Estudio y trabajo conjunto para la elaboraci\u00f3n de una barra nutritiva de cereales - Radio Universidad Villa Mercedes 97.5 | UNSL","robots":{"index":"index","follow":"follow","max-snippet":"max-snippet:-1","max-image-preview":"max-image-preview:large","max-video-preview":"max-video-preview:-1"},"canonical":"https:\/\/radio.fcejs.unsl.edu.ar\/index.php\/fica-upro-estudio-y-trabajo-conjunto-para-la-elaboracion-de-una-barra-nutrituva-de-cereales\/","og_locale":"es_ES","og_type":"article","og_title":"FICA-UPRO: Estudio y trabajo conjunto para la elaboraci\u00f3n de una barra nutritiva de cereales - Radio Universidad Villa Mercedes 97.5 | UNSL","og_description":"Mediante una tarea conjunta entre la FICA y la UPRO se hizo una reformulaci\u00f3n de una barra nutritiva de cereales, cuya prueba final consigui\u00f3 los resultados esperados, entre ellos la elaboraci\u00f3n de un manual de procedimientos. La Mg. Sonia N\u00fa\u00f1ez explic\u00f3 a Radio de la UNSL en Villa Mercedes, los pasos que se siguieron para...","og_url":"https:\/\/radio.fcejs.unsl.edu.ar\/index.php\/fica-upro-estudio-y-trabajo-conjunto-para-la-elaboracion-de-una-barra-nutrituva-de-cereales\/","og_site_name":"Radio Universidad Villa Mercedes 97.5 | UNSL","article_published_time":"2025-03-11T15:12:38+00:00","article_modified_time":"2025-03-12T11:29:54+00:00","og_image":[{"width":1100,"height":859,"url":"https:\/\/radio.fcejs.unsl.edu.ar\/wp-content\/uploads\/2025\/03\/sonia11-03-25.jpg","type":"image\/jpeg"}],"author":"Redaccion Radio","twitter_card":"summary_large_image","twitter_misc":{"Escrito por":"Redaccion Radio"},"schema":{"@context":"https:\/\/schema.org","@graph":[{"@type":"Article","@id":"https:\/\/radio.fcejs.unsl.edu.ar\/index.php\/fica-upro-estudio-y-trabajo-conjunto-para-la-elaboracion-de-una-barra-nutrituva-de-cereales\/#article","isPartOf":{"@id":"https:\/\/radio.fcejs.unsl.edu.ar\/index.php\/fica-upro-estudio-y-trabajo-conjunto-para-la-elaboracion-de-una-barra-nutrituva-de-cereales\/"},"author":{"name":"Redaccion Radio","@id":"https:\/\/radio.fcejs.unsl.edu.ar\/#\/schema\/person\/17e27260a1b995c2bd3a5989077ba3fb"},"headline":"FICA-UPRO: Estudio y trabajo conjunto para la elaboraci\u00f3n de una barra nutritiva de cereales","datePublished":"2025-03-11T15:12:38+00:00","dateModified":"2025-03-12T11:29:54+00:00","mainEntityOfPage":{"@id":"https:\/\/radio.fcejs.unsl.edu.ar\/index.php\/fica-upro-estudio-y-trabajo-conjunto-para-la-elaboracion-de-una-barra-nutrituva-de-cereales\/"},"wordCount":95,"publisher":{"@id":"https:\/\/radio.fcejs.unsl.edu.ar\/#organization"},"image":{"@id":"https:\/\/radio.fcejs.unsl.edu.ar\/index.php\/fica-upro-estudio-y-trabajo-conjunto-para-la-elaboracion-de-una-barra-nutrituva-de-cereales\/#primaryimage"},"thumbnailUrl":"https:\/\/radio.fcejs.unsl.edu.ar\/wp-content\/uploads\/2025\/03\/sonia11-03-25.jpg","articleSection":["Destacada","Entrevistas"],"inLanguage":"es-AR"},{"@type":"WebPage","@id":"https:\/\/radio.fcejs.unsl.edu.ar\/index.php\/fica-upro-estudio-y-trabajo-conjunto-para-la-elaboracion-de-una-barra-nutrituva-de-cereales\/","url":"https:\/\/radio.fcejs.unsl.edu.ar\/index.php\/fica-upro-estudio-y-trabajo-conjunto-para-la-elaboracion-de-una-barra-nutrituva-de-cereales\/","name":"FICA-UPRO: Estudio y trabajo conjunto para la elaboraci\u00f3n de una barra nutritiva de cereales - Radio Universidad Villa Mercedes 97.5 | UNSL","isPartOf":{"@id":"https:\/\/radio.fcejs.unsl.edu.ar\/#website"},"primaryImageOfPage":{"@id":"https:\/\/radio.fcejs.unsl.edu.ar\/index.php\/fica-upro-estudio-y-trabajo-conjunto-para-la-elaboracion-de-una-barra-nutrituva-de-cereales\/#primaryimage"},"image":{"@id":"https:\/\/radio.fcejs.unsl.edu.ar\/index.php\/fica-upro-estudio-y-trabajo-conjunto-para-la-elaboracion-de-una-barra-nutrituva-de-cereales\/#primaryimage"},"thumbnailUrl":"https:\/\/radio.fcejs.unsl.edu.ar\/wp-content\/uploads\/2025\/03\/sonia11-03-25.jpg","datePublished":"2025-03-11T15:12:38+00:00","dateModified":"2025-03-12T11:29:54+00:00","breadcrumb":{"@id":"https:\/\/radio.fcejs.unsl.edu.ar\/index.php\/fica-upro-estudio-y-trabajo-conjunto-para-la-elaboracion-de-una-barra-nutrituva-de-cereales\/#breadcrumb"},"inLanguage":"es-AR","potentialAction":[{"@type":"ReadAction","target":["https:\/\/radio.fcejs.unsl.edu.ar\/index.php\/fica-upro-estudio-y-trabajo-conjunto-para-la-elaboracion-de-una-barra-nutrituva-de-cereales\/"]}]},{"@type":"ImageObject","inLanguage":"es-AR","@id":"https:\/\/radio.fcejs.unsl.edu.ar\/index.php\/fica-upro-estudio-y-trabajo-conjunto-para-la-elaboracion-de-una-barra-nutrituva-de-cereales\/#primaryimage","url":"https:\/\/radio.fcejs.unsl.edu.ar\/wp-content\/uploads\/2025\/03\/sonia11-03-25.jpg","contentUrl":"https:\/\/radio.fcejs.unsl.edu.ar\/wp-content\/uploads\/2025\/03\/sonia11-03-25.jpg","width":1100,"height":859},{"@type":"BreadcrumbList","@id":"https:\/\/radio.fcejs.unsl.edu.ar\/index.php\/fica-upro-estudio-y-trabajo-conjunto-para-la-elaboracion-de-una-barra-nutrituva-de-cereales\/#breadcrumb","itemListElement":[{"@type":"ListItem","position":1,"name":"Inicio","item":"https:\/\/radio.fcejs.unsl.edu.ar\/"},{"@type":"ListItem","position":2,"name":"FICA-UPRO: Estudio y trabajo conjunto para la elaboraci\u00f3n de una barra nutritiva de cereales"}]},{"@type":"WebSite","@id":"https:\/\/radio.fcejs.unsl.edu.ar\/#website","url":"https:\/\/radio.fcejs.unsl.edu.ar\/","name":"Radio Universidad Villa Mercedes 97.5 | UNSL","description":"UNSL","publisher":{"@id":"https:\/\/radio.fcejs.unsl.edu.ar\/#organization"},"potentialAction":[{"@type":"SearchAction","target":{"@type":"EntryPoint","urlTemplate":"https:\/\/radio.fcejs.unsl.edu.ar\/?s={search_term_string}"},"query-input":{"@type":"PropertyValueSpecification","valueRequired":true,"valueName":"search_term_string"}}],"inLanguage":"es-AR"},{"@type":"Organization","@id":"https:\/\/radio.fcejs.unsl.edu.ar\/#organization","name":"Radio Universidad Villa Mercedes 97.5 | UNSL","url":"https:\/\/radio.fcejs.unsl.edu.ar\/","logo":{"@type":"ImageObject","inLanguage":"es-AR","@id":"https:\/\/radio.fcejs.unsl.edu.ar\/#\/schema\/logo\/image\/","url":"https:\/\/radio.fcejs.unsl.edu.ar\/wp-content\/uploads\/2023\/12\/cropped-radio-villa-mercedes-97-5.png","contentUrl":"https:\/\/radio.fcejs.unsl.edu.ar\/wp-content\/uploads\/2023\/12\/cropped-radio-villa-mercedes-97-5.png","width":908,"height":289,"caption":"Radio Universidad Villa Mercedes 97.5 | UNSL"},"image":{"@id":"https:\/\/radio.fcejs.unsl.edu.ar\/#\/schema\/logo\/image\/"}},{"@type":"Person","@id":"https:\/\/radio.fcejs.unsl.edu.ar\/#\/schema\/person\/17e27260a1b995c2bd3a5989077ba3fb","name":"Redaccion Radio","url":"https:\/\/radio.fcejs.unsl.edu.ar\/index.php\/author\/radio_redaccion_fcejs\/"}]}},"_links":{"self":[{"href":"https:\/\/radio.fcejs.unsl.edu.ar\/index.php\/wp-json\/wp\/v2\/posts\/2748","targetHints":{"allow":["GET"]}}],"collection":[{"href":"https:\/\/radio.fcejs.unsl.edu.ar\/index.php\/wp-json\/wp\/v2\/posts"}],"about":[{"href":"https:\/\/radio.fcejs.unsl.edu.ar\/index.php\/wp-json\/wp\/v2\/types\/post"}],"author":[{"embeddable":true,"href":"https:\/\/radio.fcejs.unsl.edu.ar\/index.php\/wp-json\/wp\/v2\/users\/2"}],"replies":[{"embeddable":true,"href":"https:\/\/radio.fcejs.unsl.edu.ar\/index.php\/wp-json\/wp\/v2\/comments?post=2748"}],"version-history":[{"count":2,"href":"https:\/\/radio.fcejs.unsl.edu.ar\/index.php\/wp-json\/wp\/v2\/posts\/2748\/revisions"}],"predecessor-version":[{"id":2751,"href":"https:\/\/radio.fcejs.unsl.edu.ar\/index.php\/wp-json\/wp\/v2\/posts\/2748\/revisions\/2751"}],"wp:featuredmedia":[{"embeddable":true,"href":"https:\/\/radio.fcejs.unsl.edu.ar\/index.php\/wp-json\/wp\/v2\/media\/2749"}],"wp:attachment":[{"href":"https:\/\/radio.fcejs.unsl.edu.ar\/index.php\/wp-json\/wp\/v2\/media?parent=2748"}],"wp:term":[{"taxonomy":"category","embeddable":true,"href":"https:\/\/radio.fcejs.unsl.edu.ar\/index.php\/wp-json\/wp\/v2\/categories?post=2748"},{"taxonomy":"post_tag","embeddable":true,"href":"https:\/\/radio.fcejs.unsl.edu.ar\/index.php\/wp-json\/wp\/v2\/tags?post=2748"}],"curies":[{"name":"wp","href":"https:\/\/api.w.org\/{rel}","templated":true}]}}