{"id":2724,"date":"2025-03-07T11:51:05","date_gmt":"2025-03-07T14:51:05","guid":{"rendered":"https:\/\/radio.fcejs.unsl.edu.ar\/?p=2724"},"modified":"2025-03-07T11:53:47","modified_gmt":"2025-03-07T14:53:47","slug":"la-diplomatura-en-planificacion-y-gestion-en-finanzas-personales-ya-supera-las-expectativas","status":"publish","type":"post","link":"https:\/\/radio.fcejs.unsl.edu.ar\/index.php\/la-diplomatura-en-planificacion-y-gestion-en-finanzas-personales-ya-supera-las-expectativas\/","title":{"rendered":"La Diplomatura en Planificaci\u00f3n y Gesti\u00f3n en Finanzas Personales ya supera las expectativas"},"content":{"rendered":"<p>A un d\u00eda del anuncio oficial, la diplomatura en Planificaci\u00f3n y Gesti\u00f3n de las Finanzas Personales ya cuenta con m\u00e1s de 50 inscriptos. El Magtr. Claudio Salas habl\u00f3 sobre la nueva capacitaci\u00f3n que se dictar\u00e1 en el Centro Universitario La Toma, a partir del 4 de abril.<\/p>\n<audio class=\"wp-audio-shortcode\" id=\"audio-2724-1\" preload=\"none\" style=\"width: 100%;\" controls=\"controls\"><source type=\"audio\/mpeg\" src=\"https:\/\/radioupload.fica.unsl.edu.ar\/files\/jb\/salas07-03-25.mp3?_=1\" \/><a href=\"https:\/\/radioupload.fica.unsl.edu.ar\/files\/jb\/salas07-03-25.mp3\">https:\/\/radioupload.fica.unsl.edu.ar\/files\/jb\/salas07-03-25.mp3<\/a><\/audio>\n","protected":false},"excerpt":{"rendered":"<p>A un d\u00eda del anuncio oficial, la diplomatura en Planificaci\u00f3n y Gesti\u00f3n de las Finanzas Personales ya cuenta con m\u00e1s de 50 inscriptos. El Magtr. Claudio Salas habl\u00f3 sobre la nueva capacitaci\u00f3n que se dictar\u00e1 en el Centro Universitario La Toma, a partir del 4 de abril.<\/p>\n","protected":false},"author":2,"featured_media":2381,"comment_status":"closed","ping_status":"closed","sticky":false,"template":"","format":"standard","meta":{"_kad_post_transparent":"","_kad_post_title":"","_kad_post_layout":"","_kad_post_sidebar_id":"","_kad_post_content_style":"","_kad_post_vertical_padding":"","_kad_post_feature":"","_kad_post_feature_position":"","_kad_post_header":false,"_kad_post_footer":false,"_kad_post_classname":"","footnotes":""},"categories":[9,14],"tags":[],"class_list":["post-2724","post","type-post","status-publish","format-standard","has-post-thumbnail","hentry","category-destacada","category-entrevistas"],"yoast_head":"<!-- This site is optimized with the Yoast SEO plugin v27.2 - https:\/\/yoast.com\/product\/yoast-seo-wordpress\/ -->\n<title>La Diplomatura en Planificaci\u00f3n y Gesti\u00f3n en Finanzas Personales ya supera las expectativas - Radio Universidad Villa Mercedes 97.5 | UNSL<\/title>\n<meta name=\"robots\" content=\"index, follow, max-snippet:-1, max-image-preview:large, max-video-preview:-1\" \/>\n<link rel=\"canonical\" href=\"https:\/\/radio.fcejs.unsl.edu.ar\/index.php\/la-diplomatura-en-planificacion-y-gestion-en-finanzas-personales-ya-supera-las-expectativas\/\" \/>\n<meta property=\"og:locale\" content=\"es_ES\" \/>\n<meta property=\"og:type\" content=\"article\" \/>\n<meta property=\"og:title\" content=\"La Diplomatura en Planificaci\u00f3n y Gesti\u00f3n en Finanzas Personales ya supera las expectativas - Radio Universidad Villa Mercedes 97.5 | UNSL\" \/>\n<meta property=\"og:description\" content=\"A un d\u00eda del anuncio oficial, la diplomatura en Planificaci\u00f3n y Gesti\u00f3n de las Finanzas Personales ya cuenta con m\u00e1s de 50 inscriptos. El Magtr. Claudio Salas habl\u00f3 sobre la nueva capacitaci\u00f3n que se dictar\u00e1 en el Centro Universitario La Toma, a partir del 4 de abril.\" \/>\n<meta property=\"og:url\" content=\"https:\/\/radio.fcejs.unsl.edu.ar\/index.php\/la-diplomatura-en-planificacion-y-gestion-en-finanzas-personales-ya-supera-las-expectativas\/\" \/>\n<meta property=\"og:site_name\" content=\"Radio Universidad Villa Mercedes 97.5 | UNSL\" \/>\n<meta property=\"article:published_time\" content=\"2025-03-07T14:51:05+00:00\" \/>\n<meta property=\"article:modified_time\" content=\"2025-03-07T14:53:47+00:00\" \/>\n<meta property=\"og:image\" content=\"https:\/\/radio.fcejs.unsl.edu.ar\/wp-content\/uploads\/2024\/10\/claudio-salas09-10-24.jpg\" \/>\n\t<meta property=\"og:image:width\" content=\"748\" \/>\n\t<meta property=\"og:image:height\" content=\"529\" \/>\n\t<meta property=\"og:image:type\" content=\"image\/jpeg\" \/>\n<meta name=\"author\" content=\"Redaccion Radio\" \/>\n<meta name=\"twitter:card\" content=\"summary_large_image\" \/>\n<meta name=\"twitter:label1\" content=\"Escrito por\" \/>\n\t<meta name=\"twitter:data1\" content=\"Redaccion Radio\" \/>\n<script type=\"application\/ld+json\" class=\"yoast-schema-graph\">{\"@context\":\"https:\/\/schema.org\",\"@graph\":[{\"@type\":\"Article\",\"@id\":\"https:\/\/radio.fcejs.unsl.edu.ar\/index.php\/la-diplomatura-en-planificacion-y-gestion-en-finanzas-personales-ya-supera-las-expectativas\/#article\",\"isPartOf\":{\"@id\":\"https:\/\/radio.fcejs.unsl.edu.ar\/index.php\/la-diplomatura-en-planificacion-y-gestion-en-finanzas-personales-ya-supera-las-expectativas\/\"},\"author\":{\"name\":\"Redaccion Radio\",\"@id\":\"https:\/\/radio.fcejs.unsl.edu.ar\/#\/schema\/person\/17e27260a1b995c2bd3a5989077ba3fb\"},\"headline\":\"La Diplomatura en Planificaci\u00f3n y Gesti\u00f3n en Finanzas Personales ya supera las expectativas\",\"datePublished\":\"2025-03-07T14:51:05+00:00\",\"dateModified\":\"2025-03-07T14:53:47+00:00\",\"mainEntityOfPage\":{\"@id\":\"https:\/\/radio.fcejs.unsl.edu.ar\/index.php\/la-diplomatura-en-planificacion-y-gestion-en-finanzas-personales-ya-supera-las-expectativas\/\"},\"wordCount\":79,\"publisher\":{\"@id\":\"https:\/\/radio.fcejs.unsl.edu.ar\/#organization\"},\"image\":{\"@id\":\"https:\/\/radio.fcejs.unsl.edu.ar\/index.php\/la-diplomatura-en-planificacion-y-gestion-en-finanzas-personales-ya-supera-las-expectativas\/#primaryimage\"},\"thumbnailUrl\":\"https:\/\/radio.fcejs.unsl.edu.ar\/wp-content\/uploads\/2024\/10\/claudio-salas09-10-24.jpg\",\"articleSection\":[\"Destacada\",\"Entrevistas\"],\"inLanguage\":\"es-AR\"},{\"@type\":\"WebPage\",\"@id\":\"https:\/\/radio.fcejs.unsl.edu.ar\/index.php\/la-diplomatura-en-planificacion-y-gestion-en-finanzas-personales-ya-supera-las-expectativas\/\",\"url\":\"https:\/\/radio.fcejs.unsl.edu.ar\/index.php\/la-diplomatura-en-planificacion-y-gestion-en-finanzas-personales-ya-supera-las-expectativas\/\",\"name\":\"La Diplomatura en Planificaci\u00f3n y Gesti\u00f3n en Finanzas Personales ya supera las expectativas - Radio Universidad Villa Mercedes 97.5 | UNSL\",\"isPartOf\":{\"@id\":\"https:\/\/radio.fcejs.unsl.edu.ar\/#website\"},\"primaryImageOfPage\":{\"@id\":\"https:\/\/radio.fcejs.unsl.edu.ar\/index.php\/la-diplomatura-en-planificacion-y-gestion-en-finanzas-personales-ya-supera-las-expectativas\/#primaryimage\"},\"image\":{\"@id\":\"https:\/\/radio.fcejs.unsl.edu.ar\/index.php\/la-diplomatura-en-planificacion-y-gestion-en-finanzas-personales-ya-supera-las-expectativas\/#primaryimage\"},\"thumbnailUrl\":\"https:\/\/radio.fcejs.unsl.edu.ar\/wp-content\/uploads\/2024\/10\/claudio-salas09-10-24.jpg\",\"datePublished\":\"2025-03-07T14:51:05+00:00\",\"dateModified\":\"2025-03-07T14:53:47+00:00\",\"breadcrumb\":{\"@id\":\"https:\/\/radio.fcejs.unsl.edu.ar\/index.php\/la-diplomatura-en-planificacion-y-gestion-en-finanzas-personales-ya-supera-las-expectativas\/#breadcrumb\"},\"inLanguage\":\"es-AR\",\"potentialAction\":[{\"@type\":\"ReadAction\",\"target\":[\"https:\/\/radio.fcejs.unsl.edu.ar\/index.php\/la-diplomatura-en-planificacion-y-gestion-en-finanzas-personales-ya-supera-las-expectativas\/\"]}]},{\"@type\":\"ImageObject\",\"inLanguage\":\"es-AR\",\"@id\":\"https:\/\/radio.fcejs.unsl.edu.ar\/index.php\/la-diplomatura-en-planificacion-y-gestion-en-finanzas-personales-ya-supera-las-expectativas\/#primaryimage\",\"url\":\"https:\/\/radio.fcejs.unsl.edu.ar\/wp-content\/uploads\/2024\/10\/claudio-salas09-10-24.jpg\",\"contentUrl\":\"https:\/\/radio.fcejs.unsl.edu.ar\/wp-content\/uploads\/2024\/10\/claudio-salas09-10-24.jpg\",\"width\":748,\"height\":529},{\"@type\":\"BreadcrumbList\",\"@id\":\"https:\/\/radio.fcejs.unsl.edu.ar\/index.php\/la-diplomatura-en-planificacion-y-gestion-en-finanzas-personales-ya-supera-las-expectativas\/#breadcrumb\",\"itemListElement\":[{\"@type\":\"ListItem\",\"position\":1,\"name\":\"Inicio\",\"item\":\"https:\/\/radio.fcejs.unsl.edu.ar\/\"},{\"@type\":\"ListItem\",\"position\":2,\"name\":\"La Diplomatura en Planificaci\u00f3n y Gesti\u00f3n en Finanzas Personales ya supera las expectativas\"}]},{\"@type\":\"WebSite\",\"@id\":\"https:\/\/radio.fcejs.unsl.edu.ar\/#website\",\"url\":\"https:\/\/radio.fcejs.unsl.edu.ar\/\",\"name\":\"Radio Universidad Villa Mercedes 97.5 | UNSL\",\"description\":\"UNSL\",\"publisher\":{\"@id\":\"https:\/\/radio.fcejs.unsl.edu.ar\/#organization\"},\"potentialAction\":[{\"@type\":\"SearchAction\",\"target\":{\"@type\":\"EntryPoint\",\"urlTemplate\":\"https:\/\/radio.fcejs.unsl.edu.ar\/?s={search_term_string}\"},\"query-input\":{\"@type\":\"PropertyValueSpecification\",\"valueRequired\":true,\"valueName\":\"search_term_string\"}}],\"inLanguage\":\"es-AR\"},{\"@type\":\"Organization\",\"@id\":\"https:\/\/radio.fcejs.unsl.edu.ar\/#organization\",\"name\":\"Radio Universidad Villa Mercedes 97.5 | UNSL\",\"url\":\"https:\/\/radio.fcejs.unsl.edu.ar\/\",\"logo\":{\"@type\":\"ImageObject\",\"inLanguage\":\"es-AR\",\"@id\":\"https:\/\/radio.fcejs.unsl.edu.ar\/#\/schema\/logo\/image\/\",\"url\":\"https:\/\/radio.fcejs.unsl.edu.ar\/wp-content\/uploads\/2023\/12\/cropped-radio-villa-mercedes-97-5.png\",\"contentUrl\":\"https:\/\/radio.fcejs.unsl.edu.ar\/wp-content\/uploads\/2023\/12\/cropped-radio-villa-mercedes-97-5.png\",\"width\":908,\"height\":289,\"caption\":\"Radio Universidad Villa Mercedes 97.5 | UNSL\"},\"image\":{\"@id\":\"https:\/\/radio.fcejs.unsl.edu.ar\/#\/schema\/logo\/image\/\"}},{\"@type\":\"Person\",\"@id\":\"https:\/\/radio.fcejs.unsl.edu.ar\/#\/schema\/person\/17e27260a1b995c2bd3a5989077ba3fb\",\"name\":\"Redaccion Radio\",\"url\":\"https:\/\/radio.fcejs.unsl.edu.ar\/index.php\/author\/radio_redaccion_fcejs\/\"}]}<\/script>\n<!-- \/ Yoast SEO plugin. -->","yoast_head_json":{"title":"La Diplomatura en Planificaci\u00f3n y Gesti\u00f3n en Finanzas Personales ya supera las expectativas - Radio Universidad Villa Mercedes 97.5 | UNSL","robots":{"index":"index","follow":"follow","max-snippet":"max-snippet:-1","max-image-preview":"max-image-preview:large","max-video-preview":"max-video-preview:-1"},"canonical":"https:\/\/radio.fcejs.unsl.edu.ar\/index.php\/la-diplomatura-en-planificacion-y-gestion-en-finanzas-personales-ya-supera-las-expectativas\/","og_locale":"es_ES","og_type":"article","og_title":"La Diplomatura en Planificaci\u00f3n y Gesti\u00f3n en Finanzas Personales ya supera las expectativas - Radio Universidad Villa Mercedes 97.5 | UNSL","og_description":"A un d\u00eda del anuncio oficial, la diplomatura en Planificaci\u00f3n y Gesti\u00f3n de las Finanzas Personales ya cuenta con m\u00e1s de 50 inscriptos. El Magtr. Claudio Salas habl\u00f3 sobre la nueva capacitaci\u00f3n que se dictar\u00e1 en el Centro Universitario La Toma, a partir del 4 de abril.","og_url":"https:\/\/radio.fcejs.unsl.edu.ar\/index.php\/la-diplomatura-en-planificacion-y-gestion-en-finanzas-personales-ya-supera-las-expectativas\/","og_site_name":"Radio Universidad Villa Mercedes 97.5 | UNSL","article_published_time":"2025-03-07T14:51:05+00:00","article_modified_time":"2025-03-07T14:53:47+00:00","og_image":[{"width":748,"height":529,"url":"https:\/\/radio.fcejs.unsl.edu.ar\/wp-content\/uploads\/2024\/10\/claudio-salas09-10-24.jpg","type":"image\/jpeg"}],"author":"Redaccion Radio","twitter_card":"summary_large_image","twitter_misc":{"Escrito por":"Redaccion Radio"},"schema":{"@context":"https:\/\/schema.org","@graph":[{"@type":"Article","@id":"https:\/\/radio.fcejs.unsl.edu.ar\/index.php\/la-diplomatura-en-planificacion-y-gestion-en-finanzas-personales-ya-supera-las-expectativas\/#article","isPartOf":{"@id":"https:\/\/radio.fcejs.unsl.edu.ar\/index.php\/la-diplomatura-en-planificacion-y-gestion-en-finanzas-personales-ya-supera-las-expectativas\/"},"author":{"name":"Redaccion Radio","@id":"https:\/\/radio.fcejs.unsl.edu.ar\/#\/schema\/person\/17e27260a1b995c2bd3a5989077ba3fb"},"headline":"La Diplomatura en Planificaci\u00f3n y Gesti\u00f3n en Finanzas Personales ya supera las expectativas","datePublished":"2025-03-07T14:51:05+00:00","dateModified":"2025-03-07T14:53:47+00:00","mainEntityOfPage":{"@id":"https:\/\/radio.fcejs.unsl.edu.ar\/index.php\/la-diplomatura-en-planificacion-y-gestion-en-finanzas-personales-ya-supera-las-expectativas\/"},"wordCount":79,"publisher":{"@id":"https:\/\/radio.fcejs.unsl.edu.ar\/#organization"},"image":{"@id":"https:\/\/radio.fcejs.unsl.edu.ar\/index.php\/la-diplomatura-en-planificacion-y-gestion-en-finanzas-personales-ya-supera-las-expectativas\/#primaryimage"},"thumbnailUrl":"https:\/\/radio.fcejs.unsl.edu.ar\/wp-content\/uploads\/2024\/10\/claudio-salas09-10-24.jpg","articleSection":["Destacada","Entrevistas"],"inLanguage":"es-AR"},{"@type":"WebPage","@id":"https:\/\/radio.fcejs.unsl.edu.ar\/index.php\/la-diplomatura-en-planificacion-y-gestion-en-finanzas-personales-ya-supera-las-expectativas\/","url":"https:\/\/radio.fcejs.unsl.edu.ar\/index.php\/la-diplomatura-en-planificacion-y-gestion-en-finanzas-personales-ya-supera-las-expectativas\/","name":"La Diplomatura en Planificaci\u00f3n y Gesti\u00f3n en Finanzas Personales ya supera las expectativas - Radio Universidad Villa Mercedes 97.5 | UNSL","isPartOf":{"@id":"https:\/\/radio.fcejs.unsl.edu.ar\/#website"},"primaryImageOfPage":{"@id":"https:\/\/radio.fcejs.unsl.edu.ar\/index.php\/la-diplomatura-en-planificacion-y-gestion-en-finanzas-personales-ya-supera-las-expectativas\/#primaryimage"},"image":{"@id":"https:\/\/radio.fcejs.unsl.edu.ar\/index.php\/la-diplomatura-en-planificacion-y-gestion-en-finanzas-personales-ya-supera-las-expectativas\/#primaryimage"},"thumbnailUrl":"https:\/\/radio.fcejs.unsl.edu.ar\/wp-content\/uploads\/2024\/10\/claudio-salas09-10-24.jpg","datePublished":"2025-03-07T14:51:05+00:00","dateModified":"2025-03-07T14:53:47+00:00","breadcrumb":{"@id":"https:\/\/radio.fcejs.unsl.edu.ar\/index.php\/la-diplomatura-en-planificacion-y-gestion-en-finanzas-personales-ya-supera-las-expectativas\/#breadcrumb"},"inLanguage":"es-AR","potentialAction":[{"@type":"ReadAction","target":["https:\/\/radio.fcejs.unsl.edu.ar\/index.php\/la-diplomatura-en-planificacion-y-gestion-en-finanzas-personales-ya-supera-las-expectativas\/"]}]},{"@type":"ImageObject","inLanguage":"es-AR","@id":"https:\/\/radio.fcejs.unsl.edu.ar\/index.php\/la-diplomatura-en-planificacion-y-gestion-en-finanzas-personales-ya-supera-las-expectativas\/#primaryimage","url":"https:\/\/radio.fcejs.unsl.edu.ar\/wp-content\/uploads\/2024\/10\/claudio-salas09-10-24.jpg","contentUrl":"https:\/\/radio.fcejs.unsl.edu.ar\/wp-content\/uploads\/2024\/10\/claudio-salas09-10-24.jpg","width":748,"height":529},{"@type":"BreadcrumbList","@id":"https:\/\/radio.fcejs.unsl.edu.ar\/index.php\/la-diplomatura-en-planificacion-y-gestion-en-finanzas-personales-ya-supera-las-expectativas\/#breadcrumb","itemListElement":[{"@type":"ListItem","position":1,"name":"Inicio","item":"https:\/\/radio.fcejs.unsl.edu.ar\/"},{"@type":"ListItem","position":2,"name":"La Diplomatura en Planificaci\u00f3n y Gesti\u00f3n en Finanzas Personales ya supera las expectativas"}]},{"@type":"WebSite","@id":"https:\/\/radio.fcejs.unsl.edu.ar\/#website","url":"https:\/\/radio.fcejs.unsl.edu.ar\/","name":"Radio Universidad Villa Mercedes 97.5 | UNSL","description":"UNSL","publisher":{"@id":"https:\/\/radio.fcejs.unsl.edu.ar\/#organization"},"potentialAction":[{"@type":"SearchAction","target":{"@type":"EntryPoint","urlTemplate":"https:\/\/radio.fcejs.unsl.edu.ar\/?s={search_term_string}"},"query-input":{"@type":"PropertyValueSpecification","valueRequired":true,"valueName":"search_term_string"}}],"inLanguage":"es-AR"},{"@type":"Organization","@id":"https:\/\/radio.fcejs.unsl.edu.ar\/#organization","name":"Radio Universidad Villa Mercedes 97.5 | UNSL","url":"https:\/\/radio.fcejs.unsl.edu.ar\/","logo":{"@type":"ImageObject","inLanguage":"es-AR","@id":"https:\/\/radio.fcejs.unsl.edu.ar\/#\/schema\/logo\/image\/","url":"https:\/\/radio.fcejs.unsl.edu.ar\/wp-content\/uploads\/2023\/12\/cropped-radio-villa-mercedes-97-5.png","contentUrl":"https:\/\/radio.fcejs.unsl.edu.ar\/wp-content\/uploads\/2023\/12\/cropped-radio-villa-mercedes-97-5.png","width":908,"height":289,"caption":"Radio Universidad Villa Mercedes 97.5 | UNSL"},"image":{"@id":"https:\/\/radio.fcejs.unsl.edu.ar\/#\/schema\/logo\/image\/"}},{"@type":"Person","@id":"https:\/\/radio.fcejs.unsl.edu.ar\/#\/schema\/person\/17e27260a1b995c2bd3a5989077ba3fb","name":"Redaccion Radio","url":"https:\/\/radio.fcejs.unsl.edu.ar\/index.php\/author\/radio_redaccion_fcejs\/"}]}},"_links":{"self":[{"href":"https:\/\/radio.fcejs.unsl.edu.ar\/index.php\/wp-json\/wp\/v2\/posts\/2724","targetHints":{"allow":["GET"]}}],"collection":[{"href":"https:\/\/radio.fcejs.unsl.edu.ar\/index.php\/wp-json\/wp\/v2\/posts"}],"about":[{"href":"https:\/\/radio.fcejs.unsl.edu.ar\/index.php\/wp-json\/wp\/v2\/types\/post"}],"author":[{"embeddable":true,"href":"https:\/\/radio.fcejs.unsl.edu.ar\/index.php\/wp-json\/wp\/v2\/users\/2"}],"replies":[{"embeddable":true,"href":"https:\/\/radio.fcejs.unsl.edu.ar\/index.php\/wp-json\/wp\/v2\/comments?post=2724"}],"version-history":[{"count":3,"href":"https:\/\/radio.fcejs.unsl.edu.ar\/index.php\/wp-json\/wp\/v2\/posts\/2724\/revisions"}],"predecessor-version":[{"id":2727,"href":"https:\/\/radio.fcejs.unsl.edu.ar\/index.php\/wp-json\/wp\/v2\/posts\/2724\/revisions\/2727"}],"wp:featuredmedia":[{"embeddable":true,"href":"https:\/\/radio.fcejs.unsl.edu.ar\/index.php\/wp-json\/wp\/v2\/media\/2381"}],"wp:attachment":[{"href":"https:\/\/radio.fcejs.unsl.edu.ar\/index.php\/wp-json\/wp\/v2\/media?parent=2724"}],"wp:term":[{"taxonomy":"category","embeddable":true,"href":"https:\/\/radio.fcejs.unsl.edu.ar\/index.php\/wp-json\/wp\/v2\/categories?post=2724"},{"taxonomy":"post_tag","embeddable":true,"href":"https:\/\/radio.fcejs.unsl.edu.ar\/index.php\/wp-json\/wp\/v2\/tags?post=2724"}],"curies":[{"name":"wp","href":"https:\/\/api.w.org\/{rel}","templated":true}]}}