{"id":2720,"date":"2025-02-28T08:32:01","date_gmt":"2025-02-28T11:32:01","guid":{"rendered":"https:\/\/radio.fcejs.unsl.edu.ar\/?p=2720"},"modified":"2025-02-28T08:32:01","modified_gmt":"2025-02-28T11:32:01","slug":"con-enfasis-en-la-formacion-y-la-vinculacion-retomo-sus-actividades-el-programa-universidad-y-discapacidad","status":"publish","type":"post","link":"https:\/\/radio.fcejs.unsl.edu.ar\/index.php\/con-enfasis-en-la-formacion-y-la-vinculacion-retomo-sus-actividades-el-programa-universidad-y-discapacidad\/","title":{"rendered":"Con \u00e9nfasis en la formaci\u00f3n y la vinculaci\u00f3n, retom\u00f3 sus actividades el Programa Universidad y Discapacidad"},"content":{"rendered":"<p>En el Centro Universitario Villa Mercedes tuvo lugar, el martes 25 de febrero, el primer encuentro de la Comisi\u00f3n de Apoyo al Programa Universidad y Discapacidad, al cual asistieron representantes de las ocho facultades de la UNSL<\/p>\n<audio class=\"wp-audio-shortcode\" id=\"audio-2720-1\" preload=\"none\" style=\"width: 100%;\" controls=\"controls\"><source type=\"audio\/mpeg\" src=\"https:\/\/radioupload.fica.unsl.edu.ar\/files\/jb\/discapacidad25-02-25.mp3?_=1\" \/><a href=\"https:\/\/radioupload.fica.unsl.edu.ar\/files\/jb\/discapacidad25-02-25.mp3\">https:\/\/radioupload.fica.unsl.edu.ar\/files\/jb\/discapacidad25-02-25.mp3<\/a><\/audio>\n<p>Mariela Z\u00fa\u00f1iga, coordinadora del Programa, destac\u00f3 que las seis subcomisiones se dispusieron a trabajar a pleno en este nuevo ciclo. \u201cHay amplias perspectivas de profundizar las tareas en las \u00e1reas de formaci\u00f3n y vinculaci\u00f3n\u201d.<\/p>\n<p>En la primera reuni\u00f3n se definieron los objetivos y el cronograma de trabajo para 2025 entre las unidades acad\u00e9micas de la Universidad, de acuerdo con lo establecido por la Ordenanza Rectoral N\u00b0 8\/2024, de creaci\u00f3n del Programa.<\/p>\n<p>Entre los ejes de la agenda 2025, se fortalecer\u00e1 la formaci\u00f3n continua, mediante un proyecto que ser\u00eda presentado en el primer cuatrimestre; se intensificar\u00e1 la capacitaci\u00f3n en las nuevas tecnolog\u00edas, y se avanzar\u00e1 en la elaboraci\u00f3n y publicaci\u00f3n del primer n\u00famero de la Revista del Programa, entre otras novedades.<\/p>\n","protected":false},"excerpt":{"rendered":"<p>En el Centro Universitario Villa Mercedes tuvo lugar, el martes 25 de febrero, el primer encuentro de la Comisi\u00f3n de Apoyo al Programa Universidad y Discapacidad, al cual asistieron representantes de las ocho facultades de la UNSL Mariela Z\u00fa\u00f1iga, coordinadora del Programa, destac\u00f3 que las seis subcomisiones se dispusieron a trabajar a pleno en este&#8230;<\/p>\n","protected":false},"author":2,"featured_media":2721,"comment_status":"closed","ping_status":"closed","sticky":false,"template":"","format":"standard","meta":{"_kad_post_transparent":"","_kad_post_title":"","_kad_post_layout":"","_kad_post_sidebar_id":"","_kad_post_content_style":"","_kad_post_vertical_padding":"","_kad_post_feature":"","_kad_post_feature_position":"","_kad_post_header":false,"_kad_post_footer":false,"_kad_post_classname":"","footnotes":""},"categories":[9,14],"tags":[],"class_list":["post-2720","post","type-post","status-publish","format-standard","has-post-thumbnail","hentry","category-destacada","category-entrevistas"],"yoast_head":"<!-- This site is optimized with the Yoast SEO plugin v27.2 - https:\/\/yoast.com\/product\/yoast-seo-wordpress\/ -->\n<title>Con \u00e9nfasis en la formaci\u00f3n y la vinculaci\u00f3n, retom\u00f3 sus actividades el Programa Universidad y Discapacidad - Radio Universidad Villa Mercedes 97.5 | UNSL<\/title>\n<meta name=\"robots\" content=\"index, follow, max-snippet:-1, max-image-preview:large, max-video-preview:-1\" \/>\n<link rel=\"canonical\" href=\"https:\/\/radio.fcejs.unsl.edu.ar\/index.php\/con-enfasis-en-la-formacion-y-la-vinculacion-retomo-sus-actividades-el-programa-universidad-y-discapacidad\/\" \/>\n<meta property=\"og:locale\" content=\"es_ES\" \/>\n<meta property=\"og:type\" content=\"article\" \/>\n<meta property=\"og:title\" content=\"Con \u00e9nfasis en la formaci\u00f3n y la vinculaci\u00f3n, retom\u00f3 sus actividades el Programa Universidad y Discapacidad - Radio Universidad Villa Mercedes 97.5 | UNSL\" \/>\n<meta property=\"og:description\" content=\"En el Centro Universitario Villa Mercedes tuvo lugar, el martes 25 de febrero, el primer encuentro de la Comisi\u00f3n de Apoyo al Programa Universidad y Discapacidad, al cual asistieron representantes de las ocho facultades de la UNSL Mariela Z\u00fa\u00f1iga, coordinadora del Programa, destac\u00f3 que las seis subcomisiones se dispusieron a trabajar a pleno en este...\" \/>\n<meta property=\"og:url\" content=\"https:\/\/radio.fcejs.unsl.edu.ar\/index.php\/con-enfasis-en-la-formacion-y-la-vinculacion-retomo-sus-actividades-el-programa-universidad-y-discapacidad\/\" \/>\n<meta property=\"og:site_name\" content=\"Radio Universidad Villa Mercedes 97.5 | UNSL\" \/>\n<meta property=\"article:published_time\" content=\"2025-02-28T11:32:01+00:00\" \/>\n<meta property=\"og:image\" content=\"https:\/\/radio.fcejs.unsl.edu.ar\/wp-content\/uploads\/2025\/02\/discapacidad26-02-25.jpg\" \/>\n\t<meta property=\"og:image:width\" content=\"1000\" \/>\n\t<meta property=\"og:image:height\" content=\"666\" \/>\n\t<meta property=\"og:image:type\" content=\"image\/jpeg\" \/>\n<meta name=\"author\" content=\"Redaccion Radio\" \/>\n<meta name=\"twitter:card\" content=\"summary_large_image\" \/>\n<meta name=\"twitter:label1\" content=\"Escrito por\" \/>\n\t<meta name=\"twitter:data1\" content=\"Redaccion Radio\" \/>\n\t<meta name=\"twitter:label2\" content=\"Tiempo de lectura\" \/>\n\t<meta name=\"twitter:data2\" content=\"1 minuto\" \/>\n<script type=\"application\/ld+json\" class=\"yoast-schema-graph\">{\"@context\":\"https:\/\/schema.org\",\"@graph\":[{\"@type\":\"Article\",\"@id\":\"https:\/\/radio.fcejs.unsl.edu.ar\/index.php\/con-enfasis-en-la-formacion-y-la-vinculacion-retomo-sus-actividades-el-programa-universidad-y-discapacidad\/#article\",\"isPartOf\":{\"@id\":\"https:\/\/radio.fcejs.unsl.edu.ar\/index.php\/con-enfasis-en-la-formacion-y-la-vinculacion-retomo-sus-actividades-el-programa-universidad-y-discapacidad\/\"},\"author\":{\"name\":\"Redaccion Radio\",\"@id\":\"https:\/\/radio.fcejs.unsl.edu.ar\/#\/schema\/person\/17e27260a1b995c2bd3a5989077ba3fb\"},\"headline\":\"Con \u00e9nfasis en la formaci\u00f3n y la vinculaci\u00f3n, retom\u00f3 sus actividades el Programa Universidad y Discapacidad\",\"datePublished\":\"2025-02-28T11:32:01+00:00\",\"mainEntityOfPage\":{\"@id\":\"https:\/\/radio.fcejs.unsl.edu.ar\/index.php\/con-enfasis-en-la-formacion-y-la-vinculacion-retomo-sus-actividades-el-programa-universidad-y-discapacidad\/\"},\"wordCount\":199,\"publisher\":{\"@id\":\"https:\/\/radio.fcejs.unsl.edu.ar\/#organization\"},\"image\":{\"@id\":\"https:\/\/radio.fcejs.unsl.edu.ar\/index.php\/con-enfasis-en-la-formacion-y-la-vinculacion-retomo-sus-actividades-el-programa-universidad-y-discapacidad\/#primaryimage\"},\"thumbnailUrl\":\"https:\/\/radio.fcejs.unsl.edu.ar\/wp-content\/uploads\/2025\/02\/discapacidad26-02-25.jpg\",\"articleSection\":[\"Destacada\",\"Entrevistas\"],\"inLanguage\":\"es-AR\"},{\"@type\":\"WebPage\",\"@id\":\"https:\/\/radio.fcejs.unsl.edu.ar\/index.php\/con-enfasis-en-la-formacion-y-la-vinculacion-retomo-sus-actividades-el-programa-universidad-y-discapacidad\/\",\"url\":\"https:\/\/radio.fcejs.unsl.edu.ar\/index.php\/con-enfasis-en-la-formacion-y-la-vinculacion-retomo-sus-actividades-el-programa-universidad-y-discapacidad\/\",\"name\":\"Con \u00e9nfasis en la formaci\u00f3n y la vinculaci\u00f3n, retom\u00f3 sus actividades el Programa Universidad y Discapacidad - Radio Universidad Villa Mercedes 97.5 | UNSL\",\"isPartOf\":{\"@id\":\"https:\/\/radio.fcejs.unsl.edu.ar\/#website\"},\"primaryImageOfPage\":{\"@id\":\"https:\/\/radio.fcejs.unsl.edu.ar\/index.php\/con-enfasis-en-la-formacion-y-la-vinculacion-retomo-sus-actividades-el-programa-universidad-y-discapacidad\/#primaryimage\"},\"image\":{\"@id\":\"https:\/\/radio.fcejs.unsl.edu.ar\/index.php\/con-enfasis-en-la-formacion-y-la-vinculacion-retomo-sus-actividades-el-programa-universidad-y-discapacidad\/#primaryimage\"},\"thumbnailUrl\":\"https:\/\/radio.fcejs.unsl.edu.ar\/wp-content\/uploads\/2025\/02\/discapacidad26-02-25.jpg\",\"datePublished\":\"2025-02-28T11:32:01+00:00\",\"breadcrumb\":{\"@id\":\"https:\/\/radio.fcejs.unsl.edu.ar\/index.php\/con-enfasis-en-la-formacion-y-la-vinculacion-retomo-sus-actividades-el-programa-universidad-y-discapacidad\/#breadcrumb\"},\"inLanguage\":\"es-AR\",\"potentialAction\":[{\"@type\":\"ReadAction\",\"target\":[\"https:\/\/radio.fcejs.unsl.edu.ar\/index.php\/con-enfasis-en-la-formacion-y-la-vinculacion-retomo-sus-actividades-el-programa-universidad-y-discapacidad\/\"]}]},{\"@type\":\"ImageObject\",\"inLanguage\":\"es-AR\",\"@id\":\"https:\/\/radio.fcejs.unsl.edu.ar\/index.php\/con-enfasis-en-la-formacion-y-la-vinculacion-retomo-sus-actividades-el-programa-universidad-y-discapacidad\/#primaryimage\",\"url\":\"https:\/\/radio.fcejs.unsl.edu.ar\/wp-content\/uploads\/2025\/02\/discapacidad26-02-25.jpg\",\"contentUrl\":\"https:\/\/radio.fcejs.unsl.edu.ar\/wp-content\/uploads\/2025\/02\/discapacidad26-02-25.jpg\",\"width\":1000,\"height\":666},{\"@type\":\"BreadcrumbList\",\"@id\":\"https:\/\/radio.fcejs.unsl.edu.ar\/index.php\/con-enfasis-en-la-formacion-y-la-vinculacion-retomo-sus-actividades-el-programa-universidad-y-discapacidad\/#breadcrumb\",\"itemListElement\":[{\"@type\":\"ListItem\",\"position\":1,\"name\":\"Inicio\",\"item\":\"https:\/\/radio.fcejs.unsl.edu.ar\/\"},{\"@type\":\"ListItem\",\"position\":2,\"name\":\"Con \u00e9nfasis en la formaci\u00f3n y la vinculaci\u00f3n, retom\u00f3 sus actividades el Programa Universidad y Discapacidad\"}]},{\"@type\":\"WebSite\",\"@id\":\"https:\/\/radio.fcejs.unsl.edu.ar\/#website\",\"url\":\"https:\/\/radio.fcejs.unsl.edu.ar\/\",\"name\":\"Radio Universidad Villa Mercedes 97.5 | UNSL\",\"description\":\"UNSL\",\"publisher\":{\"@id\":\"https:\/\/radio.fcejs.unsl.edu.ar\/#organization\"},\"potentialAction\":[{\"@type\":\"SearchAction\",\"target\":{\"@type\":\"EntryPoint\",\"urlTemplate\":\"https:\/\/radio.fcejs.unsl.edu.ar\/?s={search_term_string}\"},\"query-input\":{\"@type\":\"PropertyValueSpecification\",\"valueRequired\":true,\"valueName\":\"search_term_string\"}}],\"inLanguage\":\"es-AR\"},{\"@type\":\"Organization\",\"@id\":\"https:\/\/radio.fcejs.unsl.edu.ar\/#organization\",\"name\":\"Radio Universidad Villa Mercedes 97.5 | UNSL\",\"url\":\"https:\/\/radio.fcejs.unsl.edu.ar\/\",\"logo\":{\"@type\":\"ImageObject\",\"inLanguage\":\"es-AR\",\"@id\":\"https:\/\/radio.fcejs.unsl.edu.ar\/#\/schema\/logo\/image\/\",\"url\":\"https:\/\/radio.fcejs.unsl.edu.ar\/wp-content\/uploads\/2023\/12\/cropped-radio-villa-mercedes-97-5.png\",\"contentUrl\":\"https:\/\/radio.fcejs.unsl.edu.ar\/wp-content\/uploads\/2023\/12\/cropped-radio-villa-mercedes-97-5.png\",\"width\":908,\"height\":289,\"caption\":\"Radio Universidad Villa Mercedes 97.5 | UNSL\"},\"image\":{\"@id\":\"https:\/\/radio.fcejs.unsl.edu.ar\/#\/schema\/logo\/image\/\"}},{\"@type\":\"Person\",\"@id\":\"https:\/\/radio.fcejs.unsl.edu.ar\/#\/schema\/person\/17e27260a1b995c2bd3a5989077ba3fb\",\"name\":\"Redaccion Radio\",\"url\":\"https:\/\/radio.fcejs.unsl.edu.ar\/index.php\/author\/radio_redaccion_fcejs\/\"}]}<\/script>\n<!-- \/ Yoast SEO plugin. -->","yoast_head_json":{"title":"Con \u00e9nfasis en la formaci\u00f3n y la vinculaci\u00f3n, retom\u00f3 sus actividades el Programa Universidad y Discapacidad - Radio Universidad Villa Mercedes 97.5 | UNSL","robots":{"index":"index","follow":"follow","max-snippet":"max-snippet:-1","max-image-preview":"max-image-preview:large","max-video-preview":"max-video-preview:-1"},"canonical":"https:\/\/radio.fcejs.unsl.edu.ar\/index.php\/con-enfasis-en-la-formacion-y-la-vinculacion-retomo-sus-actividades-el-programa-universidad-y-discapacidad\/","og_locale":"es_ES","og_type":"article","og_title":"Con \u00e9nfasis en la formaci\u00f3n y la vinculaci\u00f3n, retom\u00f3 sus actividades el Programa Universidad y Discapacidad - Radio Universidad Villa Mercedes 97.5 | UNSL","og_description":"En el Centro Universitario Villa Mercedes tuvo lugar, el martes 25 de febrero, el primer encuentro de la Comisi\u00f3n de Apoyo al Programa Universidad y Discapacidad, al cual asistieron representantes de las ocho facultades de la UNSL Mariela Z\u00fa\u00f1iga, coordinadora del Programa, destac\u00f3 que las seis subcomisiones se dispusieron a trabajar a pleno en este...","og_url":"https:\/\/radio.fcejs.unsl.edu.ar\/index.php\/con-enfasis-en-la-formacion-y-la-vinculacion-retomo-sus-actividades-el-programa-universidad-y-discapacidad\/","og_site_name":"Radio Universidad Villa Mercedes 97.5 | UNSL","article_published_time":"2025-02-28T11:32:01+00:00","og_image":[{"width":1000,"height":666,"url":"https:\/\/radio.fcejs.unsl.edu.ar\/wp-content\/uploads\/2025\/02\/discapacidad26-02-25.jpg","type":"image\/jpeg"}],"author":"Redaccion Radio","twitter_card":"summary_large_image","twitter_misc":{"Escrito por":"Redaccion Radio","Tiempo de lectura":"1 minuto"},"schema":{"@context":"https:\/\/schema.org","@graph":[{"@type":"Article","@id":"https:\/\/radio.fcejs.unsl.edu.ar\/index.php\/con-enfasis-en-la-formacion-y-la-vinculacion-retomo-sus-actividades-el-programa-universidad-y-discapacidad\/#article","isPartOf":{"@id":"https:\/\/radio.fcejs.unsl.edu.ar\/index.php\/con-enfasis-en-la-formacion-y-la-vinculacion-retomo-sus-actividades-el-programa-universidad-y-discapacidad\/"},"author":{"name":"Redaccion Radio","@id":"https:\/\/radio.fcejs.unsl.edu.ar\/#\/schema\/person\/17e27260a1b995c2bd3a5989077ba3fb"},"headline":"Con \u00e9nfasis en la formaci\u00f3n y la vinculaci\u00f3n, retom\u00f3 sus actividades el Programa Universidad y Discapacidad","datePublished":"2025-02-28T11:32:01+00:00","mainEntityOfPage":{"@id":"https:\/\/radio.fcejs.unsl.edu.ar\/index.php\/con-enfasis-en-la-formacion-y-la-vinculacion-retomo-sus-actividades-el-programa-universidad-y-discapacidad\/"},"wordCount":199,"publisher":{"@id":"https:\/\/radio.fcejs.unsl.edu.ar\/#organization"},"image":{"@id":"https:\/\/radio.fcejs.unsl.edu.ar\/index.php\/con-enfasis-en-la-formacion-y-la-vinculacion-retomo-sus-actividades-el-programa-universidad-y-discapacidad\/#primaryimage"},"thumbnailUrl":"https:\/\/radio.fcejs.unsl.edu.ar\/wp-content\/uploads\/2025\/02\/discapacidad26-02-25.jpg","articleSection":["Destacada","Entrevistas"],"inLanguage":"es-AR"},{"@type":"WebPage","@id":"https:\/\/radio.fcejs.unsl.edu.ar\/index.php\/con-enfasis-en-la-formacion-y-la-vinculacion-retomo-sus-actividades-el-programa-universidad-y-discapacidad\/","url":"https:\/\/radio.fcejs.unsl.edu.ar\/index.php\/con-enfasis-en-la-formacion-y-la-vinculacion-retomo-sus-actividades-el-programa-universidad-y-discapacidad\/","name":"Con \u00e9nfasis en la formaci\u00f3n y la vinculaci\u00f3n, retom\u00f3 sus actividades el Programa Universidad y Discapacidad - Radio Universidad Villa Mercedes 97.5 | UNSL","isPartOf":{"@id":"https:\/\/radio.fcejs.unsl.edu.ar\/#website"},"primaryImageOfPage":{"@id":"https:\/\/radio.fcejs.unsl.edu.ar\/index.php\/con-enfasis-en-la-formacion-y-la-vinculacion-retomo-sus-actividades-el-programa-universidad-y-discapacidad\/#primaryimage"},"image":{"@id":"https:\/\/radio.fcejs.unsl.edu.ar\/index.php\/con-enfasis-en-la-formacion-y-la-vinculacion-retomo-sus-actividades-el-programa-universidad-y-discapacidad\/#primaryimage"},"thumbnailUrl":"https:\/\/radio.fcejs.unsl.edu.ar\/wp-content\/uploads\/2025\/02\/discapacidad26-02-25.jpg","datePublished":"2025-02-28T11:32:01+00:00","breadcrumb":{"@id":"https:\/\/radio.fcejs.unsl.edu.ar\/index.php\/con-enfasis-en-la-formacion-y-la-vinculacion-retomo-sus-actividades-el-programa-universidad-y-discapacidad\/#breadcrumb"},"inLanguage":"es-AR","potentialAction":[{"@type":"ReadAction","target":["https:\/\/radio.fcejs.unsl.edu.ar\/index.php\/con-enfasis-en-la-formacion-y-la-vinculacion-retomo-sus-actividades-el-programa-universidad-y-discapacidad\/"]}]},{"@type":"ImageObject","inLanguage":"es-AR","@id":"https:\/\/radio.fcejs.unsl.edu.ar\/index.php\/con-enfasis-en-la-formacion-y-la-vinculacion-retomo-sus-actividades-el-programa-universidad-y-discapacidad\/#primaryimage","url":"https:\/\/radio.fcejs.unsl.edu.ar\/wp-content\/uploads\/2025\/02\/discapacidad26-02-25.jpg","contentUrl":"https:\/\/radio.fcejs.unsl.edu.ar\/wp-content\/uploads\/2025\/02\/discapacidad26-02-25.jpg","width":1000,"height":666},{"@type":"BreadcrumbList","@id":"https:\/\/radio.fcejs.unsl.edu.ar\/index.php\/con-enfasis-en-la-formacion-y-la-vinculacion-retomo-sus-actividades-el-programa-universidad-y-discapacidad\/#breadcrumb","itemListElement":[{"@type":"ListItem","position":1,"name":"Inicio","item":"https:\/\/radio.fcejs.unsl.edu.ar\/"},{"@type":"ListItem","position":2,"name":"Con \u00e9nfasis en la formaci\u00f3n y la vinculaci\u00f3n, retom\u00f3 sus actividades el Programa Universidad y Discapacidad"}]},{"@type":"WebSite","@id":"https:\/\/radio.fcejs.unsl.edu.ar\/#website","url":"https:\/\/radio.fcejs.unsl.edu.ar\/","name":"Radio Universidad Villa Mercedes 97.5 | UNSL","description":"UNSL","publisher":{"@id":"https:\/\/radio.fcejs.unsl.edu.ar\/#organization"},"potentialAction":[{"@type":"SearchAction","target":{"@type":"EntryPoint","urlTemplate":"https:\/\/radio.fcejs.unsl.edu.ar\/?s={search_term_string}"},"query-input":{"@type":"PropertyValueSpecification","valueRequired":true,"valueName":"search_term_string"}}],"inLanguage":"es-AR"},{"@type":"Organization","@id":"https:\/\/radio.fcejs.unsl.edu.ar\/#organization","name":"Radio Universidad Villa Mercedes 97.5 | UNSL","url":"https:\/\/radio.fcejs.unsl.edu.ar\/","logo":{"@type":"ImageObject","inLanguage":"es-AR","@id":"https:\/\/radio.fcejs.unsl.edu.ar\/#\/schema\/logo\/image\/","url":"https:\/\/radio.fcejs.unsl.edu.ar\/wp-content\/uploads\/2023\/12\/cropped-radio-villa-mercedes-97-5.png","contentUrl":"https:\/\/radio.fcejs.unsl.edu.ar\/wp-content\/uploads\/2023\/12\/cropped-radio-villa-mercedes-97-5.png","width":908,"height":289,"caption":"Radio Universidad Villa Mercedes 97.5 | UNSL"},"image":{"@id":"https:\/\/radio.fcejs.unsl.edu.ar\/#\/schema\/logo\/image\/"}},{"@type":"Person","@id":"https:\/\/radio.fcejs.unsl.edu.ar\/#\/schema\/person\/17e27260a1b995c2bd3a5989077ba3fb","name":"Redaccion Radio","url":"https:\/\/radio.fcejs.unsl.edu.ar\/index.php\/author\/radio_redaccion_fcejs\/"}]}},"_links":{"self":[{"href":"https:\/\/radio.fcejs.unsl.edu.ar\/index.php\/wp-json\/wp\/v2\/posts\/2720","targetHints":{"allow":["GET"]}}],"collection":[{"href":"https:\/\/radio.fcejs.unsl.edu.ar\/index.php\/wp-json\/wp\/v2\/posts"}],"about":[{"href":"https:\/\/radio.fcejs.unsl.edu.ar\/index.php\/wp-json\/wp\/v2\/types\/post"}],"author":[{"embeddable":true,"href":"https:\/\/radio.fcejs.unsl.edu.ar\/index.php\/wp-json\/wp\/v2\/users\/2"}],"replies":[{"embeddable":true,"href":"https:\/\/radio.fcejs.unsl.edu.ar\/index.php\/wp-json\/wp\/v2\/comments?post=2720"}],"version-history":[{"count":1,"href":"https:\/\/radio.fcejs.unsl.edu.ar\/index.php\/wp-json\/wp\/v2\/posts\/2720\/revisions"}],"predecessor-version":[{"id":2722,"href":"https:\/\/radio.fcejs.unsl.edu.ar\/index.php\/wp-json\/wp\/v2\/posts\/2720\/revisions\/2722"}],"wp:featuredmedia":[{"embeddable":true,"href":"https:\/\/radio.fcejs.unsl.edu.ar\/index.php\/wp-json\/wp\/v2\/media\/2721"}],"wp:attachment":[{"href":"https:\/\/radio.fcejs.unsl.edu.ar\/index.php\/wp-json\/wp\/v2\/media?parent=2720"}],"wp:term":[{"taxonomy":"category","embeddable":true,"href":"https:\/\/radio.fcejs.unsl.edu.ar\/index.php\/wp-json\/wp\/v2\/categories?post=2720"},{"taxonomy":"post_tag","embeddable":true,"href":"https:\/\/radio.fcejs.unsl.edu.ar\/index.php\/wp-json\/wp\/v2\/tags?post=2720"}],"curies":[{"name":"wp","href":"https:\/\/api.w.org\/{rel}","templated":true}]}}