{"id":2604,"date":"2024-12-11T10:54:52","date_gmt":"2024-12-11T13:54:52","guid":{"rendered":"https:\/\/radio.fcejs.unsl.edu.ar\/?p=2604"},"modified":"2024-12-11T10:57:47","modified_gmt":"2024-12-11T13:57:47","slug":"la-fica-y-la-ftu-convocan-a-un-encuentro-para-promover-la-industria-vitivinicola-en-san-luis","status":"publish","type":"post","link":"https:\/\/radio.fcejs.unsl.edu.ar\/index.php\/la-fica-y-la-ftu-convocan-a-un-encuentro-para-promover-la-industria-vitivinicola-en-san-luis\/","title":{"rendered":"La FICA y la FTU convocan a un encuentro para promover la industria vitivin\u00edcola en San Luis"},"content":{"rendered":"<p>\u201cVino San Luis\u201d es un evento \u00fanico por sus caracter\u00edsticas, convocatoria e invitados especiales y porque tiene un ambicioso objetivo: insertar a San Luis dentro de las provincias vitivin\u00edcolas del pa\u00eds.<\/p>\n<audio class=\"wp-audio-shortcode\" id=\"audio-2604-1\" preload=\"none\" style=\"width: 100%;\" controls=\"controls\"><source type=\"audio\/mpeg\" src=\"https:\/\/radioupload.fica.unsl.edu.ar\/files\/jb\/vino11-12-24.mp3?_=1\" \/><a href=\"https:\/\/radioupload.fica.unsl.edu.ar\/files\/jb\/vino11-12-24.mp3\">https:\/\/radioupload.fica.unsl.edu.ar\/files\/jb\/vino11-12-24.mp3<\/a><\/audio>\n<p>Para eso, la Facultad de Ingenier\u00eda y Ciencias Agropecuarias junto con la Facultad de Turismo organizaron un encuentro que tendr\u00e1 lugar este viernes 13 en la Villa de Merlo con el nombre de \u201cVino San Luis\u201d. Han convocado especialmente a productores de la regi\u00f3n como tambi\u00e9n a interesados en conocer sobre la ciencia de la vitivinicultura.<\/p>\n<p>Mariela Quiroga, docente e investigadora de la FICA y FTU adelant\u00f3 que \u201cVino San Luis\u201d contar\u00e1 con la presencia del ingeniero agr\u00f3nomo Marcelo Canatella, uno de los m\u00e1s reconocidos enol\u00f3gos del pa\u00eds, quien presentar\u00e1 su libro \u201cPlantaci\u00f3n exitosa de vi\u00f1edos\u201d. Un trabajo \u201cdestinado a orientar a los inversores productores en la industria vitivin\u00edcola\u201d, explic\u00f3 Quiroga.<\/p>\n<p>\u201cTendremos un conversatorio para hablar de las fortalezas y dificultades del sector y todo lo que conlleva esta actividad\u201d. El encuentro de este viernes fue declarado de inter\u00e9s provincial por el Senado de la Provincia y los consejos deliberantes de Villa Mercedes y Merlo. Cuenta con la colaboraci\u00f3n de la Asociaci\u00f3n de Gastron\u00f3micos y Hoteleros, de la C\u00e1mara de Comercio e Industria; como tambi\u00e9n del \u00e1rea de Desarrollo Sustentable del municipio de Merlo.<\/p>\n<p>Adem\u00e1s de los productores y la gente interesada en la tem\u00e1tica, las instituciones organizadoras extendieron la convocatoria al INTI, INTA, SENASA, ministerio de la Producci\u00f3n de San Luis y emprendimientos privados.<\/p>\n<p><img fetchpriority=\"high\" decoding=\"async\" class=\"alignnone  wp-image-2607\" src=\"http:\/\/radio.fcejs.unsl.edu.ar\/wp-content\/uploads\/2024\/12\/vino-uno11-12-24-212x300.jpg\" alt=\"\" width=\"453\" height=\"641\" srcset=\"https:\/\/radio.fcejs.unsl.edu.ar\/wp-content\/uploads\/2024\/12\/vino-uno11-12-24-212x300.jpg 212w, https:\/\/radio.fcejs.unsl.edu.ar\/wp-content\/uploads\/2024\/12\/vino-uno11-12-24-724x1024.jpg 724w, https:\/\/radio.fcejs.unsl.edu.ar\/wp-content\/uploads\/2024\/12\/vino-uno11-12-24-768x1086.jpg 768w, https:\/\/radio.fcejs.unsl.edu.ar\/wp-content\/uploads\/2024\/12\/vino-uno11-12-24-1086x1536.jpg 1086w, https:\/\/radio.fcejs.unsl.edu.ar\/wp-content\/uploads\/2024\/12\/vino-uno11-12-24.jpg 1131w\" sizes=\"(max-width: 453px) 100vw, 453px\" \/><\/p>\n","protected":false},"excerpt":{"rendered":"<p>\u201cVino San Luis\u201d es un evento \u00fanico por sus caracter\u00edsticas, convocatoria e invitados especiales y porque tiene un ambicioso objetivo: insertar a San Luis dentro de las provincias vitivin\u00edcolas del pa\u00eds. Para eso, la Facultad de Ingenier\u00eda y Ciencias Agropecuarias junto con la Facultad de Turismo organizaron un encuentro que tendr\u00e1 lugar este viernes 13&#8230;<\/p>\n","protected":false},"author":2,"featured_media":2605,"comment_status":"closed","ping_status":"closed","sticky":false,"template":"","format":"standard","meta":{"_kad_post_transparent":"","_kad_post_title":"","_kad_post_layout":"","_kad_post_sidebar_id":"","_kad_post_content_style":"","_kad_post_vertical_padding":"","_kad_post_feature":"","_kad_post_feature_position":"","_kad_post_header":false,"_kad_post_footer":false,"_kad_post_classname":"","footnotes":""},"categories":[9,14],"tags":[],"class_list":["post-2604","post","type-post","status-publish","format-standard","has-post-thumbnail","hentry","category-destacada","category-entrevistas"],"yoast_head":"<!-- This site is optimized with the Yoast SEO plugin v27.2 - https:\/\/yoast.com\/product\/yoast-seo-wordpress\/ -->\n<title>La FICA y la FTU convocan a un encuentro para promover la industria vitivin\u00edcola en San Luis - Radio Universidad Villa Mercedes 97.5 | UNSL<\/title>\n<meta name=\"robots\" content=\"index, follow, max-snippet:-1, max-image-preview:large, max-video-preview:-1\" \/>\n<link rel=\"canonical\" href=\"https:\/\/radio.fcejs.unsl.edu.ar\/index.php\/la-fica-y-la-ftu-convocan-a-un-encuentro-para-promover-la-industria-vitivinicola-en-san-luis\/\" \/>\n<meta property=\"og:locale\" content=\"es_ES\" \/>\n<meta property=\"og:type\" content=\"article\" \/>\n<meta property=\"og:title\" content=\"La FICA y la FTU convocan a un encuentro para promover la industria vitivin\u00edcola en San Luis - Radio Universidad Villa Mercedes 97.5 | UNSL\" \/>\n<meta property=\"og:description\" content=\"\u201cVino San Luis\u201d es un evento \u00fanico por sus caracter\u00edsticas, convocatoria e invitados especiales y porque tiene un ambicioso objetivo: insertar a San Luis dentro de las provincias vitivin\u00edcolas del pa\u00eds. Para eso, la Facultad de Ingenier\u00eda y Ciencias Agropecuarias junto con la Facultad de Turismo organizaron un encuentro que tendr\u00e1 lugar este viernes 13...\" \/>\n<meta property=\"og:url\" content=\"https:\/\/radio.fcejs.unsl.edu.ar\/index.php\/la-fica-y-la-ftu-convocan-a-un-encuentro-para-promover-la-industria-vitivinicola-en-san-luis\/\" \/>\n<meta property=\"og:site_name\" content=\"Radio Universidad Villa Mercedes 97.5 | UNSL\" \/>\n<meta property=\"article:published_time\" content=\"2024-12-11T13:54:52+00:00\" \/>\n<meta property=\"article:modified_time\" content=\"2024-12-11T13:57:47+00:00\" \/>\n<meta property=\"og:image\" content=\"https:\/\/radio.fcejs.unsl.edu.ar\/wp-content\/uploads\/2024\/12\/vino11-12-24.jpg\" \/>\n\t<meta property=\"og:image:width\" content=\"1000\" \/>\n\t<meta property=\"og:image:height\" content=\"600\" \/>\n\t<meta property=\"og:image:type\" content=\"image\/jpeg\" \/>\n<meta name=\"author\" content=\"Redaccion Radio\" \/>\n<meta name=\"twitter:card\" content=\"summary_large_image\" \/>\n<meta name=\"twitter:label1\" content=\"Escrito por\" \/>\n\t<meta name=\"twitter:data1\" content=\"Redaccion Radio\" \/>\n\t<meta name=\"twitter:label2\" content=\"Tiempo de lectura\" \/>\n\t<meta name=\"twitter:data2\" content=\"1 minuto\" \/>\n<script type=\"application\/ld+json\" class=\"yoast-schema-graph\">{\"@context\":\"https:\/\/schema.org\",\"@graph\":[{\"@type\":\"Article\",\"@id\":\"https:\/\/radio.fcejs.unsl.edu.ar\/index.php\/la-fica-y-la-ftu-convocan-a-un-encuentro-para-promover-la-industria-vitivinicola-en-san-luis\/#article\",\"isPartOf\":{\"@id\":\"https:\/\/radio.fcejs.unsl.edu.ar\/index.php\/la-fica-y-la-ftu-convocan-a-un-encuentro-para-promover-la-industria-vitivinicola-en-san-luis\/\"},\"author\":{\"name\":\"Redaccion Radio\",\"@id\":\"https:\/\/radio.fcejs.unsl.edu.ar\/#\/schema\/person\/17e27260a1b995c2bd3a5989077ba3fb\"},\"headline\":\"La FICA y la FTU convocan a un encuentro para promover la industria vitivin\u00edcola en San Luis\",\"datePublished\":\"2024-12-11T13:54:52+00:00\",\"dateModified\":\"2024-12-11T13:57:47+00:00\",\"mainEntityOfPage\":{\"@id\":\"https:\/\/radio.fcejs.unsl.edu.ar\/index.php\/la-fica-y-la-ftu-convocan-a-un-encuentro-para-promover-la-industria-vitivinicola-en-san-luis\/\"},\"wordCount\":299,\"publisher\":{\"@id\":\"https:\/\/radio.fcejs.unsl.edu.ar\/#organization\"},\"image\":{\"@id\":\"https:\/\/radio.fcejs.unsl.edu.ar\/index.php\/la-fica-y-la-ftu-convocan-a-un-encuentro-para-promover-la-industria-vitivinicola-en-san-luis\/#primaryimage\"},\"thumbnailUrl\":\"https:\/\/radio.fcejs.unsl.edu.ar\/wp-content\/uploads\/2024\/12\/vino11-12-24.jpg\",\"articleSection\":[\"Destacada\",\"Entrevistas\"],\"inLanguage\":\"es-AR\"},{\"@type\":\"WebPage\",\"@id\":\"https:\/\/radio.fcejs.unsl.edu.ar\/index.php\/la-fica-y-la-ftu-convocan-a-un-encuentro-para-promover-la-industria-vitivinicola-en-san-luis\/\",\"url\":\"https:\/\/radio.fcejs.unsl.edu.ar\/index.php\/la-fica-y-la-ftu-convocan-a-un-encuentro-para-promover-la-industria-vitivinicola-en-san-luis\/\",\"name\":\"La FICA y la FTU convocan a un encuentro para promover la industria vitivin\u00edcola en San Luis - Radio Universidad Villa Mercedes 97.5 | UNSL\",\"isPartOf\":{\"@id\":\"https:\/\/radio.fcejs.unsl.edu.ar\/#website\"},\"primaryImageOfPage\":{\"@id\":\"https:\/\/radio.fcejs.unsl.edu.ar\/index.php\/la-fica-y-la-ftu-convocan-a-un-encuentro-para-promover-la-industria-vitivinicola-en-san-luis\/#primaryimage\"},\"image\":{\"@id\":\"https:\/\/radio.fcejs.unsl.edu.ar\/index.php\/la-fica-y-la-ftu-convocan-a-un-encuentro-para-promover-la-industria-vitivinicola-en-san-luis\/#primaryimage\"},\"thumbnailUrl\":\"https:\/\/radio.fcejs.unsl.edu.ar\/wp-content\/uploads\/2024\/12\/vino11-12-24.jpg\",\"datePublished\":\"2024-12-11T13:54:52+00:00\",\"dateModified\":\"2024-12-11T13:57:47+00:00\",\"breadcrumb\":{\"@id\":\"https:\/\/radio.fcejs.unsl.edu.ar\/index.php\/la-fica-y-la-ftu-convocan-a-un-encuentro-para-promover-la-industria-vitivinicola-en-san-luis\/#breadcrumb\"},\"inLanguage\":\"es-AR\",\"potentialAction\":[{\"@type\":\"ReadAction\",\"target\":[\"https:\/\/radio.fcejs.unsl.edu.ar\/index.php\/la-fica-y-la-ftu-convocan-a-un-encuentro-para-promover-la-industria-vitivinicola-en-san-luis\/\"]}]},{\"@type\":\"ImageObject\",\"inLanguage\":\"es-AR\",\"@id\":\"https:\/\/radio.fcejs.unsl.edu.ar\/index.php\/la-fica-y-la-ftu-convocan-a-un-encuentro-para-promover-la-industria-vitivinicola-en-san-luis\/#primaryimage\",\"url\":\"https:\/\/radio.fcejs.unsl.edu.ar\/wp-content\/uploads\/2024\/12\/vino11-12-24.jpg\",\"contentUrl\":\"https:\/\/radio.fcejs.unsl.edu.ar\/wp-content\/uploads\/2024\/12\/vino11-12-24.jpg\",\"width\":1000,\"height\":600},{\"@type\":\"BreadcrumbList\",\"@id\":\"https:\/\/radio.fcejs.unsl.edu.ar\/index.php\/la-fica-y-la-ftu-convocan-a-un-encuentro-para-promover-la-industria-vitivinicola-en-san-luis\/#breadcrumb\",\"itemListElement\":[{\"@type\":\"ListItem\",\"position\":1,\"name\":\"Inicio\",\"item\":\"https:\/\/radio.fcejs.unsl.edu.ar\/\"},{\"@type\":\"ListItem\",\"position\":2,\"name\":\"La FICA y la FTU convocan a un encuentro para promover la industria vitivin\u00edcola en San Luis\"}]},{\"@type\":\"WebSite\",\"@id\":\"https:\/\/radio.fcejs.unsl.edu.ar\/#website\",\"url\":\"https:\/\/radio.fcejs.unsl.edu.ar\/\",\"name\":\"Radio Universidad Villa Mercedes 97.5 | UNSL\",\"description\":\"UNSL\",\"publisher\":{\"@id\":\"https:\/\/radio.fcejs.unsl.edu.ar\/#organization\"},\"potentialAction\":[{\"@type\":\"SearchAction\",\"target\":{\"@type\":\"EntryPoint\",\"urlTemplate\":\"https:\/\/radio.fcejs.unsl.edu.ar\/?s={search_term_string}\"},\"query-input\":{\"@type\":\"PropertyValueSpecification\",\"valueRequired\":true,\"valueName\":\"search_term_string\"}}],\"inLanguage\":\"es-AR\"},{\"@type\":\"Organization\",\"@id\":\"https:\/\/radio.fcejs.unsl.edu.ar\/#organization\",\"name\":\"Radio Universidad Villa Mercedes 97.5 | UNSL\",\"url\":\"https:\/\/radio.fcejs.unsl.edu.ar\/\",\"logo\":{\"@type\":\"ImageObject\",\"inLanguage\":\"es-AR\",\"@id\":\"https:\/\/radio.fcejs.unsl.edu.ar\/#\/schema\/logo\/image\/\",\"url\":\"https:\/\/radio.fcejs.unsl.edu.ar\/wp-content\/uploads\/2023\/12\/cropped-radio-villa-mercedes-97-5.png\",\"contentUrl\":\"https:\/\/radio.fcejs.unsl.edu.ar\/wp-content\/uploads\/2023\/12\/cropped-radio-villa-mercedes-97-5.png\",\"width\":908,\"height\":289,\"caption\":\"Radio Universidad Villa Mercedes 97.5 | UNSL\"},\"image\":{\"@id\":\"https:\/\/radio.fcejs.unsl.edu.ar\/#\/schema\/logo\/image\/\"}},{\"@type\":\"Person\",\"@id\":\"https:\/\/radio.fcejs.unsl.edu.ar\/#\/schema\/person\/17e27260a1b995c2bd3a5989077ba3fb\",\"name\":\"Redaccion Radio\",\"url\":\"https:\/\/radio.fcejs.unsl.edu.ar\/index.php\/author\/radio_redaccion_fcejs\/\"}]}<\/script>\n<!-- \/ Yoast SEO plugin. -->","yoast_head_json":{"title":"La FICA y la FTU convocan a un encuentro para promover la industria vitivin\u00edcola en San Luis - Radio Universidad Villa Mercedes 97.5 | UNSL","robots":{"index":"index","follow":"follow","max-snippet":"max-snippet:-1","max-image-preview":"max-image-preview:large","max-video-preview":"max-video-preview:-1"},"canonical":"https:\/\/radio.fcejs.unsl.edu.ar\/index.php\/la-fica-y-la-ftu-convocan-a-un-encuentro-para-promover-la-industria-vitivinicola-en-san-luis\/","og_locale":"es_ES","og_type":"article","og_title":"La FICA y la FTU convocan a un encuentro para promover la industria vitivin\u00edcola en San Luis - Radio Universidad Villa Mercedes 97.5 | UNSL","og_description":"\u201cVino San Luis\u201d es un evento \u00fanico por sus caracter\u00edsticas, convocatoria e invitados especiales y porque tiene un ambicioso objetivo: insertar a San Luis dentro de las provincias vitivin\u00edcolas del pa\u00eds. Para eso, la Facultad de Ingenier\u00eda y Ciencias Agropecuarias junto con la Facultad de Turismo organizaron un encuentro que tendr\u00e1 lugar este viernes 13...","og_url":"https:\/\/radio.fcejs.unsl.edu.ar\/index.php\/la-fica-y-la-ftu-convocan-a-un-encuentro-para-promover-la-industria-vitivinicola-en-san-luis\/","og_site_name":"Radio Universidad Villa Mercedes 97.5 | UNSL","article_published_time":"2024-12-11T13:54:52+00:00","article_modified_time":"2024-12-11T13:57:47+00:00","og_image":[{"width":1000,"height":600,"url":"https:\/\/radio.fcejs.unsl.edu.ar\/wp-content\/uploads\/2024\/12\/vino11-12-24.jpg","type":"image\/jpeg"}],"author":"Redaccion Radio","twitter_card":"summary_large_image","twitter_misc":{"Escrito por":"Redaccion Radio","Tiempo de lectura":"1 minuto"},"schema":{"@context":"https:\/\/schema.org","@graph":[{"@type":"Article","@id":"https:\/\/radio.fcejs.unsl.edu.ar\/index.php\/la-fica-y-la-ftu-convocan-a-un-encuentro-para-promover-la-industria-vitivinicola-en-san-luis\/#article","isPartOf":{"@id":"https:\/\/radio.fcejs.unsl.edu.ar\/index.php\/la-fica-y-la-ftu-convocan-a-un-encuentro-para-promover-la-industria-vitivinicola-en-san-luis\/"},"author":{"name":"Redaccion Radio","@id":"https:\/\/radio.fcejs.unsl.edu.ar\/#\/schema\/person\/17e27260a1b995c2bd3a5989077ba3fb"},"headline":"La FICA y la FTU convocan a un encuentro para promover la industria vitivin\u00edcola en San Luis","datePublished":"2024-12-11T13:54:52+00:00","dateModified":"2024-12-11T13:57:47+00:00","mainEntityOfPage":{"@id":"https:\/\/radio.fcejs.unsl.edu.ar\/index.php\/la-fica-y-la-ftu-convocan-a-un-encuentro-para-promover-la-industria-vitivinicola-en-san-luis\/"},"wordCount":299,"publisher":{"@id":"https:\/\/radio.fcejs.unsl.edu.ar\/#organization"},"image":{"@id":"https:\/\/radio.fcejs.unsl.edu.ar\/index.php\/la-fica-y-la-ftu-convocan-a-un-encuentro-para-promover-la-industria-vitivinicola-en-san-luis\/#primaryimage"},"thumbnailUrl":"https:\/\/radio.fcejs.unsl.edu.ar\/wp-content\/uploads\/2024\/12\/vino11-12-24.jpg","articleSection":["Destacada","Entrevistas"],"inLanguage":"es-AR"},{"@type":"WebPage","@id":"https:\/\/radio.fcejs.unsl.edu.ar\/index.php\/la-fica-y-la-ftu-convocan-a-un-encuentro-para-promover-la-industria-vitivinicola-en-san-luis\/","url":"https:\/\/radio.fcejs.unsl.edu.ar\/index.php\/la-fica-y-la-ftu-convocan-a-un-encuentro-para-promover-la-industria-vitivinicola-en-san-luis\/","name":"La FICA y la FTU convocan a un encuentro para promover la industria vitivin\u00edcola en San Luis - Radio Universidad Villa Mercedes 97.5 | UNSL","isPartOf":{"@id":"https:\/\/radio.fcejs.unsl.edu.ar\/#website"},"primaryImageOfPage":{"@id":"https:\/\/radio.fcejs.unsl.edu.ar\/index.php\/la-fica-y-la-ftu-convocan-a-un-encuentro-para-promover-la-industria-vitivinicola-en-san-luis\/#primaryimage"},"image":{"@id":"https:\/\/radio.fcejs.unsl.edu.ar\/index.php\/la-fica-y-la-ftu-convocan-a-un-encuentro-para-promover-la-industria-vitivinicola-en-san-luis\/#primaryimage"},"thumbnailUrl":"https:\/\/radio.fcejs.unsl.edu.ar\/wp-content\/uploads\/2024\/12\/vino11-12-24.jpg","datePublished":"2024-12-11T13:54:52+00:00","dateModified":"2024-12-11T13:57:47+00:00","breadcrumb":{"@id":"https:\/\/radio.fcejs.unsl.edu.ar\/index.php\/la-fica-y-la-ftu-convocan-a-un-encuentro-para-promover-la-industria-vitivinicola-en-san-luis\/#breadcrumb"},"inLanguage":"es-AR","potentialAction":[{"@type":"ReadAction","target":["https:\/\/radio.fcejs.unsl.edu.ar\/index.php\/la-fica-y-la-ftu-convocan-a-un-encuentro-para-promover-la-industria-vitivinicola-en-san-luis\/"]}]},{"@type":"ImageObject","inLanguage":"es-AR","@id":"https:\/\/radio.fcejs.unsl.edu.ar\/index.php\/la-fica-y-la-ftu-convocan-a-un-encuentro-para-promover-la-industria-vitivinicola-en-san-luis\/#primaryimage","url":"https:\/\/radio.fcejs.unsl.edu.ar\/wp-content\/uploads\/2024\/12\/vino11-12-24.jpg","contentUrl":"https:\/\/radio.fcejs.unsl.edu.ar\/wp-content\/uploads\/2024\/12\/vino11-12-24.jpg","width":1000,"height":600},{"@type":"BreadcrumbList","@id":"https:\/\/radio.fcejs.unsl.edu.ar\/index.php\/la-fica-y-la-ftu-convocan-a-un-encuentro-para-promover-la-industria-vitivinicola-en-san-luis\/#breadcrumb","itemListElement":[{"@type":"ListItem","position":1,"name":"Inicio","item":"https:\/\/radio.fcejs.unsl.edu.ar\/"},{"@type":"ListItem","position":2,"name":"La FICA y la FTU convocan a un encuentro para promover la industria vitivin\u00edcola en San Luis"}]},{"@type":"WebSite","@id":"https:\/\/radio.fcejs.unsl.edu.ar\/#website","url":"https:\/\/radio.fcejs.unsl.edu.ar\/","name":"Radio Universidad Villa Mercedes 97.5 | UNSL","description":"UNSL","publisher":{"@id":"https:\/\/radio.fcejs.unsl.edu.ar\/#organization"},"potentialAction":[{"@type":"SearchAction","target":{"@type":"EntryPoint","urlTemplate":"https:\/\/radio.fcejs.unsl.edu.ar\/?s={search_term_string}"},"query-input":{"@type":"PropertyValueSpecification","valueRequired":true,"valueName":"search_term_string"}}],"inLanguage":"es-AR"},{"@type":"Organization","@id":"https:\/\/radio.fcejs.unsl.edu.ar\/#organization","name":"Radio Universidad Villa Mercedes 97.5 | UNSL","url":"https:\/\/radio.fcejs.unsl.edu.ar\/","logo":{"@type":"ImageObject","inLanguage":"es-AR","@id":"https:\/\/radio.fcejs.unsl.edu.ar\/#\/schema\/logo\/image\/","url":"https:\/\/radio.fcejs.unsl.edu.ar\/wp-content\/uploads\/2023\/12\/cropped-radio-villa-mercedes-97-5.png","contentUrl":"https:\/\/radio.fcejs.unsl.edu.ar\/wp-content\/uploads\/2023\/12\/cropped-radio-villa-mercedes-97-5.png","width":908,"height":289,"caption":"Radio Universidad Villa Mercedes 97.5 | UNSL"},"image":{"@id":"https:\/\/radio.fcejs.unsl.edu.ar\/#\/schema\/logo\/image\/"}},{"@type":"Person","@id":"https:\/\/radio.fcejs.unsl.edu.ar\/#\/schema\/person\/17e27260a1b995c2bd3a5989077ba3fb","name":"Redaccion Radio","url":"https:\/\/radio.fcejs.unsl.edu.ar\/index.php\/author\/radio_redaccion_fcejs\/"}]}},"_links":{"self":[{"href":"https:\/\/radio.fcejs.unsl.edu.ar\/index.php\/wp-json\/wp\/v2\/posts\/2604","targetHints":{"allow":["GET"]}}],"collection":[{"href":"https:\/\/radio.fcejs.unsl.edu.ar\/index.php\/wp-json\/wp\/v2\/posts"}],"about":[{"href":"https:\/\/radio.fcejs.unsl.edu.ar\/index.php\/wp-json\/wp\/v2\/types\/post"}],"author":[{"embeddable":true,"href":"https:\/\/radio.fcejs.unsl.edu.ar\/index.php\/wp-json\/wp\/v2\/users\/2"}],"replies":[{"embeddable":true,"href":"https:\/\/radio.fcejs.unsl.edu.ar\/index.php\/wp-json\/wp\/v2\/comments?post=2604"}],"version-history":[{"count":3,"href":"https:\/\/radio.fcejs.unsl.edu.ar\/index.php\/wp-json\/wp\/v2\/posts\/2604\/revisions"}],"predecessor-version":[{"id":2609,"href":"https:\/\/radio.fcejs.unsl.edu.ar\/index.php\/wp-json\/wp\/v2\/posts\/2604\/revisions\/2609"}],"wp:featuredmedia":[{"embeddable":true,"href":"https:\/\/radio.fcejs.unsl.edu.ar\/index.php\/wp-json\/wp\/v2\/media\/2605"}],"wp:attachment":[{"href":"https:\/\/radio.fcejs.unsl.edu.ar\/index.php\/wp-json\/wp\/v2\/media?parent=2604"}],"wp:term":[{"taxonomy":"category","embeddable":true,"href":"https:\/\/radio.fcejs.unsl.edu.ar\/index.php\/wp-json\/wp\/v2\/categories?post=2604"},{"taxonomy":"post_tag","embeddable":true,"href":"https:\/\/radio.fcejs.unsl.edu.ar\/index.php\/wp-json\/wp\/v2\/tags?post=2604"}],"curies":[{"name":"wp","href":"https:\/\/api.w.org\/{rel}","templated":true}]}}