{"id":2586,"date":"2024-12-03T11:58:40","date_gmt":"2024-12-03T14:58:40","guid":{"rendered":"https:\/\/radio.fcejs.unsl.edu.ar\/?p=2586"},"modified":"2024-12-03T12:00:12","modified_gmt":"2024-12-03T15:00:12","slug":"estudiantes-piden-donaciones-para-fines-solidarios","status":"publish","type":"post","link":"https:\/\/radio.fcejs.unsl.edu.ar\/index.php\/estudiantes-piden-donaciones-para-fines-solidarios\/","title":{"rendered":"Estudiantes piden donaciones para fines solidarios"},"content":{"rendered":"<p>Chicas de la agrupaci\u00f3n \u201cEstudiantes en el Barrio\u201d est\u00e1n organizando dos actividades solidarias para despedir el a\u00f1o. Una ser\u00e1 el 8 de diciembre en el merendero Arco\u00edris, del barrio Eva Per\u00f3n 3, y la otra el 13 de diciembre a las 18, organizada para el cierre del ciclo 2024 del Programa de Alfabetizaci\u00f3n.<\/p>\n<audio class=\"wp-audio-shortcode\" id=\"audio-2586-1\" preload=\"none\" style=\"width: 100%;\" controls=\"controls\"><source type=\"audio\/mpeg\" src=\"https:\/\/radioupload.fica.unsl.edu.ar\/files\/jb\/chicas03-12-24.mp3?_=1\" \/><a href=\"https:\/\/radioupload.fica.unsl.edu.ar\/files\/jb\/chicas03-12-24.mp3\">https:\/\/radioupload.fica.unsl.edu.ar\/files\/jb\/chicas03-12-24.mp3<\/a><\/audio>\n<p>Para ambas actividades, las estudiantes piden donaciones porque quieren agasajar a los vecinos con meriendas especiales: pan dulce, budines, chocolate, t\u00e9 o mate cocido, entre otros men\u00fas.<\/p>\n<p>\u201cQuienes quieran, pueden contactarse con nuestro instagram @estudiantesenelbarrio.vm, o llamar a los tel\u00e9fonos 2954 404712 \/ 2664 628812. O bien enviar la donaci\u00f3n al alias Eeeb2024.vm \u201d, se\u00f1alaron Ester Contrera y Delfina Chisholm de la agrupaci\u00f3n Estudiantes en el Barrio.<\/p>\n<p>La primera de las actividades se realizar\u00e1 el domingo 8 de diciembre, en el merendero Arco\u00edris, ubicado en Profesor Hamann y Amaro Gal\u00e1n, a cargo de Miriam Maldonado, \u201ccon quien articulamos y hacemos actividades. La idea es hacer una merienda y armar el arbolito de Navidad junto con los vecinos\u201d.<\/p>\n<p>Para la merienda, las estudiantes apelan a la solidaridad. \u201cQueremos preparar pan dulce y budines, especialmente. Por eso, pedimos harina, leche, az\u00facar, levadura, fruta, aceite, t\u00e9 y mate cocido, entre otros alimentos, es decir, todo lo necesario para una linda merienda que queremos compartir con todos los que vayan\u201d.<\/p>\n<p>Por otra parte, tambi\u00e9n est\u00e1n preparando el acto de cierre de actividades 2024, que organizan para el viernes 13 de diciembre a las 18. \u201cTambi\u00e9n estamos juntando las mismas cosas, es decir, todo lo que hace falta para preparar una gran merienda\u201d, se\u00f1alaron y agregaron: \u201cEs una celebraci\u00f3n que hacemos los fines de a\u00f1o con los vecinos, con quienes compartimos el Programa de Alfabetizaci\u00f3n. Habr\u00e1 artistas y actividades en conjunto\u201d.<\/p>\n","protected":false},"excerpt":{"rendered":"<p>Chicas de la agrupaci\u00f3n \u201cEstudiantes en el Barrio\u201d est\u00e1n organizando dos actividades solidarias para despedir el a\u00f1o. Una ser\u00e1 el 8 de diciembre en el merendero Arco\u00edris, del barrio Eva Per\u00f3n 3, y la otra el 13 de diciembre a las 18, organizada para el cierre del ciclo 2024 del Programa de Alfabetizaci\u00f3n. Para ambas&#8230;<\/p>\n","protected":false},"author":2,"featured_media":2587,"comment_status":"closed","ping_status":"closed","sticky":false,"template":"","format":"standard","meta":{"_kad_post_transparent":"","_kad_post_title":"","_kad_post_layout":"","_kad_post_sidebar_id":"","_kad_post_content_style":"","_kad_post_vertical_padding":"","_kad_post_feature":"","_kad_post_feature_position":"","_kad_post_header":false,"_kad_post_footer":false,"_kad_post_classname":"","footnotes":""},"categories":[9,14],"tags":[],"class_list":["post-2586","post","type-post","status-publish","format-standard","has-post-thumbnail","hentry","category-destacada","category-entrevistas"],"yoast_head":"<!-- This site is optimized with the Yoast SEO plugin v27.2 - https:\/\/yoast.com\/product\/yoast-seo-wordpress\/ -->\n<title>Estudiantes piden donaciones para fines solidarios - Radio Universidad Villa Mercedes 97.5 | UNSL<\/title>\n<meta name=\"robots\" content=\"index, follow, max-snippet:-1, max-image-preview:large, max-video-preview:-1\" \/>\n<link rel=\"canonical\" href=\"https:\/\/radio.fcejs.unsl.edu.ar\/index.php\/estudiantes-piden-donaciones-para-fines-solidarios\/\" \/>\n<meta property=\"og:locale\" content=\"es_ES\" \/>\n<meta property=\"og:type\" content=\"article\" \/>\n<meta property=\"og:title\" content=\"Estudiantes piden donaciones para fines solidarios - Radio Universidad Villa Mercedes 97.5 | UNSL\" \/>\n<meta property=\"og:description\" content=\"Chicas de la agrupaci\u00f3n \u201cEstudiantes en el Barrio\u201d est\u00e1n organizando dos actividades solidarias para despedir el a\u00f1o. Una ser\u00e1 el 8 de diciembre en el merendero Arco\u00edris, del barrio Eva Per\u00f3n 3, y la otra el 13 de diciembre a las 18, organizada para el cierre del ciclo 2024 del Programa de Alfabetizaci\u00f3n. Para ambas...\" \/>\n<meta property=\"og:url\" content=\"https:\/\/radio.fcejs.unsl.edu.ar\/index.php\/estudiantes-piden-donaciones-para-fines-solidarios\/\" \/>\n<meta property=\"og:site_name\" content=\"Radio Universidad Villa Mercedes 97.5 | UNSL\" \/>\n<meta property=\"article:published_time\" content=\"2024-12-03T14:58:40+00:00\" \/>\n<meta property=\"article:modified_time\" content=\"2024-12-03T15:00:12+00:00\" \/>\n<meta property=\"og:image\" content=\"https:\/\/radio.fcejs.unsl.edu.ar\/wp-content\/uploads\/2024\/12\/chicas03-12-24.jpg\" \/>\n\t<meta property=\"og:image:width\" content=\"1000\" \/>\n\t<meta property=\"og:image:height\" content=\"750\" \/>\n\t<meta property=\"og:image:type\" content=\"image\/jpeg\" \/>\n<meta name=\"author\" content=\"Redaccion Radio\" \/>\n<meta name=\"twitter:card\" content=\"summary_large_image\" \/>\n<meta name=\"twitter:label1\" content=\"Escrito por\" \/>\n\t<meta name=\"twitter:data1\" content=\"Redaccion Radio\" \/>\n\t<meta name=\"twitter:label2\" content=\"Tiempo de lectura\" \/>\n\t<meta name=\"twitter:data2\" content=\"2 minutos\" \/>\n<script type=\"application\/ld+json\" class=\"yoast-schema-graph\">{\"@context\":\"https:\/\/schema.org\",\"@graph\":[{\"@type\":\"Article\",\"@id\":\"https:\/\/radio.fcejs.unsl.edu.ar\/index.php\/estudiantes-piden-donaciones-para-fines-solidarios\/#article\",\"isPartOf\":{\"@id\":\"https:\/\/radio.fcejs.unsl.edu.ar\/index.php\/estudiantes-piden-donaciones-para-fines-solidarios\/\"},\"author\":{\"name\":\"Redaccion Radio\",\"@id\":\"https:\/\/radio.fcejs.unsl.edu.ar\/#\/schema\/person\/17e27260a1b995c2bd3a5989077ba3fb\"},\"headline\":\"Estudiantes piden donaciones para fines solidarios\",\"datePublished\":\"2024-12-03T14:58:40+00:00\",\"dateModified\":\"2024-12-03T15:00:12+00:00\",\"mainEntityOfPage\":{\"@id\":\"https:\/\/radio.fcejs.unsl.edu.ar\/index.php\/estudiantes-piden-donaciones-para-fines-solidarios\/\"},\"wordCount\":317,\"publisher\":{\"@id\":\"https:\/\/radio.fcejs.unsl.edu.ar\/#organization\"},\"image\":{\"@id\":\"https:\/\/radio.fcejs.unsl.edu.ar\/index.php\/estudiantes-piden-donaciones-para-fines-solidarios\/#primaryimage\"},\"thumbnailUrl\":\"https:\/\/radio.fcejs.unsl.edu.ar\/wp-content\/uploads\/2024\/12\/chicas03-12-24.jpg\",\"articleSection\":[\"Destacada\",\"Entrevistas\"],\"inLanguage\":\"es-AR\"},{\"@type\":\"WebPage\",\"@id\":\"https:\/\/radio.fcejs.unsl.edu.ar\/index.php\/estudiantes-piden-donaciones-para-fines-solidarios\/\",\"url\":\"https:\/\/radio.fcejs.unsl.edu.ar\/index.php\/estudiantes-piden-donaciones-para-fines-solidarios\/\",\"name\":\"Estudiantes piden donaciones para fines solidarios - Radio Universidad Villa Mercedes 97.5 | UNSL\",\"isPartOf\":{\"@id\":\"https:\/\/radio.fcejs.unsl.edu.ar\/#website\"},\"primaryImageOfPage\":{\"@id\":\"https:\/\/radio.fcejs.unsl.edu.ar\/index.php\/estudiantes-piden-donaciones-para-fines-solidarios\/#primaryimage\"},\"image\":{\"@id\":\"https:\/\/radio.fcejs.unsl.edu.ar\/index.php\/estudiantes-piden-donaciones-para-fines-solidarios\/#primaryimage\"},\"thumbnailUrl\":\"https:\/\/radio.fcejs.unsl.edu.ar\/wp-content\/uploads\/2024\/12\/chicas03-12-24.jpg\",\"datePublished\":\"2024-12-03T14:58:40+00:00\",\"dateModified\":\"2024-12-03T15:00:12+00:00\",\"breadcrumb\":{\"@id\":\"https:\/\/radio.fcejs.unsl.edu.ar\/index.php\/estudiantes-piden-donaciones-para-fines-solidarios\/#breadcrumb\"},\"inLanguage\":\"es-AR\",\"potentialAction\":[{\"@type\":\"ReadAction\",\"target\":[\"https:\/\/radio.fcejs.unsl.edu.ar\/index.php\/estudiantes-piden-donaciones-para-fines-solidarios\/\"]}]},{\"@type\":\"ImageObject\",\"inLanguage\":\"es-AR\",\"@id\":\"https:\/\/radio.fcejs.unsl.edu.ar\/index.php\/estudiantes-piden-donaciones-para-fines-solidarios\/#primaryimage\",\"url\":\"https:\/\/radio.fcejs.unsl.edu.ar\/wp-content\/uploads\/2024\/12\/chicas03-12-24.jpg\",\"contentUrl\":\"https:\/\/radio.fcejs.unsl.edu.ar\/wp-content\/uploads\/2024\/12\/chicas03-12-24.jpg\",\"width\":1000,\"height\":750},{\"@type\":\"BreadcrumbList\",\"@id\":\"https:\/\/radio.fcejs.unsl.edu.ar\/index.php\/estudiantes-piden-donaciones-para-fines-solidarios\/#breadcrumb\",\"itemListElement\":[{\"@type\":\"ListItem\",\"position\":1,\"name\":\"Inicio\",\"item\":\"https:\/\/radio.fcejs.unsl.edu.ar\/\"},{\"@type\":\"ListItem\",\"position\":2,\"name\":\"Estudiantes piden donaciones para fines solidarios\"}]},{\"@type\":\"WebSite\",\"@id\":\"https:\/\/radio.fcejs.unsl.edu.ar\/#website\",\"url\":\"https:\/\/radio.fcejs.unsl.edu.ar\/\",\"name\":\"Radio Universidad Villa Mercedes 97.5 | UNSL\",\"description\":\"UNSL\",\"publisher\":{\"@id\":\"https:\/\/radio.fcejs.unsl.edu.ar\/#organization\"},\"potentialAction\":[{\"@type\":\"SearchAction\",\"target\":{\"@type\":\"EntryPoint\",\"urlTemplate\":\"https:\/\/radio.fcejs.unsl.edu.ar\/?s={search_term_string}\"},\"query-input\":{\"@type\":\"PropertyValueSpecification\",\"valueRequired\":true,\"valueName\":\"search_term_string\"}}],\"inLanguage\":\"es-AR\"},{\"@type\":\"Organization\",\"@id\":\"https:\/\/radio.fcejs.unsl.edu.ar\/#organization\",\"name\":\"Radio Universidad Villa Mercedes 97.5 | UNSL\",\"url\":\"https:\/\/radio.fcejs.unsl.edu.ar\/\",\"logo\":{\"@type\":\"ImageObject\",\"inLanguage\":\"es-AR\",\"@id\":\"https:\/\/radio.fcejs.unsl.edu.ar\/#\/schema\/logo\/image\/\",\"url\":\"https:\/\/radio.fcejs.unsl.edu.ar\/wp-content\/uploads\/2023\/12\/cropped-radio-villa-mercedes-97-5.png\",\"contentUrl\":\"https:\/\/radio.fcejs.unsl.edu.ar\/wp-content\/uploads\/2023\/12\/cropped-radio-villa-mercedes-97-5.png\",\"width\":908,\"height\":289,\"caption\":\"Radio Universidad Villa Mercedes 97.5 | UNSL\"},\"image\":{\"@id\":\"https:\/\/radio.fcejs.unsl.edu.ar\/#\/schema\/logo\/image\/\"}},{\"@type\":\"Person\",\"@id\":\"https:\/\/radio.fcejs.unsl.edu.ar\/#\/schema\/person\/17e27260a1b995c2bd3a5989077ba3fb\",\"name\":\"Redaccion Radio\",\"url\":\"https:\/\/radio.fcejs.unsl.edu.ar\/index.php\/author\/radio_redaccion_fcejs\/\"}]}<\/script>\n<!-- \/ Yoast SEO plugin. -->","yoast_head_json":{"title":"Estudiantes piden donaciones para fines solidarios - Radio Universidad Villa Mercedes 97.5 | UNSL","robots":{"index":"index","follow":"follow","max-snippet":"max-snippet:-1","max-image-preview":"max-image-preview:large","max-video-preview":"max-video-preview:-1"},"canonical":"https:\/\/radio.fcejs.unsl.edu.ar\/index.php\/estudiantes-piden-donaciones-para-fines-solidarios\/","og_locale":"es_ES","og_type":"article","og_title":"Estudiantes piden donaciones para fines solidarios - Radio Universidad Villa Mercedes 97.5 | UNSL","og_description":"Chicas de la agrupaci\u00f3n \u201cEstudiantes en el Barrio\u201d est\u00e1n organizando dos actividades solidarias para despedir el a\u00f1o. Una ser\u00e1 el 8 de diciembre en el merendero Arco\u00edris, del barrio Eva Per\u00f3n 3, y la otra el 13 de diciembre a las 18, organizada para el cierre del ciclo 2024 del Programa de Alfabetizaci\u00f3n. Para ambas...","og_url":"https:\/\/radio.fcejs.unsl.edu.ar\/index.php\/estudiantes-piden-donaciones-para-fines-solidarios\/","og_site_name":"Radio Universidad Villa Mercedes 97.5 | UNSL","article_published_time":"2024-12-03T14:58:40+00:00","article_modified_time":"2024-12-03T15:00:12+00:00","og_image":[{"width":1000,"height":750,"url":"https:\/\/radio.fcejs.unsl.edu.ar\/wp-content\/uploads\/2024\/12\/chicas03-12-24.jpg","type":"image\/jpeg"}],"author":"Redaccion Radio","twitter_card":"summary_large_image","twitter_misc":{"Escrito por":"Redaccion Radio","Tiempo de lectura":"2 minutos"},"schema":{"@context":"https:\/\/schema.org","@graph":[{"@type":"Article","@id":"https:\/\/radio.fcejs.unsl.edu.ar\/index.php\/estudiantes-piden-donaciones-para-fines-solidarios\/#article","isPartOf":{"@id":"https:\/\/radio.fcejs.unsl.edu.ar\/index.php\/estudiantes-piden-donaciones-para-fines-solidarios\/"},"author":{"name":"Redaccion Radio","@id":"https:\/\/radio.fcejs.unsl.edu.ar\/#\/schema\/person\/17e27260a1b995c2bd3a5989077ba3fb"},"headline":"Estudiantes piden donaciones para fines solidarios","datePublished":"2024-12-03T14:58:40+00:00","dateModified":"2024-12-03T15:00:12+00:00","mainEntityOfPage":{"@id":"https:\/\/radio.fcejs.unsl.edu.ar\/index.php\/estudiantes-piden-donaciones-para-fines-solidarios\/"},"wordCount":317,"publisher":{"@id":"https:\/\/radio.fcejs.unsl.edu.ar\/#organization"},"image":{"@id":"https:\/\/radio.fcejs.unsl.edu.ar\/index.php\/estudiantes-piden-donaciones-para-fines-solidarios\/#primaryimage"},"thumbnailUrl":"https:\/\/radio.fcejs.unsl.edu.ar\/wp-content\/uploads\/2024\/12\/chicas03-12-24.jpg","articleSection":["Destacada","Entrevistas"],"inLanguage":"es-AR"},{"@type":"WebPage","@id":"https:\/\/radio.fcejs.unsl.edu.ar\/index.php\/estudiantes-piden-donaciones-para-fines-solidarios\/","url":"https:\/\/radio.fcejs.unsl.edu.ar\/index.php\/estudiantes-piden-donaciones-para-fines-solidarios\/","name":"Estudiantes piden donaciones para fines solidarios - Radio Universidad Villa Mercedes 97.5 | UNSL","isPartOf":{"@id":"https:\/\/radio.fcejs.unsl.edu.ar\/#website"},"primaryImageOfPage":{"@id":"https:\/\/radio.fcejs.unsl.edu.ar\/index.php\/estudiantes-piden-donaciones-para-fines-solidarios\/#primaryimage"},"image":{"@id":"https:\/\/radio.fcejs.unsl.edu.ar\/index.php\/estudiantes-piden-donaciones-para-fines-solidarios\/#primaryimage"},"thumbnailUrl":"https:\/\/radio.fcejs.unsl.edu.ar\/wp-content\/uploads\/2024\/12\/chicas03-12-24.jpg","datePublished":"2024-12-03T14:58:40+00:00","dateModified":"2024-12-03T15:00:12+00:00","breadcrumb":{"@id":"https:\/\/radio.fcejs.unsl.edu.ar\/index.php\/estudiantes-piden-donaciones-para-fines-solidarios\/#breadcrumb"},"inLanguage":"es-AR","potentialAction":[{"@type":"ReadAction","target":["https:\/\/radio.fcejs.unsl.edu.ar\/index.php\/estudiantes-piden-donaciones-para-fines-solidarios\/"]}]},{"@type":"ImageObject","inLanguage":"es-AR","@id":"https:\/\/radio.fcejs.unsl.edu.ar\/index.php\/estudiantes-piden-donaciones-para-fines-solidarios\/#primaryimage","url":"https:\/\/radio.fcejs.unsl.edu.ar\/wp-content\/uploads\/2024\/12\/chicas03-12-24.jpg","contentUrl":"https:\/\/radio.fcejs.unsl.edu.ar\/wp-content\/uploads\/2024\/12\/chicas03-12-24.jpg","width":1000,"height":750},{"@type":"BreadcrumbList","@id":"https:\/\/radio.fcejs.unsl.edu.ar\/index.php\/estudiantes-piden-donaciones-para-fines-solidarios\/#breadcrumb","itemListElement":[{"@type":"ListItem","position":1,"name":"Inicio","item":"https:\/\/radio.fcejs.unsl.edu.ar\/"},{"@type":"ListItem","position":2,"name":"Estudiantes piden donaciones para fines solidarios"}]},{"@type":"WebSite","@id":"https:\/\/radio.fcejs.unsl.edu.ar\/#website","url":"https:\/\/radio.fcejs.unsl.edu.ar\/","name":"Radio Universidad Villa Mercedes 97.5 | UNSL","description":"UNSL","publisher":{"@id":"https:\/\/radio.fcejs.unsl.edu.ar\/#organization"},"potentialAction":[{"@type":"SearchAction","target":{"@type":"EntryPoint","urlTemplate":"https:\/\/radio.fcejs.unsl.edu.ar\/?s={search_term_string}"},"query-input":{"@type":"PropertyValueSpecification","valueRequired":true,"valueName":"search_term_string"}}],"inLanguage":"es-AR"},{"@type":"Organization","@id":"https:\/\/radio.fcejs.unsl.edu.ar\/#organization","name":"Radio Universidad Villa Mercedes 97.5 | UNSL","url":"https:\/\/radio.fcejs.unsl.edu.ar\/","logo":{"@type":"ImageObject","inLanguage":"es-AR","@id":"https:\/\/radio.fcejs.unsl.edu.ar\/#\/schema\/logo\/image\/","url":"https:\/\/radio.fcejs.unsl.edu.ar\/wp-content\/uploads\/2023\/12\/cropped-radio-villa-mercedes-97-5.png","contentUrl":"https:\/\/radio.fcejs.unsl.edu.ar\/wp-content\/uploads\/2023\/12\/cropped-radio-villa-mercedes-97-5.png","width":908,"height":289,"caption":"Radio Universidad Villa Mercedes 97.5 | UNSL"},"image":{"@id":"https:\/\/radio.fcejs.unsl.edu.ar\/#\/schema\/logo\/image\/"}},{"@type":"Person","@id":"https:\/\/radio.fcejs.unsl.edu.ar\/#\/schema\/person\/17e27260a1b995c2bd3a5989077ba3fb","name":"Redaccion Radio","url":"https:\/\/radio.fcejs.unsl.edu.ar\/index.php\/author\/radio_redaccion_fcejs\/"}]}},"_links":{"self":[{"href":"https:\/\/radio.fcejs.unsl.edu.ar\/index.php\/wp-json\/wp\/v2\/posts\/2586","targetHints":{"allow":["GET"]}}],"collection":[{"href":"https:\/\/radio.fcejs.unsl.edu.ar\/index.php\/wp-json\/wp\/v2\/posts"}],"about":[{"href":"https:\/\/radio.fcejs.unsl.edu.ar\/index.php\/wp-json\/wp\/v2\/types\/post"}],"author":[{"embeddable":true,"href":"https:\/\/radio.fcejs.unsl.edu.ar\/index.php\/wp-json\/wp\/v2\/users\/2"}],"replies":[{"embeddable":true,"href":"https:\/\/radio.fcejs.unsl.edu.ar\/index.php\/wp-json\/wp\/v2\/comments?post=2586"}],"version-history":[{"count":3,"href":"https:\/\/radio.fcejs.unsl.edu.ar\/index.php\/wp-json\/wp\/v2\/posts\/2586\/revisions"}],"predecessor-version":[{"id":2590,"href":"https:\/\/radio.fcejs.unsl.edu.ar\/index.php\/wp-json\/wp\/v2\/posts\/2586\/revisions\/2590"}],"wp:featuredmedia":[{"embeddable":true,"href":"https:\/\/radio.fcejs.unsl.edu.ar\/index.php\/wp-json\/wp\/v2\/media\/2587"}],"wp:attachment":[{"href":"https:\/\/radio.fcejs.unsl.edu.ar\/index.php\/wp-json\/wp\/v2\/media?parent=2586"}],"wp:term":[{"taxonomy":"category","embeddable":true,"href":"https:\/\/radio.fcejs.unsl.edu.ar\/index.php\/wp-json\/wp\/v2\/categories?post=2586"},{"taxonomy":"post_tag","embeddable":true,"href":"https:\/\/radio.fcejs.unsl.edu.ar\/index.php\/wp-json\/wp\/v2\/tags?post=2586"}],"curies":[{"name":"wp","href":"https:\/\/api.w.org\/{rel}","templated":true}]}}