{"id":2576,"date":"2024-11-28T08:45:09","date_gmt":"2024-11-28T11:45:09","guid":{"rendered":"https:\/\/radio.fcejs.unsl.edu.ar\/?p=2576"},"modified":"2024-11-28T08:45:09","modified_gmt":"2024-11-28T11:45:09","slug":"la-universidad-en-las-escuelas-estudiantes-exploraron-su-creatividad-e-identidad-a-traves-del-arte","status":"publish","type":"post","link":"https:\/\/radio.fcejs.unsl.edu.ar\/index.php\/la-universidad-en-las-escuelas-estudiantes-exploraron-su-creatividad-e-identidad-a-traves-del-arte\/","title":{"rendered":"La Universidad en las escuelas: Estudiantes exploraron su creatividad e identidad a trav\u00e9s del arte"},"content":{"rendered":"<p>Como actividad de cierre de talleres organizados por la Coordinaci\u00f3n de Derechos Humanos de la UNSL, el Vicerrectorado y la secretar\u00eda de Extensi\u00f3n de la FCEJS, chicos y chicas de escuelas secundarias expresaron, a trav\u00e9s del baile, la m\u00fasica, la actuaci\u00f3n y la poes\u00eda sus sentimientos, creatividad, sentido de pertenencia e identidad.<\/p>\n<audio class=\"wp-audio-shortcode\" id=\"audio-2576-1\" preload=\"none\" style=\"width: 100%;\" controls=\"controls\"><source type=\"audio\/mpeg\" src=\"https:\/\/radioupload.fica.unsl.edu.ar\/files\/jb\/garraza28-11-24.mp3?_=1\" \/><a href=\"https:\/\/radioupload.fica.unsl.edu.ar\/files\/jb\/garraza28-11-24.mp3\">https:\/\/radioupload.fica.unsl.edu.ar\/files\/jb\/garraza28-11-24.mp3<\/a><\/audio>\n<p>El mi\u00e9rcoles por la ma\u00f1ana, en el campus del Centro Universitario Villas Mercedes, los estudiantes de la escuela \u201cLeonardo Da Vinci\u201d y el colegio N\u00b0 11 \u201cBenito Ju\u00e1rez\u201d, dos de los establecimientos donde se realizaron las charlas talleres, hicieron las presentaciones art\u00edsticas. \u201cFue la culminaci\u00f3n de una actividad que se implement\u00f3 en escuelas de San Luis y Villa Mercedes en el mes de la identidad, en recordaci\u00f3n del D\u00eda Nacional de la Identidad que se conmemora el 22 de octubre en homenaje a las Abuelas de Plaza de Mayo\u201d, explic\u00f3 la Coordinadora del Espacio Derechos Humanos de la UNSL, esp. Ana Mar\u00eda Garraza.<\/p>\n<p>Cont\u00f3 que los talleres consistieron en charlas sobre la tem\u00e1tica de la identidad y sus marcos conceptuales, pero fundamentalmente con el objetivo de promover en los chicos y chicas el inter\u00e9s por conocer sus propias identidades. \u201cSe busc\u00f3 trascender un poco la idea principal. Es decir, partiendo de la noci\u00f3n de la b\u00fasqueda de la identidad real que emprendieron las Abuelas recuperando a sus nietos arrebatados, recuperamos esta tem\u00e1tica e incentivamos en cada uno de estos estudiantes la idea de mirarse a s\u00ed mismos, a que se definieran a s\u00ed mismos\u201d.<\/p>\n<p>\u201cEntonces -agreg\u00f3- aparecieron cosas muy interesantes en relaci\u00f3n no solamente a qui\u00e9n soy individualmente, sino a qui\u00e9n soy colectivamente, ad\u00f3nde pertenezco, de d\u00f3nde vengo, hacia d\u00f3nde quiero ir\u201d, relat\u00f3.<\/p>\n<p>Fue as\u00ed que el arte surgi\u00f3 como la expresi\u00f3n vivaz de esas ideas, que se canalizaron a trav\u00e9s de la pintura, la m\u00fasica, la actuaci\u00f3n y la poes\u00eda. \u201cCada estudiante expresaba su noci\u00f3n de identidad. Entonces, aparecen las manos, los nombres, los pa\u00f1uelos blancos\u2026 y, por supuesto, la denominaci\u00f3n del colegio que ser\u00eda la pertenencia colectiva primaria\u2026\u201d.<\/p>\n<p>Los estudiantes compartieron parte de esas expresiones art\u00edsticas durante la actividad de cierre, que cont\u00f3 con la presencia del vicerrector, H\u00e9ctor Flores, la decana de la FCEJS, Roxanna Camiletti; la secretaria de Extensi\u00f3n, Pamela Bianco; la secretaria Acad\u00e9mica, Patricia Mor\u00e1n, dem\u00e1s autoridades y docentes.<\/p>\n<p>\u201cEste tipo de intercambio que hicimos en San Luis y en Villa Mercedes nos parece que es muy importante en este momento donde se est\u00e1 falseando la idea que tenemos de nuestros j\u00f3venes sobre que no se interesan o que no tienen pensamiento cr\u00edtico. En realidad, si se abren espacios de debate, aparecen. Y siempre que existan canales por donde puedan expresarse, manifestar sus ideas impresiones y an\u00e1lisis sobre la realidad, aparecen\u201d, remarc\u00f3 Garraza.<\/p>\n<p>La coordinadora adelant\u00f3 que la idea es darle continuidad a estos talleres \u201cporque es algo que nos hace falta en estos momentos en que nos quieren uniformar el pensamiento desde los discursos violentos oficiales. Nos parece que una de las mejores maneras de enfrentar esos mensajes es con un pensamiento cr\u00edtico, diverso y respetuoso. Y hacerlo desde la universidad p\u00fablica, tambi\u00e9n cuestionada en estos momentos por el discurso oficial, demuestra una vez m\u00e1s que este espacio institucional trasciende las paredes y requiere esta pertenencia identitaria en el cual est\u00e1 inserta\u201d.<\/p>\n","protected":false},"excerpt":{"rendered":"<p>Como actividad de cierre de talleres organizados por la Coordinaci\u00f3n de Derechos Humanos de la UNSL, el Vicerrectorado y la secretar\u00eda de Extensi\u00f3n de la FCEJS, chicos y chicas de escuelas secundarias expresaron, a trav\u00e9s del baile, la m\u00fasica, la actuaci\u00f3n y la poes\u00eda sus sentimientos, creatividad, sentido de pertenencia e identidad. El mi\u00e9rcoles por&#8230;<\/p>\n","protected":false},"author":2,"featured_media":2577,"comment_status":"closed","ping_status":"closed","sticky":false,"template":"","format":"standard","meta":{"_kad_post_transparent":"","_kad_post_title":"","_kad_post_layout":"","_kad_post_sidebar_id":"","_kad_post_content_style":"","_kad_post_vertical_padding":"","_kad_post_feature":"","_kad_post_feature_position":"","_kad_post_header":false,"_kad_post_footer":false,"_kad_post_classname":"","footnotes":""},"categories":[9,14],"tags":[],"class_list":["post-2576","post","type-post","status-publish","format-standard","has-post-thumbnail","hentry","category-destacada","category-entrevistas"],"yoast_head":"<!-- This site is optimized with the Yoast SEO plugin v27.2 - https:\/\/yoast.com\/product\/yoast-seo-wordpress\/ -->\n<title>La Universidad en las escuelas: Estudiantes exploraron su creatividad e identidad a trav\u00e9s del arte - Radio Universidad Villa Mercedes 97.5 | UNSL<\/title>\n<meta name=\"robots\" content=\"index, follow, max-snippet:-1, max-image-preview:large, max-video-preview:-1\" \/>\n<link rel=\"canonical\" href=\"https:\/\/radio.fcejs.unsl.edu.ar\/index.php\/la-universidad-en-las-escuelas-estudiantes-exploraron-su-creatividad-e-identidad-a-traves-del-arte\/\" \/>\n<meta property=\"og:locale\" content=\"es_ES\" \/>\n<meta property=\"og:type\" content=\"article\" \/>\n<meta property=\"og:title\" content=\"La Universidad en las escuelas: Estudiantes exploraron su creatividad e identidad a trav\u00e9s del arte - Radio Universidad Villa Mercedes 97.5 | UNSL\" \/>\n<meta property=\"og:description\" content=\"Como actividad de cierre de talleres organizados por la Coordinaci\u00f3n de Derechos Humanos de la UNSL, el Vicerrectorado y la secretar\u00eda de Extensi\u00f3n de la FCEJS, chicos y chicas de escuelas secundarias expresaron, a trav\u00e9s del baile, la m\u00fasica, la actuaci\u00f3n y la poes\u00eda sus sentimientos, creatividad, sentido de pertenencia e identidad. El mi\u00e9rcoles por...\" \/>\n<meta property=\"og:url\" content=\"https:\/\/radio.fcejs.unsl.edu.ar\/index.php\/la-universidad-en-las-escuelas-estudiantes-exploraron-su-creatividad-e-identidad-a-traves-del-arte\/\" \/>\n<meta property=\"og:site_name\" content=\"Radio Universidad Villa Mercedes 97.5 | UNSL\" \/>\n<meta property=\"article:published_time\" content=\"2024-11-28T11:45:09+00:00\" \/>\n<meta property=\"og:image\" content=\"https:\/\/radio.fcejs.unsl.edu.ar\/wp-content\/uploads\/2024\/11\/identidad28-11-24.jpg\" \/>\n\t<meta property=\"og:image:width\" content=\"1000\" \/>\n\t<meta property=\"og:image:height\" content=\"574\" \/>\n\t<meta property=\"og:image:type\" content=\"image\/jpeg\" \/>\n<meta name=\"author\" content=\"Redaccion Radio\" \/>\n<meta name=\"twitter:card\" content=\"summary_large_image\" \/>\n<meta name=\"twitter:label1\" content=\"Escrito por\" \/>\n\t<meta name=\"twitter:data1\" content=\"Redaccion Radio\" \/>\n\t<meta name=\"twitter:label2\" content=\"Tiempo de lectura\" \/>\n\t<meta name=\"twitter:data2\" content=\"3 minutos\" \/>\n<script type=\"application\/ld+json\" class=\"yoast-schema-graph\">{\"@context\":\"https:\/\/schema.org\",\"@graph\":[{\"@type\":\"Article\",\"@id\":\"https:\/\/radio.fcejs.unsl.edu.ar\/index.php\/la-universidad-en-las-escuelas-estudiantes-exploraron-su-creatividad-e-identidad-a-traves-del-arte\/#article\",\"isPartOf\":{\"@id\":\"https:\/\/radio.fcejs.unsl.edu.ar\/index.php\/la-universidad-en-las-escuelas-estudiantes-exploraron-su-creatividad-e-identidad-a-traves-del-arte\/\"},\"author\":{\"name\":\"Redaccion Radio\",\"@id\":\"https:\/\/radio.fcejs.unsl.edu.ar\/#\/schema\/person\/17e27260a1b995c2bd3a5989077ba3fb\"},\"headline\":\"La Universidad en las escuelas: Estudiantes exploraron su creatividad e identidad a trav\u00e9s del arte\",\"datePublished\":\"2024-11-28T11:45:09+00:00\",\"mainEntityOfPage\":{\"@id\":\"https:\/\/radio.fcejs.unsl.edu.ar\/index.php\/la-universidad-en-las-escuelas-estudiantes-exploraron-su-creatividad-e-identidad-a-traves-del-arte\/\"},\"wordCount\":617,\"publisher\":{\"@id\":\"https:\/\/radio.fcejs.unsl.edu.ar\/#organization\"},\"image\":{\"@id\":\"https:\/\/radio.fcejs.unsl.edu.ar\/index.php\/la-universidad-en-las-escuelas-estudiantes-exploraron-su-creatividad-e-identidad-a-traves-del-arte\/#primaryimage\"},\"thumbnailUrl\":\"https:\/\/radio.fcejs.unsl.edu.ar\/wp-content\/uploads\/2024\/11\/identidad28-11-24.jpg\",\"articleSection\":[\"Destacada\",\"Entrevistas\"],\"inLanguage\":\"es-AR\"},{\"@type\":\"WebPage\",\"@id\":\"https:\/\/radio.fcejs.unsl.edu.ar\/index.php\/la-universidad-en-las-escuelas-estudiantes-exploraron-su-creatividad-e-identidad-a-traves-del-arte\/\",\"url\":\"https:\/\/radio.fcejs.unsl.edu.ar\/index.php\/la-universidad-en-las-escuelas-estudiantes-exploraron-su-creatividad-e-identidad-a-traves-del-arte\/\",\"name\":\"La Universidad en las escuelas: Estudiantes exploraron su creatividad e identidad a trav\u00e9s del arte - Radio Universidad Villa Mercedes 97.5 | UNSL\",\"isPartOf\":{\"@id\":\"https:\/\/radio.fcejs.unsl.edu.ar\/#website\"},\"primaryImageOfPage\":{\"@id\":\"https:\/\/radio.fcejs.unsl.edu.ar\/index.php\/la-universidad-en-las-escuelas-estudiantes-exploraron-su-creatividad-e-identidad-a-traves-del-arte\/#primaryimage\"},\"image\":{\"@id\":\"https:\/\/radio.fcejs.unsl.edu.ar\/index.php\/la-universidad-en-las-escuelas-estudiantes-exploraron-su-creatividad-e-identidad-a-traves-del-arte\/#primaryimage\"},\"thumbnailUrl\":\"https:\/\/radio.fcejs.unsl.edu.ar\/wp-content\/uploads\/2024\/11\/identidad28-11-24.jpg\",\"datePublished\":\"2024-11-28T11:45:09+00:00\",\"breadcrumb\":{\"@id\":\"https:\/\/radio.fcejs.unsl.edu.ar\/index.php\/la-universidad-en-las-escuelas-estudiantes-exploraron-su-creatividad-e-identidad-a-traves-del-arte\/#breadcrumb\"},\"inLanguage\":\"es-AR\",\"potentialAction\":[{\"@type\":\"ReadAction\",\"target\":[\"https:\/\/radio.fcejs.unsl.edu.ar\/index.php\/la-universidad-en-las-escuelas-estudiantes-exploraron-su-creatividad-e-identidad-a-traves-del-arte\/\"]}]},{\"@type\":\"ImageObject\",\"inLanguage\":\"es-AR\",\"@id\":\"https:\/\/radio.fcejs.unsl.edu.ar\/index.php\/la-universidad-en-las-escuelas-estudiantes-exploraron-su-creatividad-e-identidad-a-traves-del-arte\/#primaryimage\",\"url\":\"https:\/\/radio.fcejs.unsl.edu.ar\/wp-content\/uploads\/2024\/11\/identidad28-11-24.jpg\",\"contentUrl\":\"https:\/\/radio.fcejs.unsl.edu.ar\/wp-content\/uploads\/2024\/11\/identidad28-11-24.jpg\",\"width\":1000,\"height\":574},{\"@type\":\"BreadcrumbList\",\"@id\":\"https:\/\/radio.fcejs.unsl.edu.ar\/index.php\/la-universidad-en-las-escuelas-estudiantes-exploraron-su-creatividad-e-identidad-a-traves-del-arte\/#breadcrumb\",\"itemListElement\":[{\"@type\":\"ListItem\",\"position\":1,\"name\":\"Inicio\",\"item\":\"https:\/\/radio.fcejs.unsl.edu.ar\/\"},{\"@type\":\"ListItem\",\"position\":2,\"name\":\"La Universidad en las escuelas: Estudiantes exploraron su creatividad e identidad a trav\u00e9s del arte\"}]},{\"@type\":\"WebSite\",\"@id\":\"https:\/\/radio.fcejs.unsl.edu.ar\/#website\",\"url\":\"https:\/\/radio.fcejs.unsl.edu.ar\/\",\"name\":\"Radio Universidad Villa Mercedes 97.5 | UNSL\",\"description\":\"UNSL\",\"publisher\":{\"@id\":\"https:\/\/radio.fcejs.unsl.edu.ar\/#organization\"},\"potentialAction\":[{\"@type\":\"SearchAction\",\"target\":{\"@type\":\"EntryPoint\",\"urlTemplate\":\"https:\/\/radio.fcejs.unsl.edu.ar\/?s={search_term_string}\"},\"query-input\":{\"@type\":\"PropertyValueSpecification\",\"valueRequired\":true,\"valueName\":\"search_term_string\"}}],\"inLanguage\":\"es-AR\"},{\"@type\":\"Organization\",\"@id\":\"https:\/\/radio.fcejs.unsl.edu.ar\/#organization\",\"name\":\"Radio Universidad Villa Mercedes 97.5 | UNSL\",\"url\":\"https:\/\/radio.fcejs.unsl.edu.ar\/\",\"logo\":{\"@type\":\"ImageObject\",\"inLanguage\":\"es-AR\",\"@id\":\"https:\/\/radio.fcejs.unsl.edu.ar\/#\/schema\/logo\/image\/\",\"url\":\"https:\/\/radio.fcejs.unsl.edu.ar\/wp-content\/uploads\/2023\/12\/cropped-radio-villa-mercedes-97-5.png\",\"contentUrl\":\"https:\/\/radio.fcejs.unsl.edu.ar\/wp-content\/uploads\/2023\/12\/cropped-radio-villa-mercedes-97-5.png\",\"width\":908,\"height\":289,\"caption\":\"Radio Universidad Villa Mercedes 97.5 | UNSL\"},\"image\":{\"@id\":\"https:\/\/radio.fcejs.unsl.edu.ar\/#\/schema\/logo\/image\/\"}},{\"@type\":\"Person\",\"@id\":\"https:\/\/radio.fcejs.unsl.edu.ar\/#\/schema\/person\/17e27260a1b995c2bd3a5989077ba3fb\",\"name\":\"Redaccion Radio\",\"url\":\"https:\/\/radio.fcejs.unsl.edu.ar\/index.php\/author\/radio_redaccion_fcejs\/\"}]}<\/script>\n<!-- \/ Yoast SEO plugin. -->","yoast_head_json":{"title":"La Universidad en las escuelas: Estudiantes exploraron su creatividad e identidad a trav\u00e9s del arte - Radio Universidad Villa Mercedes 97.5 | UNSL","robots":{"index":"index","follow":"follow","max-snippet":"max-snippet:-1","max-image-preview":"max-image-preview:large","max-video-preview":"max-video-preview:-1"},"canonical":"https:\/\/radio.fcejs.unsl.edu.ar\/index.php\/la-universidad-en-las-escuelas-estudiantes-exploraron-su-creatividad-e-identidad-a-traves-del-arte\/","og_locale":"es_ES","og_type":"article","og_title":"La Universidad en las escuelas: Estudiantes exploraron su creatividad e identidad a trav\u00e9s del arte - Radio Universidad Villa Mercedes 97.5 | UNSL","og_description":"Como actividad de cierre de talleres organizados por la Coordinaci\u00f3n de Derechos Humanos de la UNSL, el Vicerrectorado y la secretar\u00eda de Extensi\u00f3n de la FCEJS, chicos y chicas de escuelas secundarias expresaron, a trav\u00e9s del baile, la m\u00fasica, la actuaci\u00f3n y la poes\u00eda sus sentimientos, creatividad, sentido de pertenencia e identidad. El mi\u00e9rcoles por...","og_url":"https:\/\/radio.fcejs.unsl.edu.ar\/index.php\/la-universidad-en-las-escuelas-estudiantes-exploraron-su-creatividad-e-identidad-a-traves-del-arte\/","og_site_name":"Radio Universidad Villa Mercedes 97.5 | UNSL","article_published_time":"2024-11-28T11:45:09+00:00","og_image":[{"width":1000,"height":574,"url":"https:\/\/radio.fcejs.unsl.edu.ar\/wp-content\/uploads\/2024\/11\/identidad28-11-24.jpg","type":"image\/jpeg"}],"author":"Redaccion Radio","twitter_card":"summary_large_image","twitter_misc":{"Escrito por":"Redaccion Radio","Tiempo de lectura":"3 minutos"},"schema":{"@context":"https:\/\/schema.org","@graph":[{"@type":"Article","@id":"https:\/\/radio.fcejs.unsl.edu.ar\/index.php\/la-universidad-en-las-escuelas-estudiantes-exploraron-su-creatividad-e-identidad-a-traves-del-arte\/#article","isPartOf":{"@id":"https:\/\/radio.fcejs.unsl.edu.ar\/index.php\/la-universidad-en-las-escuelas-estudiantes-exploraron-su-creatividad-e-identidad-a-traves-del-arte\/"},"author":{"name":"Redaccion Radio","@id":"https:\/\/radio.fcejs.unsl.edu.ar\/#\/schema\/person\/17e27260a1b995c2bd3a5989077ba3fb"},"headline":"La Universidad en las escuelas: Estudiantes exploraron su creatividad e identidad a trav\u00e9s del arte","datePublished":"2024-11-28T11:45:09+00:00","mainEntityOfPage":{"@id":"https:\/\/radio.fcejs.unsl.edu.ar\/index.php\/la-universidad-en-las-escuelas-estudiantes-exploraron-su-creatividad-e-identidad-a-traves-del-arte\/"},"wordCount":617,"publisher":{"@id":"https:\/\/radio.fcejs.unsl.edu.ar\/#organization"},"image":{"@id":"https:\/\/radio.fcejs.unsl.edu.ar\/index.php\/la-universidad-en-las-escuelas-estudiantes-exploraron-su-creatividad-e-identidad-a-traves-del-arte\/#primaryimage"},"thumbnailUrl":"https:\/\/radio.fcejs.unsl.edu.ar\/wp-content\/uploads\/2024\/11\/identidad28-11-24.jpg","articleSection":["Destacada","Entrevistas"],"inLanguage":"es-AR"},{"@type":"WebPage","@id":"https:\/\/radio.fcejs.unsl.edu.ar\/index.php\/la-universidad-en-las-escuelas-estudiantes-exploraron-su-creatividad-e-identidad-a-traves-del-arte\/","url":"https:\/\/radio.fcejs.unsl.edu.ar\/index.php\/la-universidad-en-las-escuelas-estudiantes-exploraron-su-creatividad-e-identidad-a-traves-del-arte\/","name":"La Universidad en las escuelas: Estudiantes exploraron su creatividad e identidad a trav\u00e9s del arte - Radio Universidad Villa Mercedes 97.5 | UNSL","isPartOf":{"@id":"https:\/\/radio.fcejs.unsl.edu.ar\/#website"},"primaryImageOfPage":{"@id":"https:\/\/radio.fcejs.unsl.edu.ar\/index.php\/la-universidad-en-las-escuelas-estudiantes-exploraron-su-creatividad-e-identidad-a-traves-del-arte\/#primaryimage"},"image":{"@id":"https:\/\/radio.fcejs.unsl.edu.ar\/index.php\/la-universidad-en-las-escuelas-estudiantes-exploraron-su-creatividad-e-identidad-a-traves-del-arte\/#primaryimage"},"thumbnailUrl":"https:\/\/radio.fcejs.unsl.edu.ar\/wp-content\/uploads\/2024\/11\/identidad28-11-24.jpg","datePublished":"2024-11-28T11:45:09+00:00","breadcrumb":{"@id":"https:\/\/radio.fcejs.unsl.edu.ar\/index.php\/la-universidad-en-las-escuelas-estudiantes-exploraron-su-creatividad-e-identidad-a-traves-del-arte\/#breadcrumb"},"inLanguage":"es-AR","potentialAction":[{"@type":"ReadAction","target":["https:\/\/radio.fcejs.unsl.edu.ar\/index.php\/la-universidad-en-las-escuelas-estudiantes-exploraron-su-creatividad-e-identidad-a-traves-del-arte\/"]}]},{"@type":"ImageObject","inLanguage":"es-AR","@id":"https:\/\/radio.fcejs.unsl.edu.ar\/index.php\/la-universidad-en-las-escuelas-estudiantes-exploraron-su-creatividad-e-identidad-a-traves-del-arte\/#primaryimage","url":"https:\/\/radio.fcejs.unsl.edu.ar\/wp-content\/uploads\/2024\/11\/identidad28-11-24.jpg","contentUrl":"https:\/\/radio.fcejs.unsl.edu.ar\/wp-content\/uploads\/2024\/11\/identidad28-11-24.jpg","width":1000,"height":574},{"@type":"BreadcrumbList","@id":"https:\/\/radio.fcejs.unsl.edu.ar\/index.php\/la-universidad-en-las-escuelas-estudiantes-exploraron-su-creatividad-e-identidad-a-traves-del-arte\/#breadcrumb","itemListElement":[{"@type":"ListItem","position":1,"name":"Inicio","item":"https:\/\/radio.fcejs.unsl.edu.ar\/"},{"@type":"ListItem","position":2,"name":"La Universidad en las escuelas: Estudiantes exploraron su creatividad e identidad a trav\u00e9s del arte"}]},{"@type":"WebSite","@id":"https:\/\/radio.fcejs.unsl.edu.ar\/#website","url":"https:\/\/radio.fcejs.unsl.edu.ar\/","name":"Radio Universidad Villa Mercedes 97.5 | UNSL","description":"UNSL","publisher":{"@id":"https:\/\/radio.fcejs.unsl.edu.ar\/#organization"},"potentialAction":[{"@type":"SearchAction","target":{"@type":"EntryPoint","urlTemplate":"https:\/\/radio.fcejs.unsl.edu.ar\/?s={search_term_string}"},"query-input":{"@type":"PropertyValueSpecification","valueRequired":true,"valueName":"search_term_string"}}],"inLanguage":"es-AR"},{"@type":"Organization","@id":"https:\/\/radio.fcejs.unsl.edu.ar\/#organization","name":"Radio Universidad Villa Mercedes 97.5 | UNSL","url":"https:\/\/radio.fcejs.unsl.edu.ar\/","logo":{"@type":"ImageObject","inLanguage":"es-AR","@id":"https:\/\/radio.fcejs.unsl.edu.ar\/#\/schema\/logo\/image\/","url":"https:\/\/radio.fcejs.unsl.edu.ar\/wp-content\/uploads\/2023\/12\/cropped-radio-villa-mercedes-97-5.png","contentUrl":"https:\/\/radio.fcejs.unsl.edu.ar\/wp-content\/uploads\/2023\/12\/cropped-radio-villa-mercedes-97-5.png","width":908,"height":289,"caption":"Radio Universidad Villa Mercedes 97.5 | UNSL"},"image":{"@id":"https:\/\/radio.fcejs.unsl.edu.ar\/#\/schema\/logo\/image\/"}},{"@type":"Person","@id":"https:\/\/radio.fcejs.unsl.edu.ar\/#\/schema\/person\/17e27260a1b995c2bd3a5989077ba3fb","name":"Redaccion Radio","url":"https:\/\/radio.fcejs.unsl.edu.ar\/index.php\/author\/radio_redaccion_fcejs\/"}]}},"_links":{"self":[{"href":"https:\/\/radio.fcejs.unsl.edu.ar\/index.php\/wp-json\/wp\/v2\/posts\/2576","targetHints":{"allow":["GET"]}}],"collection":[{"href":"https:\/\/radio.fcejs.unsl.edu.ar\/index.php\/wp-json\/wp\/v2\/posts"}],"about":[{"href":"https:\/\/radio.fcejs.unsl.edu.ar\/index.php\/wp-json\/wp\/v2\/types\/post"}],"author":[{"embeddable":true,"href":"https:\/\/radio.fcejs.unsl.edu.ar\/index.php\/wp-json\/wp\/v2\/users\/2"}],"replies":[{"embeddable":true,"href":"https:\/\/radio.fcejs.unsl.edu.ar\/index.php\/wp-json\/wp\/v2\/comments?post=2576"}],"version-history":[{"count":1,"href":"https:\/\/radio.fcejs.unsl.edu.ar\/index.php\/wp-json\/wp\/v2\/posts\/2576\/revisions"}],"predecessor-version":[{"id":2578,"href":"https:\/\/radio.fcejs.unsl.edu.ar\/index.php\/wp-json\/wp\/v2\/posts\/2576\/revisions\/2578"}],"wp:featuredmedia":[{"embeddable":true,"href":"https:\/\/radio.fcejs.unsl.edu.ar\/index.php\/wp-json\/wp\/v2\/media\/2577"}],"wp:attachment":[{"href":"https:\/\/radio.fcejs.unsl.edu.ar\/index.php\/wp-json\/wp\/v2\/media?parent=2576"}],"wp:term":[{"taxonomy":"category","embeddable":true,"href":"https:\/\/radio.fcejs.unsl.edu.ar\/index.php\/wp-json\/wp\/v2\/categories?post=2576"},{"taxonomy":"post_tag","embeddable":true,"href":"https:\/\/radio.fcejs.unsl.edu.ar\/index.php\/wp-json\/wp\/v2\/tags?post=2576"}],"curies":[{"name":"wp","href":"https:\/\/api.w.org\/{rel}","templated":true}]}}