{"id":2573,"date":"2024-11-26T08:23:33","date_gmt":"2024-11-26T11:23:33","guid":{"rendered":"https:\/\/radio.fcejs.unsl.edu.ar\/?p=2573"},"modified":"2024-11-26T08:23:33","modified_gmt":"2024-11-26T11:23:33","slug":"en-un-aniversario-especial-festejaron-la-colacion-de-grados-2024","status":"publish","type":"post","link":"https:\/\/radio.fcejs.unsl.edu.ar\/index.php\/en-un-aniversario-especial-festejaron-la-colacion-de-grados-2024\/","title":{"rendered":"En un aniversario especial, festejaron la colaci\u00f3n de grados 2024"},"content":{"rendered":"<p>Durante el acto de colaci\u00f3n de grados 2024 del Centro Universitaria Villa Mercedes, La decana de la FCEJS, Roxanna Bettina Camiletti, record\u00f3 con especial \u00e9nfasis el 75\u00b0 aniversario de la gratuidad universitaria \u201cque convirti\u00f3 a la universidad argentina en un faro de oportunidades para miles de j\u00f3venes sin importar su origen socio econ\u00f3mico\u201d.<\/p>\n<audio class=\"wp-audio-shortcode\" id=\"audio-2573-1\" preload=\"none\" style=\"width: 100%;\" controls=\"controls\"><source type=\"audio\/mpeg\" src=\"https:\/\/radioupload.fica.unsl.edu.ar\/files\/jb\/decana26-11-24.mp3?_=1\" \/><a href=\"https:\/\/radioupload.fica.unsl.edu.ar\/files\/jb\/decana26-11-24.mp3\">https:\/\/radioupload.fica.unsl.edu.ar\/files\/jb\/decana26-11-24.mp3<\/a><\/audio>\n<p>El acto de colaci\u00f3n de la FICA y FCEJS se celebr\u00f3 el viernes 23 de noviembre pasado en el sal\u00f3n Teatro Molino F\u00e9nix, donde 66 nuevos profesionales recibieron sus t\u00edtulos y se sumaron a los 27.802 egresados de la UNSL a lo largo de su historia como universidad p\u00fablica, gratuita, inclusiva y de calidad.<\/p>\n<p>A prop\u00f3sito de la fecha, uno de esos atributos fue destacado de manera especial por la decana de la FCEJS: \u201cHoy celebramos un nuevo aniversario del acceso al conocimiento y educaci\u00f3n, que ha sido posible gracias a un sistema educativo \u00fanico en el mudo. En 1949 se sancion\u00f3 la gratuidad de la educaci\u00f3n superior en nuestro pa\u00eds, uno de los hitos que convirti\u00f3 a la universidad argentina en un faro de oportunidades para miles de j\u00f3venes sin importar su origen socio econ\u00f3mico\u201d.<\/p>\n<p>En su mensaje, Camiletti felicit\u00f3 a los nuevos profesionales por el logro alcanzado y agradeci\u00f3 el apoyo y la dedicaci\u00f3n de los docentes y nodocentes por el compromiso y la dedicaci\u00f3n. En nombre de los egresados hablaron la t\u00e9cnica universitaria en Acompa\u00f1amiento Terap\u00e9utico (FCEJS), Jimena Alejandra Luj\u00e1n, y el ingeniero mecatr\u00f3nico (FICA) Facundo Alejandro Sibona.<\/p>\n<audio class=\"wp-audio-shortcode\" id=\"audio-2573-2\" preload=\"none\" style=\"width: 100%;\" controls=\"controls\"><source type=\"audio\/mpeg\" src=\"https:\/\/radioupload.fica.unsl.edu.ar\/files\/jb\/egresada%20fcejs26-11-24.mp3?_=2\" \/><a href=\"https:\/\/radioupload.fica.unsl.edu.ar\/files\/jb\/egresada%20fcejs26-11-24.mp3\">https:\/\/radioupload.fica.unsl.edu.ar\/files\/jb\/egresada%20fcejs26-11-24.mp3<\/a><\/audio>\n<audio class=\"wp-audio-shortcode\" id=\"audio-2573-3\" preload=\"none\" style=\"width: 100%;\" controls=\"controls\"><source type=\"audio\/mpeg\" src=\"https:\/\/radioupload.fica.unsl.edu.ar\/files\/jb\/egresado%20fica26-11-24.mp3?_=3\" \/><a href=\"https:\/\/radioupload.fica.unsl.edu.ar\/files\/jb\/egresado%20fica26-11-24.mp3\">https:\/\/radioupload.fica.unsl.edu.ar\/files\/jb\/egresado%20fica26-11-24.mp3<\/a><\/audio>\n<p>El acto cont\u00f3 con la presencia del vicerrector de la UNSL, H\u00e9ctor Flores; el rector de la UNViMe, Marcelo Sosa; el intendente de Villa Mercedes, Maximiliano Frontera; representantes de colegios profesionales, graduados y p\u00fablico.<\/p>\n","protected":false},"excerpt":{"rendered":"<p>Durante el acto de colaci\u00f3n de grados 2024 del Centro Universitaria Villa Mercedes, La decana de la FCEJS, Roxanna Bettina Camiletti, record\u00f3 con especial \u00e9nfasis el 75\u00b0 aniversario de la gratuidad universitaria \u201cque convirti\u00f3 a la universidad argentina en un faro de oportunidades para miles de j\u00f3venes sin importar su origen socio econ\u00f3mico\u201d. El acto&#8230;<\/p>\n","protected":false},"author":2,"featured_media":2574,"comment_status":"closed","ping_status":"closed","sticky":false,"template":"","format":"standard","meta":{"_kad_post_transparent":"","_kad_post_title":"","_kad_post_layout":"","_kad_post_sidebar_id":"","_kad_post_content_style":"","_kad_post_vertical_padding":"","_kad_post_feature":"","_kad_post_feature_position":"","_kad_post_header":false,"_kad_post_footer":false,"_kad_post_classname":"","footnotes":""},"categories":[9,14],"tags":[],"class_list":["post-2573","post","type-post","status-publish","format-standard","has-post-thumbnail","hentry","category-destacada","category-entrevistas"],"yoast_head":"<!-- This site is optimized with the Yoast SEO plugin v27.2 - https:\/\/yoast.com\/product\/yoast-seo-wordpress\/ -->\n<title>En un aniversario especial, festejaron la colaci\u00f3n de grados 2024 - Radio Universidad Villa Mercedes 97.5 | UNSL<\/title>\n<meta name=\"robots\" content=\"index, follow, max-snippet:-1, max-image-preview:large, max-video-preview:-1\" \/>\n<link rel=\"canonical\" href=\"https:\/\/radio.fcejs.unsl.edu.ar\/index.php\/en-un-aniversario-especial-festejaron-la-colacion-de-grados-2024\/\" \/>\n<meta property=\"og:locale\" content=\"es_ES\" \/>\n<meta property=\"og:type\" content=\"article\" \/>\n<meta property=\"og:title\" content=\"En un aniversario especial, festejaron la colaci\u00f3n de grados 2024 - Radio Universidad Villa Mercedes 97.5 | UNSL\" \/>\n<meta property=\"og:description\" content=\"Durante el acto de colaci\u00f3n de grados 2024 del Centro Universitaria Villa Mercedes, La decana de la FCEJS, Roxanna Bettina Camiletti, record\u00f3 con especial \u00e9nfasis el 75\u00b0 aniversario de la gratuidad universitaria \u201cque convirti\u00f3 a la universidad argentina en un faro de oportunidades para miles de j\u00f3venes sin importar su origen socio econ\u00f3mico\u201d. El acto...\" \/>\n<meta property=\"og:url\" content=\"https:\/\/radio.fcejs.unsl.edu.ar\/index.php\/en-un-aniversario-especial-festejaron-la-colacion-de-grados-2024\/\" \/>\n<meta property=\"og:site_name\" content=\"Radio Universidad Villa Mercedes 97.5 | UNSL\" \/>\n<meta property=\"article:published_time\" content=\"2024-11-26T11:23:33+00:00\" \/>\n<meta property=\"og:image\" content=\"https:\/\/radio.fcejs.unsl.edu.ar\/wp-content\/uploads\/2024\/11\/colacion26-11-24.jpg\" \/>\n\t<meta property=\"og:image:width\" content=\"1000\" \/>\n\t<meta property=\"og:image:height\" content=\"602\" \/>\n\t<meta property=\"og:image:type\" content=\"image\/jpeg\" \/>\n<meta name=\"author\" content=\"Redaccion Radio\" \/>\n<meta name=\"twitter:card\" content=\"summary_large_image\" \/>\n<meta name=\"twitter:label1\" content=\"Escrito por\" \/>\n\t<meta name=\"twitter:data1\" content=\"Redaccion Radio\" \/>\n\t<meta name=\"twitter:label2\" content=\"Tiempo de lectura\" \/>\n\t<meta name=\"twitter:data2\" content=\"2 minutos\" \/>\n<script type=\"application\/ld+json\" class=\"yoast-schema-graph\">{\"@context\":\"https:\/\/schema.org\",\"@graph\":[{\"@type\":\"Article\",\"@id\":\"https:\/\/radio.fcejs.unsl.edu.ar\/index.php\/en-un-aniversario-especial-festejaron-la-colacion-de-grados-2024\/#article\",\"isPartOf\":{\"@id\":\"https:\/\/radio.fcejs.unsl.edu.ar\/index.php\/en-un-aniversario-especial-festejaron-la-colacion-de-grados-2024\/\"},\"author\":{\"name\":\"Redaccion Radio\",\"@id\":\"https:\/\/radio.fcejs.unsl.edu.ar\/#\/schema\/person\/17e27260a1b995c2bd3a5989077ba3fb\"},\"headline\":\"En un aniversario especial, festejaron la colaci\u00f3n de grados 2024\",\"datePublished\":\"2024-11-26T11:23:33+00:00\",\"mainEntityOfPage\":{\"@id\":\"https:\/\/radio.fcejs.unsl.edu.ar\/index.php\/en-un-aniversario-especial-festejaron-la-colacion-de-grados-2024\/\"},\"wordCount\":349,\"publisher\":{\"@id\":\"https:\/\/radio.fcejs.unsl.edu.ar\/#organization\"},\"image\":{\"@id\":\"https:\/\/radio.fcejs.unsl.edu.ar\/index.php\/en-un-aniversario-especial-festejaron-la-colacion-de-grados-2024\/#primaryimage\"},\"thumbnailUrl\":\"https:\/\/radio.fcejs.unsl.edu.ar\/wp-content\/uploads\/2024\/11\/colacion26-11-24.jpg\",\"articleSection\":[\"Destacada\",\"Entrevistas\"],\"inLanguage\":\"es-AR\"},{\"@type\":\"WebPage\",\"@id\":\"https:\/\/radio.fcejs.unsl.edu.ar\/index.php\/en-un-aniversario-especial-festejaron-la-colacion-de-grados-2024\/\",\"url\":\"https:\/\/radio.fcejs.unsl.edu.ar\/index.php\/en-un-aniversario-especial-festejaron-la-colacion-de-grados-2024\/\",\"name\":\"En un aniversario especial, festejaron la colaci\u00f3n de grados 2024 - Radio Universidad Villa Mercedes 97.5 | UNSL\",\"isPartOf\":{\"@id\":\"https:\/\/radio.fcejs.unsl.edu.ar\/#website\"},\"primaryImageOfPage\":{\"@id\":\"https:\/\/radio.fcejs.unsl.edu.ar\/index.php\/en-un-aniversario-especial-festejaron-la-colacion-de-grados-2024\/#primaryimage\"},\"image\":{\"@id\":\"https:\/\/radio.fcejs.unsl.edu.ar\/index.php\/en-un-aniversario-especial-festejaron-la-colacion-de-grados-2024\/#primaryimage\"},\"thumbnailUrl\":\"https:\/\/radio.fcejs.unsl.edu.ar\/wp-content\/uploads\/2024\/11\/colacion26-11-24.jpg\",\"datePublished\":\"2024-11-26T11:23:33+00:00\",\"breadcrumb\":{\"@id\":\"https:\/\/radio.fcejs.unsl.edu.ar\/index.php\/en-un-aniversario-especial-festejaron-la-colacion-de-grados-2024\/#breadcrumb\"},\"inLanguage\":\"es-AR\",\"potentialAction\":[{\"@type\":\"ReadAction\",\"target\":[\"https:\/\/radio.fcejs.unsl.edu.ar\/index.php\/en-un-aniversario-especial-festejaron-la-colacion-de-grados-2024\/\"]}]},{\"@type\":\"ImageObject\",\"inLanguage\":\"es-AR\",\"@id\":\"https:\/\/radio.fcejs.unsl.edu.ar\/index.php\/en-un-aniversario-especial-festejaron-la-colacion-de-grados-2024\/#primaryimage\",\"url\":\"https:\/\/radio.fcejs.unsl.edu.ar\/wp-content\/uploads\/2024\/11\/colacion26-11-24.jpg\",\"contentUrl\":\"https:\/\/radio.fcejs.unsl.edu.ar\/wp-content\/uploads\/2024\/11\/colacion26-11-24.jpg\",\"width\":1000,\"height\":602},{\"@type\":\"BreadcrumbList\",\"@id\":\"https:\/\/radio.fcejs.unsl.edu.ar\/index.php\/en-un-aniversario-especial-festejaron-la-colacion-de-grados-2024\/#breadcrumb\",\"itemListElement\":[{\"@type\":\"ListItem\",\"position\":1,\"name\":\"Inicio\",\"item\":\"https:\/\/radio.fcejs.unsl.edu.ar\/\"},{\"@type\":\"ListItem\",\"position\":2,\"name\":\"En un aniversario especial, festejaron la colaci\u00f3n de grados 2024\"}]},{\"@type\":\"WebSite\",\"@id\":\"https:\/\/radio.fcejs.unsl.edu.ar\/#website\",\"url\":\"https:\/\/radio.fcejs.unsl.edu.ar\/\",\"name\":\"Radio Universidad Villa Mercedes 97.5 | UNSL\",\"description\":\"UNSL\",\"publisher\":{\"@id\":\"https:\/\/radio.fcejs.unsl.edu.ar\/#organization\"},\"potentialAction\":[{\"@type\":\"SearchAction\",\"target\":{\"@type\":\"EntryPoint\",\"urlTemplate\":\"https:\/\/radio.fcejs.unsl.edu.ar\/?s={search_term_string}\"},\"query-input\":{\"@type\":\"PropertyValueSpecification\",\"valueRequired\":true,\"valueName\":\"search_term_string\"}}],\"inLanguage\":\"es-AR\"},{\"@type\":\"Organization\",\"@id\":\"https:\/\/radio.fcejs.unsl.edu.ar\/#organization\",\"name\":\"Radio Universidad Villa Mercedes 97.5 | UNSL\",\"url\":\"https:\/\/radio.fcejs.unsl.edu.ar\/\",\"logo\":{\"@type\":\"ImageObject\",\"inLanguage\":\"es-AR\",\"@id\":\"https:\/\/radio.fcejs.unsl.edu.ar\/#\/schema\/logo\/image\/\",\"url\":\"https:\/\/radio.fcejs.unsl.edu.ar\/wp-content\/uploads\/2023\/12\/cropped-radio-villa-mercedes-97-5.png\",\"contentUrl\":\"https:\/\/radio.fcejs.unsl.edu.ar\/wp-content\/uploads\/2023\/12\/cropped-radio-villa-mercedes-97-5.png\",\"width\":908,\"height\":289,\"caption\":\"Radio Universidad Villa Mercedes 97.5 | UNSL\"},\"image\":{\"@id\":\"https:\/\/radio.fcejs.unsl.edu.ar\/#\/schema\/logo\/image\/\"}},{\"@type\":\"Person\",\"@id\":\"https:\/\/radio.fcejs.unsl.edu.ar\/#\/schema\/person\/17e27260a1b995c2bd3a5989077ba3fb\",\"name\":\"Redaccion Radio\",\"url\":\"https:\/\/radio.fcejs.unsl.edu.ar\/index.php\/author\/radio_redaccion_fcejs\/\"}]}<\/script>\n<!-- \/ Yoast SEO plugin. -->","yoast_head_json":{"title":"En un aniversario especial, festejaron la colaci\u00f3n de grados 2024 - Radio Universidad Villa Mercedes 97.5 | UNSL","robots":{"index":"index","follow":"follow","max-snippet":"max-snippet:-1","max-image-preview":"max-image-preview:large","max-video-preview":"max-video-preview:-1"},"canonical":"https:\/\/radio.fcejs.unsl.edu.ar\/index.php\/en-un-aniversario-especial-festejaron-la-colacion-de-grados-2024\/","og_locale":"es_ES","og_type":"article","og_title":"En un aniversario especial, festejaron la colaci\u00f3n de grados 2024 - Radio Universidad Villa Mercedes 97.5 | UNSL","og_description":"Durante el acto de colaci\u00f3n de grados 2024 del Centro Universitaria Villa Mercedes, La decana de la FCEJS, Roxanna Bettina Camiletti, record\u00f3 con especial \u00e9nfasis el 75\u00b0 aniversario de la gratuidad universitaria \u201cque convirti\u00f3 a la universidad argentina en un faro de oportunidades para miles de j\u00f3venes sin importar su origen socio econ\u00f3mico\u201d. El acto...","og_url":"https:\/\/radio.fcejs.unsl.edu.ar\/index.php\/en-un-aniversario-especial-festejaron-la-colacion-de-grados-2024\/","og_site_name":"Radio Universidad Villa Mercedes 97.5 | UNSL","article_published_time":"2024-11-26T11:23:33+00:00","og_image":[{"width":1000,"height":602,"url":"https:\/\/radio.fcejs.unsl.edu.ar\/wp-content\/uploads\/2024\/11\/colacion26-11-24.jpg","type":"image\/jpeg"}],"author":"Redaccion Radio","twitter_card":"summary_large_image","twitter_misc":{"Escrito por":"Redaccion Radio","Tiempo de lectura":"2 minutos"},"schema":{"@context":"https:\/\/schema.org","@graph":[{"@type":"Article","@id":"https:\/\/radio.fcejs.unsl.edu.ar\/index.php\/en-un-aniversario-especial-festejaron-la-colacion-de-grados-2024\/#article","isPartOf":{"@id":"https:\/\/radio.fcejs.unsl.edu.ar\/index.php\/en-un-aniversario-especial-festejaron-la-colacion-de-grados-2024\/"},"author":{"name":"Redaccion Radio","@id":"https:\/\/radio.fcejs.unsl.edu.ar\/#\/schema\/person\/17e27260a1b995c2bd3a5989077ba3fb"},"headline":"En un aniversario especial, festejaron la colaci\u00f3n de grados 2024","datePublished":"2024-11-26T11:23:33+00:00","mainEntityOfPage":{"@id":"https:\/\/radio.fcejs.unsl.edu.ar\/index.php\/en-un-aniversario-especial-festejaron-la-colacion-de-grados-2024\/"},"wordCount":349,"publisher":{"@id":"https:\/\/radio.fcejs.unsl.edu.ar\/#organization"},"image":{"@id":"https:\/\/radio.fcejs.unsl.edu.ar\/index.php\/en-un-aniversario-especial-festejaron-la-colacion-de-grados-2024\/#primaryimage"},"thumbnailUrl":"https:\/\/radio.fcejs.unsl.edu.ar\/wp-content\/uploads\/2024\/11\/colacion26-11-24.jpg","articleSection":["Destacada","Entrevistas"],"inLanguage":"es-AR"},{"@type":"WebPage","@id":"https:\/\/radio.fcejs.unsl.edu.ar\/index.php\/en-un-aniversario-especial-festejaron-la-colacion-de-grados-2024\/","url":"https:\/\/radio.fcejs.unsl.edu.ar\/index.php\/en-un-aniversario-especial-festejaron-la-colacion-de-grados-2024\/","name":"En un aniversario especial, festejaron la colaci\u00f3n de grados 2024 - Radio Universidad Villa Mercedes 97.5 | UNSL","isPartOf":{"@id":"https:\/\/radio.fcejs.unsl.edu.ar\/#website"},"primaryImageOfPage":{"@id":"https:\/\/radio.fcejs.unsl.edu.ar\/index.php\/en-un-aniversario-especial-festejaron-la-colacion-de-grados-2024\/#primaryimage"},"image":{"@id":"https:\/\/radio.fcejs.unsl.edu.ar\/index.php\/en-un-aniversario-especial-festejaron-la-colacion-de-grados-2024\/#primaryimage"},"thumbnailUrl":"https:\/\/radio.fcejs.unsl.edu.ar\/wp-content\/uploads\/2024\/11\/colacion26-11-24.jpg","datePublished":"2024-11-26T11:23:33+00:00","breadcrumb":{"@id":"https:\/\/radio.fcejs.unsl.edu.ar\/index.php\/en-un-aniversario-especial-festejaron-la-colacion-de-grados-2024\/#breadcrumb"},"inLanguage":"es-AR","potentialAction":[{"@type":"ReadAction","target":["https:\/\/radio.fcejs.unsl.edu.ar\/index.php\/en-un-aniversario-especial-festejaron-la-colacion-de-grados-2024\/"]}]},{"@type":"ImageObject","inLanguage":"es-AR","@id":"https:\/\/radio.fcejs.unsl.edu.ar\/index.php\/en-un-aniversario-especial-festejaron-la-colacion-de-grados-2024\/#primaryimage","url":"https:\/\/radio.fcejs.unsl.edu.ar\/wp-content\/uploads\/2024\/11\/colacion26-11-24.jpg","contentUrl":"https:\/\/radio.fcejs.unsl.edu.ar\/wp-content\/uploads\/2024\/11\/colacion26-11-24.jpg","width":1000,"height":602},{"@type":"BreadcrumbList","@id":"https:\/\/radio.fcejs.unsl.edu.ar\/index.php\/en-un-aniversario-especial-festejaron-la-colacion-de-grados-2024\/#breadcrumb","itemListElement":[{"@type":"ListItem","position":1,"name":"Inicio","item":"https:\/\/radio.fcejs.unsl.edu.ar\/"},{"@type":"ListItem","position":2,"name":"En un aniversario especial, festejaron la colaci\u00f3n de grados 2024"}]},{"@type":"WebSite","@id":"https:\/\/radio.fcejs.unsl.edu.ar\/#website","url":"https:\/\/radio.fcejs.unsl.edu.ar\/","name":"Radio Universidad Villa Mercedes 97.5 | UNSL","description":"UNSL","publisher":{"@id":"https:\/\/radio.fcejs.unsl.edu.ar\/#organization"},"potentialAction":[{"@type":"SearchAction","target":{"@type":"EntryPoint","urlTemplate":"https:\/\/radio.fcejs.unsl.edu.ar\/?s={search_term_string}"},"query-input":{"@type":"PropertyValueSpecification","valueRequired":true,"valueName":"search_term_string"}}],"inLanguage":"es-AR"},{"@type":"Organization","@id":"https:\/\/radio.fcejs.unsl.edu.ar\/#organization","name":"Radio Universidad Villa Mercedes 97.5 | UNSL","url":"https:\/\/radio.fcejs.unsl.edu.ar\/","logo":{"@type":"ImageObject","inLanguage":"es-AR","@id":"https:\/\/radio.fcejs.unsl.edu.ar\/#\/schema\/logo\/image\/","url":"https:\/\/radio.fcejs.unsl.edu.ar\/wp-content\/uploads\/2023\/12\/cropped-radio-villa-mercedes-97-5.png","contentUrl":"https:\/\/radio.fcejs.unsl.edu.ar\/wp-content\/uploads\/2023\/12\/cropped-radio-villa-mercedes-97-5.png","width":908,"height":289,"caption":"Radio Universidad Villa Mercedes 97.5 | UNSL"},"image":{"@id":"https:\/\/radio.fcejs.unsl.edu.ar\/#\/schema\/logo\/image\/"}},{"@type":"Person","@id":"https:\/\/radio.fcejs.unsl.edu.ar\/#\/schema\/person\/17e27260a1b995c2bd3a5989077ba3fb","name":"Redaccion Radio","url":"https:\/\/radio.fcejs.unsl.edu.ar\/index.php\/author\/radio_redaccion_fcejs\/"}]}},"_links":{"self":[{"href":"https:\/\/radio.fcejs.unsl.edu.ar\/index.php\/wp-json\/wp\/v2\/posts\/2573","targetHints":{"allow":["GET"]}}],"collection":[{"href":"https:\/\/radio.fcejs.unsl.edu.ar\/index.php\/wp-json\/wp\/v2\/posts"}],"about":[{"href":"https:\/\/radio.fcejs.unsl.edu.ar\/index.php\/wp-json\/wp\/v2\/types\/post"}],"author":[{"embeddable":true,"href":"https:\/\/radio.fcejs.unsl.edu.ar\/index.php\/wp-json\/wp\/v2\/users\/2"}],"replies":[{"embeddable":true,"href":"https:\/\/radio.fcejs.unsl.edu.ar\/index.php\/wp-json\/wp\/v2\/comments?post=2573"}],"version-history":[{"count":1,"href":"https:\/\/radio.fcejs.unsl.edu.ar\/index.php\/wp-json\/wp\/v2\/posts\/2573\/revisions"}],"predecessor-version":[{"id":2575,"href":"https:\/\/radio.fcejs.unsl.edu.ar\/index.php\/wp-json\/wp\/v2\/posts\/2573\/revisions\/2575"}],"wp:featuredmedia":[{"embeddable":true,"href":"https:\/\/radio.fcejs.unsl.edu.ar\/index.php\/wp-json\/wp\/v2\/media\/2574"}],"wp:attachment":[{"href":"https:\/\/radio.fcejs.unsl.edu.ar\/index.php\/wp-json\/wp\/v2\/media?parent=2573"}],"wp:term":[{"taxonomy":"category","embeddable":true,"href":"https:\/\/radio.fcejs.unsl.edu.ar\/index.php\/wp-json\/wp\/v2\/categories?post=2573"},{"taxonomy":"post_tag","embeddable":true,"href":"https:\/\/radio.fcejs.unsl.edu.ar\/index.php\/wp-json\/wp\/v2\/tags?post=2573"}],"curies":[{"name":"wp","href":"https:\/\/api.w.org\/{rel}","templated":true}]}}