{"id":2565,"date":"2024-11-21T08:53:23","date_gmt":"2024-11-21T11:53:23","guid":{"rendered":"https:\/\/radio.fcejs.unsl.edu.ar\/?p=2565"},"modified":"2024-11-21T08:53:23","modified_gmt":"2024-11-21T11:53:23","slug":"invitan-a-sumarse-a-red-de-informacion-fitosanitaria-del-senasa","status":"publish","type":"post","link":"https:\/\/radio.fcejs.unsl.edu.ar\/index.php\/invitan-a-sumarse-a-red-de-informacion-fitosanitaria-del-senasa\/","title":{"rendered":"Invitan a sumarse a red de informaci\u00f3n fitosanitaria del SENASA"},"content":{"rendered":"<p>En una charla que brindaron referentes nacionales y regionales del Servicio Nacional de Sanidad y Calidad Agroalimentaria (SENASA), en el Departamento de Ciencias Agropecuarias de la FICA, dejaron en claro la importancia de integrar redes de informaci\u00f3n fitosanitaria y ponerla a disposici\u00f3n de las necesidades del pa\u00eds.<\/p>\n<audio class=\"wp-audio-shortcode\" id=\"audio-2565-1\" preload=\"none\" style=\"width: 100%;\" controls=\"controls\"><source type=\"audio\/mpeg\" src=\"https:\/\/radioupload.fica.unsl.edu.ar\/files\/jb\/senasa21-11-24.mp3?_=1\" \/><a href=\"https:\/\/radioupload.fica.unsl.edu.ar\/files\/jb\/senasa21-11-24.mp3\">https:\/\/radioupload.fica.unsl.edu.ar\/files\/jb\/senasa21-11-24.mp3<\/a><\/audio>\n<p>La actividad, que se desarroll\u00f3 el mi\u00e9rcoles 20 de noviembre pasado, cont\u00f3 con la presencia de la Coordinadora General de Gesti\u00f3n de Informaci\u00f3n Fitosanitaria del SENASA, Guadalupe Montes; y el referente de Vigilancia La Pampa-San Luis del \u00e1rea Protecci\u00f3n Vegetal del Centro Regional, Javier del R\u00edo,<\/p>\n<p>\u201cEstamos ac\u00e1 para invitar a los participantes de distintos organismos -del ministerio de la Producci\u00f3n, del INTA, del Colegio de Ingenieros Agr\u00f3nomos y la Facultad- a unirse a nuestra red de informaci\u00f3n fitosanitaria\u201d, coment\u00f3 Montes, quien aclar\u00f3 que en la Coordinaci\u00f3n \u201ctrabajamos dentro de la Direcci\u00f3n de Informaci\u00f3n Estrat\u00e9gica Fitosanitaria, espec\u00edficamente en lo que llamamos Vigilancia General, que tiene que ver con la conformaci\u00f3n de redes para poder obtener informaci\u00f3n fitosanitaria y ponerla a disposici\u00f3n de las distintas necesidades de nuestro pa\u00eds\u201d.<\/p>\n<p>En la charla se habl\u00f3 tambi\u00e9n sobre dos alertas que salieron recientemente. \u201cUna es una maleza y otra es un insecto, que son especies cuarentenarias para nuestro pa\u00eds. Est\u00e1n ausentes en este momento, pero su ingreso podr\u00eda causar graves da\u00f1os econ\u00f3micos. Por eso, estamos haciendo distintas acciones de prevenci\u00f3n\u201d.<\/p>\n<p>Adelant\u00f3 que los encuentros continuar\u00e1n el a\u00f1o pr\u00f3ximo para mantener v\u00ednculos con los distintos actores y referentes regionales, y establecer intercambios de informaci\u00f3n.<\/p>\n","protected":false},"excerpt":{"rendered":"<p>En una charla que brindaron referentes nacionales y regionales del Servicio Nacional de Sanidad y Calidad Agroalimentaria (SENASA), en el Departamento de Ciencias Agropecuarias de la FICA, dejaron en claro la importancia de integrar redes de informaci\u00f3n fitosanitaria y ponerla a disposici\u00f3n de las necesidades del pa\u00eds. La actividad, que se desarroll\u00f3 el mi\u00e9rcoles 20&#8230;<\/p>\n","protected":false},"author":2,"featured_media":2566,"comment_status":"closed","ping_status":"closed","sticky":false,"template":"","format":"standard","meta":{"_kad_post_transparent":"","_kad_post_title":"","_kad_post_layout":"","_kad_post_sidebar_id":"","_kad_post_content_style":"","_kad_post_vertical_padding":"","_kad_post_feature":"","_kad_post_feature_position":"","_kad_post_header":false,"_kad_post_footer":false,"_kad_post_classname":"","footnotes":""},"categories":[9,14],"tags":[],"class_list":["post-2565","post","type-post","status-publish","format-standard","has-post-thumbnail","hentry","category-destacada","category-entrevistas"],"yoast_head":"<!-- This site is optimized with the Yoast SEO plugin v27.2 - https:\/\/yoast.com\/product\/yoast-seo-wordpress\/ -->\n<title>Invitan a sumarse a red de informaci\u00f3n fitosanitaria del SENASA - Radio Universidad Villa Mercedes 97.5 | UNSL<\/title>\n<meta name=\"robots\" content=\"index, follow, max-snippet:-1, max-image-preview:large, max-video-preview:-1\" \/>\n<link rel=\"canonical\" href=\"https:\/\/radio.fcejs.unsl.edu.ar\/index.php\/invitan-a-sumarse-a-red-de-informacion-fitosanitaria-del-senasa\/\" \/>\n<meta property=\"og:locale\" content=\"es_ES\" \/>\n<meta property=\"og:type\" content=\"article\" \/>\n<meta property=\"og:title\" content=\"Invitan a sumarse a red de informaci\u00f3n fitosanitaria del SENASA - Radio Universidad Villa Mercedes 97.5 | UNSL\" \/>\n<meta property=\"og:description\" content=\"En una charla que brindaron referentes nacionales y regionales del Servicio Nacional de Sanidad y Calidad Agroalimentaria (SENASA), en el Departamento de Ciencias Agropecuarias de la FICA, dejaron en claro la importancia de integrar redes de informaci\u00f3n fitosanitaria y ponerla a disposici\u00f3n de las necesidades del pa\u00eds. La actividad, que se desarroll\u00f3 el mi\u00e9rcoles 20...\" \/>\n<meta property=\"og:url\" content=\"https:\/\/radio.fcejs.unsl.edu.ar\/index.php\/invitan-a-sumarse-a-red-de-informacion-fitosanitaria-del-senasa\/\" \/>\n<meta property=\"og:site_name\" content=\"Radio Universidad Villa Mercedes 97.5 | UNSL\" \/>\n<meta property=\"article:published_time\" content=\"2024-11-21T11:53:23+00:00\" \/>\n<meta property=\"og:image\" content=\"https:\/\/radio.fcejs.unsl.edu.ar\/wp-content\/uploads\/2024\/11\/senasa21-11-24.jpg\" \/>\n\t<meta property=\"og:image:width\" content=\"1000\" \/>\n\t<meta property=\"og:image:height\" content=\"739\" \/>\n\t<meta property=\"og:image:type\" content=\"image\/jpeg\" \/>\n<meta name=\"author\" content=\"Redaccion Radio\" \/>\n<meta name=\"twitter:card\" content=\"summary_large_image\" \/>\n<meta name=\"twitter:label1\" content=\"Escrito por\" \/>\n\t<meta name=\"twitter:data1\" content=\"Redaccion Radio\" \/>\n\t<meta name=\"twitter:label2\" content=\"Tiempo de lectura\" \/>\n\t<meta name=\"twitter:data2\" content=\"1 minuto\" \/>\n<script type=\"application\/ld+json\" class=\"yoast-schema-graph\">{\"@context\":\"https:\/\/schema.org\",\"@graph\":[{\"@type\":\"Article\",\"@id\":\"https:\/\/radio.fcejs.unsl.edu.ar\/index.php\/invitan-a-sumarse-a-red-de-informacion-fitosanitaria-del-senasa\/#article\",\"isPartOf\":{\"@id\":\"https:\/\/radio.fcejs.unsl.edu.ar\/index.php\/invitan-a-sumarse-a-red-de-informacion-fitosanitaria-del-senasa\/\"},\"author\":{\"name\":\"Redaccion Radio\",\"@id\":\"https:\/\/radio.fcejs.unsl.edu.ar\/#\/schema\/person\/17e27260a1b995c2bd3a5989077ba3fb\"},\"headline\":\"Invitan a sumarse a red de informaci\u00f3n fitosanitaria del SENASA\",\"datePublished\":\"2024-11-21T11:53:23+00:00\",\"mainEntityOfPage\":{\"@id\":\"https:\/\/radio.fcejs.unsl.edu.ar\/index.php\/invitan-a-sumarse-a-red-de-informacion-fitosanitaria-del-senasa\/\"},\"wordCount\":303,\"publisher\":{\"@id\":\"https:\/\/radio.fcejs.unsl.edu.ar\/#organization\"},\"image\":{\"@id\":\"https:\/\/radio.fcejs.unsl.edu.ar\/index.php\/invitan-a-sumarse-a-red-de-informacion-fitosanitaria-del-senasa\/#primaryimage\"},\"thumbnailUrl\":\"https:\/\/radio.fcejs.unsl.edu.ar\/wp-content\/uploads\/2024\/11\/senasa21-11-24.jpg\",\"articleSection\":[\"Destacada\",\"Entrevistas\"],\"inLanguage\":\"es-AR\"},{\"@type\":\"WebPage\",\"@id\":\"https:\/\/radio.fcejs.unsl.edu.ar\/index.php\/invitan-a-sumarse-a-red-de-informacion-fitosanitaria-del-senasa\/\",\"url\":\"https:\/\/radio.fcejs.unsl.edu.ar\/index.php\/invitan-a-sumarse-a-red-de-informacion-fitosanitaria-del-senasa\/\",\"name\":\"Invitan a sumarse a red de informaci\u00f3n fitosanitaria del SENASA - Radio Universidad Villa Mercedes 97.5 | UNSL\",\"isPartOf\":{\"@id\":\"https:\/\/radio.fcejs.unsl.edu.ar\/#website\"},\"primaryImageOfPage\":{\"@id\":\"https:\/\/radio.fcejs.unsl.edu.ar\/index.php\/invitan-a-sumarse-a-red-de-informacion-fitosanitaria-del-senasa\/#primaryimage\"},\"image\":{\"@id\":\"https:\/\/radio.fcejs.unsl.edu.ar\/index.php\/invitan-a-sumarse-a-red-de-informacion-fitosanitaria-del-senasa\/#primaryimage\"},\"thumbnailUrl\":\"https:\/\/radio.fcejs.unsl.edu.ar\/wp-content\/uploads\/2024\/11\/senasa21-11-24.jpg\",\"datePublished\":\"2024-11-21T11:53:23+00:00\",\"breadcrumb\":{\"@id\":\"https:\/\/radio.fcejs.unsl.edu.ar\/index.php\/invitan-a-sumarse-a-red-de-informacion-fitosanitaria-del-senasa\/#breadcrumb\"},\"inLanguage\":\"es-AR\",\"potentialAction\":[{\"@type\":\"ReadAction\",\"target\":[\"https:\/\/radio.fcejs.unsl.edu.ar\/index.php\/invitan-a-sumarse-a-red-de-informacion-fitosanitaria-del-senasa\/\"]}]},{\"@type\":\"ImageObject\",\"inLanguage\":\"es-AR\",\"@id\":\"https:\/\/radio.fcejs.unsl.edu.ar\/index.php\/invitan-a-sumarse-a-red-de-informacion-fitosanitaria-del-senasa\/#primaryimage\",\"url\":\"https:\/\/radio.fcejs.unsl.edu.ar\/wp-content\/uploads\/2024\/11\/senasa21-11-24.jpg\",\"contentUrl\":\"https:\/\/radio.fcejs.unsl.edu.ar\/wp-content\/uploads\/2024\/11\/senasa21-11-24.jpg\",\"width\":1000,\"height\":739},{\"@type\":\"BreadcrumbList\",\"@id\":\"https:\/\/radio.fcejs.unsl.edu.ar\/index.php\/invitan-a-sumarse-a-red-de-informacion-fitosanitaria-del-senasa\/#breadcrumb\",\"itemListElement\":[{\"@type\":\"ListItem\",\"position\":1,\"name\":\"Inicio\",\"item\":\"https:\/\/radio.fcejs.unsl.edu.ar\/\"},{\"@type\":\"ListItem\",\"position\":2,\"name\":\"Invitan a sumarse a red de informaci\u00f3n fitosanitaria del SENASA\"}]},{\"@type\":\"WebSite\",\"@id\":\"https:\/\/radio.fcejs.unsl.edu.ar\/#website\",\"url\":\"https:\/\/radio.fcejs.unsl.edu.ar\/\",\"name\":\"Radio Universidad Villa Mercedes 97.5 | UNSL\",\"description\":\"UNSL\",\"publisher\":{\"@id\":\"https:\/\/radio.fcejs.unsl.edu.ar\/#organization\"},\"potentialAction\":[{\"@type\":\"SearchAction\",\"target\":{\"@type\":\"EntryPoint\",\"urlTemplate\":\"https:\/\/radio.fcejs.unsl.edu.ar\/?s={search_term_string}\"},\"query-input\":{\"@type\":\"PropertyValueSpecification\",\"valueRequired\":true,\"valueName\":\"search_term_string\"}}],\"inLanguage\":\"es-AR\"},{\"@type\":\"Organization\",\"@id\":\"https:\/\/radio.fcejs.unsl.edu.ar\/#organization\",\"name\":\"Radio Universidad Villa Mercedes 97.5 | UNSL\",\"url\":\"https:\/\/radio.fcejs.unsl.edu.ar\/\",\"logo\":{\"@type\":\"ImageObject\",\"inLanguage\":\"es-AR\",\"@id\":\"https:\/\/radio.fcejs.unsl.edu.ar\/#\/schema\/logo\/image\/\",\"url\":\"https:\/\/radio.fcejs.unsl.edu.ar\/wp-content\/uploads\/2023\/12\/cropped-radio-villa-mercedes-97-5.png\",\"contentUrl\":\"https:\/\/radio.fcejs.unsl.edu.ar\/wp-content\/uploads\/2023\/12\/cropped-radio-villa-mercedes-97-5.png\",\"width\":908,\"height\":289,\"caption\":\"Radio Universidad Villa Mercedes 97.5 | UNSL\"},\"image\":{\"@id\":\"https:\/\/radio.fcejs.unsl.edu.ar\/#\/schema\/logo\/image\/\"}},{\"@type\":\"Person\",\"@id\":\"https:\/\/radio.fcejs.unsl.edu.ar\/#\/schema\/person\/17e27260a1b995c2bd3a5989077ba3fb\",\"name\":\"Redaccion Radio\",\"url\":\"https:\/\/radio.fcejs.unsl.edu.ar\/index.php\/author\/radio_redaccion_fcejs\/\"}]}<\/script>\n<!-- \/ Yoast SEO plugin. -->","yoast_head_json":{"title":"Invitan a sumarse a red de informaci\u00f3n fitosanitaria del SENASA - Radio Universidad Villa Mercedes 97.5 | UNSL","robots":{"index":"index","follow":"follow","max-snippet":"max-snippet:-1","max-image-preview":"max-image-preview:large","max-video-preview":"max-video-preview:-1"},"canonical":"https:\/\/radio.fcejs.unsl.edu.ar\/index.php\/invitan-a-sumarse-a-red-de-informacion-fitosanitaria-del-senasa\/","og_locale":"es_ES","og_type":"article","og_title":"Invitan a sumarse a red de informaci\u00f3n fitosanitaria del SENASA - Radio Universidad Villa Mercedes 97.5 | UNSL","og_description":"En una charla que brindaron referentes nacionales y regionales del Servicio Nacional de Sanidad y Calidad Agroalimentaria (SENASA), en el Departamento de Ciencias Agropecuarias de la FICA, dejaron en claro la importancia de integrar redes de informaci\u00f3n fitosanitaria y ponerla a disposici\u00f3n de las necesidades del pa\u00eds. La actividad, que se desarroll\u00f3 el mi\u00e9rcoles 20...","og_url":"https:\/\/radio.fcejs.unsl.edu.ar\/index.php\/invitan-a-sumarse-a-red-de-informacion-fitosanitaria-del-senasa\/","og_site_name":"Radio Universidad Villa Mercedes 97.5 | UNSL","article_published_time":"2024-11-21T11:53:23+00:00","og_image":[{"width":1000,"height":739,"url":"https:\/\/radio.fcejs.unsl.edu.ar\/wp-content\/uploads\/2024\/11\/senasa21-11-24.jpg","type":"image\/jpeg"}],"author":"Redaccion Radio","twitter_card":"summary_large_image","twitter_misc":{"Escrito por":"Redaccion Radio","Tiempo de lectura":"1 minuto"},"schema":{"@context":"https:\/\/schema.org","@graph":[{"@type":"Article","@id":"https:\/\/radio.fcejs.unsl.edu.ar\/index.php\/invitan-a-sumarse-a-red-de-informacion-fitosanitaria-del-senasa\/#article","isPartOf":{"@id":"https:\/\/radio.fcejs.unsl.edu.ar\/index.php\/invitan-a-sumarse-a-red-de-informacion-fitosanitaria-del-senasa\/"},"author":{"name":"Redaccion Radio","@id":"https:\/\/radio.fcejs.unsl.edu.ar\/#\/schema\/person\/17e27260a1b995c2bd3a5989077ba3fb"},"headline":"Invitan a sumarse a red de informaci\u00f3n fitosanitaria del SENASA","datePublished":"2024-11-21T11:53:23+00:00","mainEntityOfPage":{"@id":"https:\/\/radio.fcejs.unsl.edu.ar\/index.php\/invitan-a-sumarse-a-red-de-informacion-fitosanitaria-del-senasa\/"},"wordCount":303,"publisher":{"@id":"https:\/\/radio.fcejs.unsl.edu.ar\/#organization"},"image":{"@id":"https:\/\/radio.fcejs.unsl.edu.ar\/index.php\/invitan-a-sumarse-a-red-de-informacion-fitosanitaria-del-senasa\/#primaryimage"},"thumbnailUrl":"https:\/\/radio.fcejs.unsl.edu.ar\/wp-content\/uploads\/2024\/11\/senasa21-11-24.jpg","articleSection":["Destacada","Entrevistas"],"inLanguage":"es-AR"},{"@type":"WebPage","@id":"https:\/\/radio.fcejs.unsl.edu.ar\/index.php\/invitan-a-sumarse-a-red-de-informacion-fitosanitaria-del-senasa\/","url":"https:\/\/radio.fcejs.unsl.edu.ar\/index.php\/invitan-a-sumarse-a-red-de-informacion-fitosanitaria-del-senasa\/","name":"Invitan a sumarse a red de informaci\u00f3n fitosanitaria del SENASA - Radio Universidad Villa Mercedes 97.5 | UNSL","isPartOf":{"@id":"https:\/\/radio.fcejs.unsl.edu.ar\/#website"},"primaryImageOfPage":{"@id":"https:\/\/radio.fcejs.unsl.edu.ar\/index.php\/invitan-a-sumarse-a-red-de-informacion-fitosanitaria-del-senasa\/#primaryimage"},"image":{"@id":"https:\/\/radio.fcejs.unsl.edu.ar\/index.php\/invitan-a-sumarse-a-red-de-informacion-fitosanitaria-del-senasa\/#primaryimage"},"thumbnailUrl":"https:\/\/radio.fcejs.unsl.edu.ar\/wp-content\/uploads\/2024\/11\/senasa21-11-24.jpg","datePublished":"2024-11-21T11:53:23+00:00","breadcrumb":{"@id":"https:\/\/radio.fcejs.unsl.edu.ar\/index.php\/invitan-a-sumarse-a-red-de-informacion-fitosanitaria-del-senasa\/#breadcrumb"},"inLanguage":"es-AR","potentialAction":[{"@type":"ReadAction","target":["https:\/\/radio.fcejs.unsl.edu.ar\/index.php\/invitan-a-sumarse-a-red-de-informacion-fitosanitaria-del-senasa\/"]}]},{"@type":"ImageObject","inLanguage":"es-AR","@id":"https:\/\/radio.fcejs.unsl.edu.ar\/index.php\/invitan-a-sumarse-a-red-de-informacion-fitosanitaria-del-senasa\/#primaryimage","url":"https:\/\/radio.fcejs.unsl.edu.ar\/wp-content\/uploads\/2024\/11\/senasa21-11-24.jpg","contentUrl":"https:\/\/radio.fcejs.unsl.edu.ar\/wp-content\/uploads\/2024\/11\/senasa21-11-24.jpg","width":1000,"height":739},{"@type":"BreadcrumbList","@id":"https:\/\/radio.fcejs.unsl.edu.ar\/index.php\/invitan-a-sumarse-a-red-de-informacion-fitosanitaria-del-senasa\/#breadcrumb","itemListElement":[{"@type":"ListItem","position":1,"name":"Inicio","item":"https:\/\/radio.fcejs.unsl.edu.ar\/"},{"@type":"ListItem","position":2,"name":"Invitan a sumarse a red de informaci\u00f3n fitosanitaria del SENASA"}]},{"@type":"WebSite","@id":"https:\/\/radio.fcejs.unsl.edu.ar\/#website","url":"https:\/\/radio.fcejs.unsl.edu.ar\/","name":"Radio Universidad Villa Mercedes 97.5 | UNSL","description":"UNSL","publisher":{"@id":"https:\/\/radio.fcejs.unsl.edu.ar\/#organization"},"potentialAction":[{"@type":"SearchAction","target":{"@type":"EntryPoint","urlTemplate":"https:\/\/radio.fcejs.unsl.edu.ar\/?s={search_term_string}"},"query-input":{"@type":"PropertyValueSpecification","valueRequired":true,"valueName":"search_term_string"}}],"inLanguage":"es-AR"},{"@type":"Organization","@id":"https:\/\/radio.fcejs.unsl.edu.ar\/#organization","name":"Radio Universidad Villa Mercedes 97.5 | UNSL","url":"https:\/\/radio.fcejs.unsl.edu.ar\/","logo":{"@type":"ImageObject","inLanguage":"es-AR","@id":"https:\/\/radio.fcejs.unsl.edu.ar\/#\/schema\/logo\/image\/","url":"https:\/\/radio.fcejs.unsl.edu.ar\/wp-content\/uploads\/2023\/12\/cropped-radio-villa-mercedes-97-5.png","contentUrl":"https:\/\/radio.fcejs.unsl.edu.ar\/wp-content\/uploads\/2023\/12\/cropped-radio-villa-mercedes-97-5.png","width":908,"height":289,"caption":"Radio Universidad Villa Mercedes 97.5 | UNSL"},"image":{"@id":"https:\/\/radio.fcejs.unsl.edu.ar\/#\/schema\/logo\/image\/"}},{"@type":"Person","@id":"https:\/\/radio.fcejs.unsl.edu.ar\/#\/schema\/person\/17e27260a1b995c2bd3a5989077ba3fb","name":"Redaccion Radio","url":"https:\/\/radio.fcejs.unsl.edu.ar\/index.php\/author\/radio_redaccion_fcejs\/"}]}},"_links":{"self":[{"href":"https:\/\/radio.fcejs.unsl.edu.ar\/index.php\/wp-json\/wp\/v2\/posts\/2565","targetHints":{"allow":["GET"]}}],"collection":[{"href":"https:\/\/radio.fcejs.unsl.edu.ar\/index.php\/wp-json\/wp\/v2\/posts"}],"about":[{"href":"https:\/\/radio.fcejs.unsl.edu.ar\/index.php\/wp-json\/wp\/v2\/types\/post"}],"author":[{"embeddable":true,"href":"https:\/\/radio.fcejs.unsl.edu.ar\/index.php\/wp-json\/wp\/v2\/users\/2"}],"replies":[{"embeddable":true,"href":"https:\/\/radio.fcejs.unsl.edu.ar\/index.php\/wp-json\/wp\/v2\/comments?post=2565"}],"version-history":[{"count":1,"href":"https:\/\/radio.fcejs.unsl.edu.ar\/index.php\/wp-json\/wp\/v2\/posts\/2565\/revisions"}],"predecessor-version":[{"id":2567,"href":"https:\/\/radio.fcejs.unsl.edu.ar\/index.php\/wp-json\/wp\/v2\/posts\/2565\/revisions\/2567"}],"wp:featuredmedia":[{"embeddable":true,"href":"https:\/\/radio.fcejs.unsl.edu.ar\/index.php\/wp-json\/wp\/v2\/media\/2566"}],"wp:attachment":[{"href":"https:\/\/radio.fcejs.unsl.edu.ar\/index.php\/wp-json\/wp\/v2\/media?parent=2565"}],"wp:term":[{"taxonomy":"category","embeddable":true,"href":"https:\/\/radio.fcejs.unsl.edu.ar\/index.php\/wp-json\/wp\/v2\/categories?post=2565"},{"taxonomy":"post_tag","embeddable":true,"href":"https:\/\/radio.fcejs.unsl.edu.ar\/index.php\/wp-json\/wp\/v2\/tags?post=2565"}],"curies":[{"name":"wp","href":"https:\/\/api.w.org\/{rel}","templated":true}]}}