{"id":2562,"date":"2024-11-20T12:13:52","date_gmt":"2024-11-20T15:13:52","guid":{"rendered":"https:\/\/radio.fcejs.unsl.edu.ar\/?p=2562"},"modified":"2024-11-21T10:49:54","modified_gmt":"2024-11-21T13:49:54","slug":"entre-el-inta-y-la-fica-buscamos-dar-respuestas-a-las-necesidades-de-la-comunidad","status":"publish","type":"post","link":"https:\/\/radio.fcejs.unsl.edu.ar\/index.php\/entre-el-inta-y-la-fica-buscamos-dar-respuestas-a-las-necesidades-de-la-comunidad\/","title":{"rendered":"\u201cEntre el INTA y la FICA buscamos dar respuestas a las necesidades de la comunidad\u201d"},"content":{"rendered":"<p>\u201cEntre el INTA y la FICA buscaremos siempre profundizar nuestra tarea en conjunto para dar respuestas a las necesidades de la comunidad\u201d, sostuvo el ingeniero agr\u00f3nomo Angel Pelaitay, jefe de la agencia del INTA Villa Mercedes.<\/p>\n<audio class=\"wp-audio-shortcode\" id=\"audio-2562-1\" preload=\"none\" style=\"width: 100%;\" controls=\"controls\"><source type=\"audio\/mpeg\" src=\"https:\/\/radioupload.fica.unsl.edu.ar\/files\/jb\/pelaitay20-11-24.mp3?_=1\" \/><a href=\"https:\/\/radioupload.fica.unsl.edu.ar\/files\/jb\/pelaitay20-11-24.mp3\">https:\/\/radioupload.fica.unsl.edu.ar\/files\/jb\/pelaitay20-11-24.mp3<\/a><\/audio>\n<p>Se refiri\u00f3 as\u00ed a las actividades que el Instituto Nacional coordina en conjunto con la Facultad de Ingenier\u00eda y Ciencias Agropecuarias, como la jornada de capacitaci\u00f3n sobre \u201cLa producci\u00f3n hort\u00edcola en Villa Mercedes, San Luis\u201d, que se desarroll\u00f3 el viernes pasado en el Departamento de Ciencias Agropecuarias del Centro Universitario.<\/p>\n<p>La capacitaci\u00f3n, orientada a estudiantes de la carrera de Ingenier\u00eda Agron\u00f3mica, p\u00fablico en general, productores y emprendedores, consisti\u00f3 en charlas t\u00e9cnicas y recorridos por ensayos a campo e invernaderos.<\/p>\n<p>Pelaitay destac\u00f3 que uno de los temas que se abord\u00f3 en la jornada fue la necesidad de recuperar los espacios que quedaron en Villa Mercedes \u201ccon posibilidad de riego desde los canales que derivan del dique Vulpian\u201d, aunque aclar\u00f3 que las transformaciones y el desarrollo urban\u00edstico de los \u00faltimos a\u00f1os han modificado sustancialmente la geograf\u00eda de esos espacios.<\/p>\n<p>\u201cNo obstante, algunos de los terrenos se pueden usar, ya que est\u00e1n a\u00fan con las posibilidades de ser aprovechados para la producci\u00f3n de hortalizas, con la ayuda de la tecnolog\u00eda y un buen asesoramiento\u201d, indic\u00f3.<\/p>\n<p>\u201cCreemos que Villa Mercedes tiene un gran potencial en base a lo que fue en otros a\u00f1os la producci\u00f3n de hortalizas y frutas, y de algunas algunas especies en particular como el esp\u00e1rrago y el ajo\u2026 Es decir, hay muchos temas sobre los cuales podemos trabajar juntos con la FICA en capacitaciones, alternativas productivas, investigaciones y as\u00ed dar respuestas a las demandas de la comunidad\u201d.<\/p>\n<p>Foto: Prensa INTA<\/p>\n","protected":false},"excerpt":{"rendered":"<p>\u201cEntre el INTA y la FICA buscaremos siempre profundizar nuestra tarea en conjunto para dar respuestas a las necesidades de la comunidad\u201d, sostuvo el ingeniero agr\u00f3nomo Angel Pelaitay, jefe de la agencia del INTA Villa Mercedes. Se refiri\u00f3 as\u00ed a las actividades que el Instituto Nacional coordina en conjunto con la Facultad de Ingenier\u00eda y&#8230;<\/p>\n","protected":false},"author":2,"featured_media":2571,"comment_status":"closed","ping_status":"closed","sticky":false,"template":"","format":"standard","meta":{"_kad_post_transparent":"","_kad_post_title":"","_kad_post_layout":"","_kad_post_sidebar_id":"","_kad_post_content_style":"","_kad_post_vertical_padding":"","_kad_post_feature":"","_kad_post_feature_position":"","_kad_post_header":false,"_kad_post_footer":false,"_kad_post_classname":"","footnotes":""},"categories":[9,14],"tags":[],"class_list":["post-2562","post","type-post","status-publish","format-standard","has-post-thumbnail","hentry","category-destacada","category-entrevistas"],"yoast_head":"<!-- This site is optimized with the Yoast SEO plugin v27.2 - https:\/\/yoast.com\/product\/yoast-seo-wordpress\/ -->\n<title>\u201cEntre el INTA y la FICA buscamos dar respuestas a las necesidades de la comunidad\u201d - Radio Universidad Villa Mercedes 97.5 | UNSL<\/title>\n<meta name=\"robots\" content=\"index, follow, max-snippet:-1, max-image-preview:large, max-video-preview:-1\" \/>\n<link rel=\"canonical\" href=\"https:\/\/radio.fcejs.unsl.edu.ar\/index.php\/entre-el-inta-y-la-fica-buscamos-dar-respuestas-a-las-necesidades-de-la-comunidad\/\" \/>\n<meta property=\"og:locale\" content=\"es_ES\" \/>\n<meta property=\"og:type\" content=\"article\" \/>\n<meta property=\"og:title\" content=\"\u201cEntre el INTA y la FICA buscamos dar respuestas a las necesidades de la comunidad\u201d - Radio Universidad Villa Mercedes 97.5 | UNSL\" \/>\n<meta property=\"og:description\" content=\"\u201cEntre el INTA y la FICA buscaremos siempre profundizar nuestra tarea en conjunto para dar respuestas a las necesidades de la comunidad\u201d, sostuvo el ingeniero agr\u00f3nomo Angel Pelaitay, jefe de la agencia del INTA Villa Mercedes. Se refiri\u00f3 as\u00ed a las actividades que el Instituto Nacional coordina en conjunto con la Facultad de Ingenier\u00eda y...\" \/>\n<meta property=\"og:url\" content=\"https:\/\/radio.fcejs.unsl.edu.ar\/index.php\/entre-el-inta-y-la-fica-buscamos-dar-respuestas-a-las-necesidades-de-la-comunidad\/\" \/>\n<meta property=\"og:site_name\" content=\"Radio Universidad Villa Mercedes 97.5 | UNSL\" \/>\n<meta property=\"article:published_time\" content=\"2024-11-20T15:13:52+00:00\" \/>\n<meta property=\"article:modified_time\" content=\"2024-11-21T13:49:54+00:00\" \/>\n<meta property=\"og:image\" content=\"https:\/\/radio.fcejs.unsl.edu.ar\/wp-content\/uploads\/2024\/11\/angel-pelaitay21-11-24.jpg\" \/>\n\t<meta property=\"og:image:width\" content=\"1000\" \/>\n\t<meta property=\"og:image:height\" content=\"701\" \/>\n\t<meta property=\"og:image:type\" content=\"image\/jpeg\" \/>\n<meta name=\"author\" content=\"Redaccion Radio\" \/>\n<meta name=\"twitter:card\" content=\"summary_large_image\" \/>\n<meta name=\"twitter:label1\" content=\"Escrito por\" \/>\n\t<meta name=\"twitter:data1\" content=\"Redaccion Radio\" \/>\n\t<meta name=\"twitter:label2\" content=\"Tiempo de lectura\" \/>\n\t<meta name=\"twitter:data2\" content=\"2 minutos\" \/>\n<script type=\"application\/ld+json\" class=\"yoast-schema-graph\">{\"@context\":\"https:\/\/schema.org\",\"@graph\":[{\"@type\":\"Article\",\"@id\":\"https:\/\/radio.fcejs.unsl.edu.ar\/index.php\/entre-el-inta-y-la-fica-buscamos-dar-respuestas-a-las-necesidades-de-la-comunidad\/#article\",\"isPartOf\":{\"@id\":\"https:\/\/radio.fcejs.unsl.edu.ar\/index.php\/entre-el-inta-y-la-fica-buscamos-dar-respuestas-a-las-necesidades-de-la-comunidad\/\"},\"author\":{\"name\":\"Redaccion Radio\",\"@id\":\"https:\/\/radio.fcejs.unsl.edu.ar\/#\/schema\/person\/17e27260a1b995c2bd3a5989077ba3fb\"},\"headline\":\"\u201cEntre el INTA y la FICA buscamos dar respuestas a las necesidades de la comunidad\u201d\",\"datePublished\":\"2024-11-20T15:13:52+00:00\",\"dateModified\":\"2024-11-21T13:49:54+00:00\",\"mainEntityOfPage\":{\"@id\":\"https:\/\/radio.fcejs.unsl.edu.ar\/index.php\/entre-el-inta-y-la-fica-buscamos-dar-respuestas-a-las-necesidades-de-la-comunidad\/\"},\"wordCount\":325,\"publisher\":{\"@id\":\"https:\/\/radio.fcejs.unsl.edu.ar\/#organization\"},\"image\":{\"@id\":\"https:\/\/radio.fcejs.unsl.edu.ar\/index.php\/entre-el-inta-y-la-fica-buscamos-dar-respuestas-a-las-necesidades-de-la-comunidad\/#primaryimage\"},\"thumbnailUrl\":\"https:\/\/radio.fcejs.unsl.edu.ar\/wp-content\/uploads\/2024\/11\/angel-pelaitay21-11-24.jpg\",\"articleSection\":[\"Destacada\",\"Entrevistas\"],\"inLanguage\":\"es-AR\"},{\"@type\":\"WebPage\",\"@id\":\"https:\/\/radio.fcejs.unsl.edu.ar\/index.php\/entre-el-inta-y-la-fica-buscamos-dar-respuestas-a-las-necesidades-de-la-comunidad\/\",\"url\":\"https:\/\/radio.fcejs.unsl.edu.ar\/index.php\/entre-el-inta-y-la-fica-buscamos-dar-respuestas-a-las-necesidades-de-la-comunidad\/\",\"name\":\"\u201cEntre el INTA y la FICA buscamos dar respuestas a las necesidades de la comunidad\u201d - Radio Universidad Villa Mercedes 97.5 | UNSL\",\"isPartOf\":{\"@id\":\"https:\/\/radio.fcejs.unsl.edu.ar\/#website\"},\"primaryImageOfPage\":{\"@id\":\"https:\/\/radio.fcejs.unsl.edu.ar\/index.php\/entre-el-inta-y-la-fica-buscamos-dar-respuestas-a-las-necesidades-de-la-comunidad\/#primaryimage\"},\"image\":{\"@id\":\"https:\/\/radio.fcejs.unsl.edu.ar\/index.php\/entre-el-inta-y-la-fica-buscamos-dar-respuestas-a-las-necesidades-de-la-comunidad\/#primaryimage\"},\"thumbnailUrl\":\"https:\/\/radio.fcejs.unsl.edu.ar\/wp-content\/uploads\/2024\/11\/angel-pelaitay21-11-24.jpg\",\"datePublished\":\"2024-11-20T15:13:52+00:00\",\"dateModified\":\"2024-11-21T13:49:54+00:00\",\"breadcrumb\":{\"@id\":\"https:\/\/radio.fcejs.unsl.edu.ar\/index.php\/entre-el-inta-y-la-fica-buscamos-dar-respuestas-a-las-necesidades-de-la-comunidad\/#breadcrumb\"},\"inLanguage\":\"es-AR\",\"potentialAction\":[{\"@type\":\"ReadAction\",\"target\":[\"https:\/\/radio.fcejs.unsl.edu.ar\/index.php\/entre-el-inta-y-la-fica-buscamos-dar-respuestas-a-las-necesidades-de-la-comunidad\/\"]}]},{\"@type\":\"ImageObject\",\"inLanguage\":\"es-AR\",\"@id\":\"https:\/\/radio.fcejs.unsl.edu.ar\/index.php\/entre-el-inta-y-la-fica-buscamos-dar-respuestas-a-las-necesidades-de-la-comunidad\/#primaryimage\",\"url\":\"https:\/\/radio.fcejs.unsl.edu.ar\/wp-content\/uploads\/2024\/11\/angel-pelaitay21-11-24.jpg\",\"contentUrl\":\"https:\/\/radio.fcejs.unsl.edu.ar\/wp-content\/uploads\/2024\/11\/angel-pelaitay21-11-24.jpg\",\"width\":1000,\"height\":701},{\"@type\":\"BreadcrumbList\",\"@id\":\"https:\/\/radio.fcejs.unsl.edu.ar\/index.php\/entre-el-inta-y-la-fica-buscamos-dar-respuestas-a-las-necesidades-de-la-comunidad\/#breadcrumb\",\"itemListElement\":[{\"@type\":\"ListItem\",\"position\":1,\"name\":\"Inicio\",\"item\":\"https:\/\/radio.fcejs.unsl.edu.ar\/\"},{\"@type\":\"ListItem\",\"position\":2,\"name\":\"\u201cEntre el INTA y la FICA buscamos dar respuestas a las necesidades de la comunidad\u201d\"}]},{\"@type\":\"WebSite\",\"@id\":\"https:\/\/radio.fcejs.unsl.edu.ar\/#website\",\"url\":\"https:\/\/radio.fcejs.unsl.edu.ar\/\",\"name\":\"Radio Universidad Villa Mercedes 97.5 | UNSL\",\"description\":\"UNSL\",\"publisher\":{\"@id\":\"https:\/\/radio.fcejs.unsl.edu.ar\/#organization\"},\"potentialAction\":[{\"@type\":\"SearchAction\",\"target\":{\"@type\":\"EntryPoint\",\"urlTemplate\":\"https:\/\/radio.fcejs.unsl.edu.ar\/?s={search_term_string}\"},\"query-input\":{\"@type\":\"PropertyValueSpecification\",\"valueRequired\":true,\"valueName\":\"search_term_string\"}}],\"inLanguage\":\"es-AR\"},{\"@type\":\"Organization\",\"@id\":\"https:\/\/radio.fcejs.unsl.edu.ar\/#organization\",\"name\":\"Radio Universidad Villa Mercedes 97.5 | UNSL\",\"url\":\"https:\/\/radio.fcejs.unsl.edu.ar\/\",\"logo\":{\"@type\":\"ImageObject\",\"inLanguage\":\"es-AR\",\"@id\":\"https:\/\/radio.fcejs.unsl.edu.ar\/#\/schema\/logo\/image\/\",\"url\":\"https:\/\/radio.fcejs.unsl.edu.ar\/wp-content\/uploads\/2023\/12\/cropped-radio-villa-mercedes-97-5.png\",\"contentUrl\":\"https:\/\/radio.fcejs.unsl.edu.ar\/wp-content\/uploads\/2023\/12\/cropped-radio-villa-mercedes-97-5.png\",\"width\":908,\"height\":289,\"caption\":\"Radio Universidad Villa Mercedes 97.5 | UNSL\"},\"image\":{\"@id\":\"https:\/\/radio.fcejs.unsl.edu.ar\/#\/schema\/logo\/image\/\"}},{\"@type\":\"Person\",\"@id\":\"https:\/\/radio.fcejs.unsl.edu.ar\/#\/schema\/person\/17e27260a1b995c2bd3a5989077ba3fb\",\"name\":\"Redaccion Radio\",\"url\":\"https:\/\/radio.fcejs.unsl.edu.ar\/index.php\/author\/radio_redaccion_fcejs\/\"}]}<\/script>\n<!-- \/ Yoast SEO plugin. -->","yoast_head_json":{"title":"\u201cEntre el INTA y la FICA buscamos dar respuestas a las necesidades de la comunidad\u201d - Radio Universidad Villa Mercedes 97.5 | UNSL","robots":{"index":"index","follow":"follow","max-snippet":"max-snippet:-1","max-image-preview":"max-image-preview:large","max-video-preview":"max-video-preview:-1"},"canonical":"https:\/\/radio.fcejs.unsl.edu.ar\/index.php\/entre-el-inta-y-la-fica-buscamos-dar-respuestas-a-las-necesidades-de-la-comunidad\/","og_locale":"es_ES","og_type":"article","og_title":"\u201cEntre el INTA y la FICA buscamos dar respuestas a las necesidades de la comunidad\u201d - Radio Universidad Villa Mercedes 97.5 | UNSL","og_description":"\u201cEntre el INTA y la FICA buscaremos siempre profundizar nuestra tarea en conjunto para dar respuestas a las necesidades de la comunidad\u201d, sostuvo el ingeniero agr\u00f3nomo Angel Pelaitay, jefe de la agencia del INTA Villa Mercedes. Se refiri\u00f3 as\u00ed a las actividades que el Instituto Nacional coordina en conjunto con la Facultad de Ingenier\u00eda y...","og_url":"https:\/\/radio.fcejs.unsl.edu.ar\/index.php\/entre-el-inta-y-la-fica-buscamos-dar-respuestas-a-las-necesidades-de-la-comunidad\/","og_site_name":"Radio Universidad Villa Mercedes 97.5 | UNSL","article_published_time":"2024-11-20T15:13:52+00:00","article_modified_time":"2024-11-21T13:49:54+00:00","og_image":[{"width":1000,"height":701,"url":"https:\/\/radio.fcejs.unsl.edu.ar\/wp-content\/uploads\/2024\/11\/angel-pelaitay21-11-24.jpg","type":"image\/jpeg"}],"author":"Redaccion Radio","twitter_card":"summary_large_image","twitter_misc":{"Escrito por":"Redaccion Radio","Tiempo de lectura":"2 minutos"},"schema":{"@context":"https:\/\/schema.org","@graph":[{"@type":"Article","@id":"https:\/\/radio.fcejs.unsl.edu.ar\/index.php\/entre-el-inta-y-la-fica-buscamos-dar-respuestas-a-las-necesidades-de-la-comunidad\/#article","isPartOf":{"@id":"https:\/\/radio.fcejs.unsl.edu.ar\/index.php\/entre-el-inta-y-la-fica-buscamos-dar-respuestas-a-las-necesidades-de-la-comunidad\/"},"author":{"name":"Redaccion Radio","@id":"https:\/\/radio.fcejs.unsl.edu.ar\/#\/schema\/person\/17e27260a1b995c2bd3a5989077ba3fb"},"headline":"\u201cEntre el INTA y la FICA buscamos dar respuestas a las necesidades de la comunidad\u201d","datePublished":"2024-11-20T15:13:52+00:00","dateModified":"2024-11-21T13:49:54+00:00","mainEntityOfPage":{"@id":"https:\/\/radio.fcejs.unsl.edu.ar\/index.php\/entre-el-inta-y-la-fica-buscamos-dar-respuestas-a-las-necesidades-de-la-comunidad\/"},"wordCount":325,"publisher":{"@id":"https:\/\/radio.fcejs.unsl.edu.ar\/#organization"},"image":{"@id":"https:\/\/radio.fcejs.unsl.edu.ar\/index.php\/entre-el-inta-y-la-fica-buscamos-dar-respuestas-a-las-necesidades-de-la-comunidad\/#primaryimage"},"thumbnailUrl":"https:\/\/radio.fcejs.unsl.edu.ar\/wp-content\/uploads\/2024\/11\/angel-pelaitay21-11-24.jpg","articleSection":["Destacada","Entrevistas"],"inLanguage":"es-AR"},{"@type":"WebPage","@id":"https:\/\/radio.fcejs.unsl.edu.ar\/index.php\/entre-el-inta-y-la-fica-buscamos-dar-respuestas-a-las-necesidades-de-la-comunidad\/","url":"https:\/\/radio.fcejs.unsl.edu.ar\/index.php\/entre-el-inta-y-la-fica-buscamos-dar-respuestas-a-las-necesidades-de-la-comunidad\/","name":"\u201cEntre el INTA y la FICA buscamos dar respuestas a las necesidades de la comunidad\u201d - Radio Universidad Villa Mercedes 97.5 | UNSL","isPartOf":{"@id":"https:\/\/radio.fcejs.unsl.edu.ar\/#website"},"primaryImageOfPage":{"@id":"https:\/\/radio.fcejs.unsl.edu.ar\/index.php\/entre-el-inta-y-la-fica-buscamos-dar-respuestas-a-las-necesidades-de-la-comunidad\/#primaryimage"},"image":{"@id":"https:\/\/radio.fcejs.unsl.edu.ar\/index.php\/entre-el-inta-y-la-fica-buscamos-dar-respuestas-a-las-necesidades-de-la-comunidad\/#primaryimage"},"thumbnailUrl":"https:\/\/radio.fcejs.unsl.edu.ar\/wp-content\/uploads\/2024\/11\/angel-pelaitay21-11-24.jpg","datePublished":"2024-11-20T15:13:52+00:00","dateModified":"2024-11-21T13:49:54+00:00","breadcrumb":{"@id":"https:\/\/radio.fcejs.unsl.edu.ar\/index.php\/entre-el-inta-y-la-fica-buscamos-dar-respuestas-a-las-necesidades-de-la-comunidad\/#breadcrumb"},"inLanguage":"es-AR","potentialAction":[{"@type":"ReadAction","target":["https:\/\/radio.fcejs.unsl.edu.ar\/index.php\/entre-el-inta-y-la-fica-buscamos-dar-respuestas-a-las-necesidades-de-la-comunidad\/"]}]},{"@type":"ImageObject","inLanguage":"es-AR","@id":"https:\/\/radio.fcejs.unsl.edu.ar\/index.php\/entre-el-inta-y-la-fica-buscamos-dar-respuestas-a-las-necesidades-de-la-comunidad\/#primaryimage","url":"https:\/\/radio.fcejs.unsl.edu.ar\/wp-content\/uploads\/2024\/11\/angel-pelaitay21-11-24.jpg","contentUrl":"https:\/\/radio.fcejs.unsl.edu.ar\/wp-content\/uploads\/2024\/11\/angel-pelaitay21-11-24.jpg","width":1000,"height":701},{"@type":"BreadcrumbList","@id":"https:\/\/radio.fcejs.unsl.edu.ar\/index.php\/entre-el-inta-y-la-fica-buscamos-dar-respuestas-a-las-necesidades-de-la-comunidad\/#breadcrumb","itemListElement":[{"@type":"ListItem","position":1,"name":"Inicio","item":"https:\/\/radio.fcejs.unsl.edu.ar\/"},{"@type":"ListItem","position":2,"name":"\u201cEntre el INTA y la FICA buscamos dar respuestas a las necesidades de la comunidad\u201d"}]},{"@type":"WebSite","@id":"https:\/\/radio.fcejs.unsl.edu.ar\/#website","url":"https:\/\/radio.fcejs.unsl.edu.ar\/","name":"Radio Universidad Villa Mercedes 97.5 | UNSL","description":"UNSL","publisher":{"@id":"https:\/\/radio.fcejs.unsl.edu.ar\/#organization"},"potentialAction":[{"@type":"SearchAction","target":{"@type":"EntryPoint","urlTemplate":"https:\/\/radio.fcejs.unsl.edu.ar\/?s={search_term_string}"},"query-input":{"@type":"PropertyValueSpecification","valueRequired":true,"valueName":"search_term_string"}}],"inLanguage":"es-AR"},{"@type":"Organization","@id":"https:\/\/radio.fcejs.unsl.edu.ar\/#organization","name":"Radio Universidad Villa Mercedes 97.5 | UNSL","url":"https:\/\/radio.fcejs.unsl.edu.ar\/","logo":{"@type":"ImageObject","inLanguage":"es-AR","@id":"https:\/\/radio.fcejs.unsl.edu.ar\/#\/schema\/logo\/image\/","url":"https:\/\/radio.fcejs.unsl.edu.ar\/wp-content\/uploads\/2023\/12\/cropped-radio-villa-mercedes-97-5.png","contentUrl":"https:\/\/radio.fcejs.unsl.edu.ar\/wp-content\/uploads\/2023\/12\/cropped-radio-villa-mercedes-97-5.png","width":908,"height":289,"caption":"Radio Universidad Villa Mercedes 97.5 | UNSL"},"image":{"@id":"https:\/\/radio.fcejs.unsl.edu.ar\/#\/schema\/logo\/image\/"}},{"@type":"Person","@id":"https:\/\/radio.fcejs.unsl.edu.ar\/#\/schema\/person\/17e27260a1b995c2bd3a5989077ba3fb","name":"Redaccion Radio","url":"https:\/\/radio.fcejs.unsl.edu.ar\/index.php\/author\/radio_redaccion_fcejs\/"}]}},"_links":{"self":[{"href":"https:\/\/radio.fcejs.unsl.edu.ar\/index.php\/wp-json\/wp\/v2\/posts\/2562","targetHints":{"allow":["GET"]}}],"collection":[{"href":"https:\/\/radio.fcejs.unsl.edu.ar\/index.php\/wp-json\/wp\/v2\/posts"}],"about":[{"href":"https:\/\/radio.fcejs.unsl.edu.ar\/index.php\/wp-json\/wp\/v2\/types\/post"}],"author":[{"embeddable":true,"href":"https:\/\/radio.fcejs.unsl.edu.ar\/index.php\/wp-json\/wp\/v2\/users\/2"}],"replies":[{"embeddable":true,"href":"https:\/\/radio.fcejs.unsl.edu.ar\/index.php\/wp-json\/wp\/v2\/comments?post=2562"}],"version-history":[{"count":2,"href":"https:\/\/radio.fcejs.unsl.edu.ar\/index.php\/wp-json\/wp\/v2\/posts\/2562\/revisions"}],"predecessor-version":[{"id":2572,"href":"https:\/\/radio.fcejs.unsl.edu.ar\/index.php\/wp-json\/wp\/v2\/posts\/2562\/revisions\/2572"}],"wp:featuredmedia":[{"embeddable":true,"href":"https:\/\/radio.fcejs.unsl.edu.ar\/index.php\/wp-json\/wp\/v2\/media\/2571"}],"wp:attachment":[{"href":"https:\/\/radio.fcejs.unsl.edu.ar\/index.php\/wp-json\/wp\/v2\/media?parent=2562"}],"wp:term":[{"taxonomy":"category","embeddable":true,"href":"https:\/\/radio.fcejs.unsl.edu.ar\/index.php\/wp-json\/wp\/v2\/categories?post=2562"},{"taxonomy":"post_tag","embeddable":true,"href":"https:\/\/radio.fcejs.unsl.edu.ar\/index.php\/wp-json\/wp\/v2\/tags?post=2562"}],"curies":[{"name":"wp","href":"https:\/\/api.w.org\/{rel}","templated":true}]}}