{"id":2532,"date":"2024-11-11T07:41:46","date_gmt":"2024-11-11T10:41:46","guid":{"rendered":"https:\/\/radio.fcejs.unsl.edu.ar\/?p=2532"},"modified":"2024-11-11T07:47:35","modified_gmt":"2024-11-11T10:47:35","slug":"con-musica-y-arte-la-lucha-universitaria-salio-a-la-plaza","status":"publish","type":"post","link":"https:\/\/radio.fcejs.unsl.edu.ar\/index.php\/con-musica-y-arte-la-lucha-universitaria-salio-a-la-plaza\/","title":{"rendered":"Con m\u00fasica y arte la lucha universitaria sali\u00f3 a la plaza"},"content":{"rendered":"<p>No se vende, se defiende. Esta vez fue con m\u00fasica y con arte en la plaza. As\u00ed se vivi\u00f3 el Festival del viernes, que organiz\u00f3 la Interclaustro del Centro Universitario Villa Mercedes para hacer m\u00e1s visible la lucha por la educaci\u00f3n, la universidad p\u00fablica, gratuita e inclusiva.<\/p>\n<audio class=\"wp-audio-shortcode\" id=\"audio-2532-1\" preload=\"none\" style=\"width: 100%;\" controls=\"controls\"><source type=\"audio\/mpeg\" src=\"https:\/\/radioupload.fica.unsl.edu.ar\/files\/jb\/esther11-11-24.mp3?_=1\" \/><a href=\"https:\/\/radioupload.fica.unsl.edu.ar\/files\/jb\/esther11-11-24.mp3\">https:\/\/radioupload.fica.unsl.edu.ar\/files\/jb\/esther11-11-24.mp3<\/a><\/audio>\n<p>Bajo una tarde noche c\u00e1lida, la plaza San Mart\u00edn fue el escenario del Festival en defensa de la educaci\u00f3n p\u00fablica que junt\u00f3 a cientos j\u00f3venes, vecinos y miembros de la comunidad universitaria para una \u201clucha en alegr\u00eda\u201d y disfrutar de la actuaci\u00f3n de bandas, intervenciones art\u00edsticas y una gran merienda.<\/p>\n<p>En medio del ambiente festivo, de uni\u00f3n y acompa\u00f1amiento que propuso la organizaci\u00f3n, hablaron representantes de estudiantes, docentes y gremios para reforzar las consignas de una lucha que se va profundizando a medida que los ataques del gobierno agudizan la crisis de la educaci\u00f3n p\u00fablica en general y de las universidades en particular.<\/p>\n<p><strong>\u201cEl sistema universitario accesible est\u00e1 en peligro\u201d<\/strong><\/p>\n<p>La joven docente universitaria Bel\u00e9n Rolfi sostuvo que el pa\u00eds, hist\u00f3ricamente, ha construido un sistema universitario \u201cinclusivo, democr\u00e1tico y accesible para millones de j\u00f3venes\u201d y que esa finalidad ahora est\u00e1 en peligro por el desfinanciamiento: \u201cEl presupuesto asignado a las universidades p\u00fablicas en 2024 result\u00f3 insuficiente, el escenario para 2025 es alarmante. La reducci\u00f3n presupuestaria impactar\u00e1 en las funciones de docencia, investigaci\u00f3n y extensi\u00f3n, afectando la calidad educativa y el pago justo a las y los trabajadores docentes y nodocentes\u201d.<\/p>\n<audio class=\"wp-audio-shortcode\" id=\"audio-2532-2\" preload=\"none\" style=\"width: 100%;\" controls=\"controls\"><source type=\"audio\/mpeg\" src=\"https:\/\/radioupload.fica.unsl.edu.ar\/files\/jb\/bel%C3%A9n11-11-24.mp3?_=2\" \/><a href=\"https:\/\/radioupload.fica.unsl.edu.ar\/files\/jb\/bel%C3%A9n11-11-24.mp3\">https:\/\/radioupload.fica.unsl.edu.ar\/files\/jb\/bel%C3%A9n11-11-24.mp3<\/a><\/audio>\n<p>Por eso -remarc\u00f3- el financiamiento adecuado a las universidades p\u00fablicas \u201cno es un lujo\u201d, es una necesidad urgente \u201cpara que nuestras universidades puedan seguir siendo espacios de excelencia, accesibilidad y pluralismo\u201d.<\/p>\n<p>Tal como se hab\u00eda organizado y anunciado a trav\u00e9s de los canales de comunicaci\u00f3n que tiene la Asamblea Interclaustro, las bandas tocaron. Underboi, Napa Surfers, Arrancadores y Las Violetas fueron los grupos que respondieron a la convocatoria y se sumaron al Festival con sus recitales. Tambi\u00e9n lo hicieron del ballet de danzas de la UNA y la siempre comprometida presencia de docentes y artistas, entre otras intervenciones. La conducci\u00f3n estuvo a cargo de tres integrantes de la Interclaustro: Marisa Sandoval, Virginia D\u00edaz y Andr\u00e9s Policino.<\/p>\n<p><strong>El arte y la alegr\u00eda para seguir construyendo esperanza<\/strong><\/p>\n<p>Esther Contreras y Milagros Ledesma, integrantes del Centro de Estudiantes de la Facultad de Ciencias Econ\u00f3micas, Jur\u00eddicas y Sociales, tuvieron una participaci\u00f3n activa en el Festival por la defensa de la educaci\u00f3n.<\/p>\n<audio class=\"wp-audio-shortcode\" id=\"audio-2532-3\" preload=\"none\" style=\"width: 100%;\" controls=\"controls\"><source type=\"audio\/mpeg\" src=\"https:\/\/radioupload.fica.unsl.edu.ar\/files\/jb\/esther11-11-24.mp3?_=3\" \/><a href=\"https:\/\/radioupload.fica.unsl.edu.ar\/files\/jb\/esther11-11-24.mp3\">https:\/\/radioupload.fica.unsl.edu.ar\/files\/jb\/esther11-11-24.mp3<\/a><\/audio>\n<p>Esther, secretaria gremial del Centro, agradeci\u00f3 a quienes organizaron el festival porque \u201cle pusieron el esfuerzo y el cuerpo\u201d para que fuera posible \u201cm\u00e1s a\u00fan en estos momentos de tanto ataque a nuestra universidad, de tanto discurso de odio, hacer un espacio como este, organizarnos a trav\u00e9s del arte y la alegr\u00eda, es una forma de seguir construyendo la esperanza\u201d.<\/p>\n<p>La joven se\u00f1al\u00f3 que su compromiso con la defensa de la educaci\u00f3n p\u00fablica es porque quieren una sociedad m\u00e1s justa, inclusiva y comprometida con la necesidad de la gente. \u201cComo estudiantes venimos sintiendo fuertemente los efectos de los recortes y la falta de recursos. Pero tambi\u00e9n venimos organiz\u00e1ndonos desde el principio y poni\u00e9ndole el cuerpo a esta lucha tan importante, porque entendemos que cuando luchamos por nuestra educaci\u00f3n estamos luchando por el futuro de todes\u201d.<\/p>\n<p>El festival, adem\u00e1s de construir esperanza, \u201ces una forma de movilizarnos y seguir visibilizando nuestra lucha. Celebramos que estamos sacando la universidad de las aulas, del campus, con m\u00fasica, arte y cultura\u2026Estamos demostrando que la defensa de la educaci\u00f3n no es solo una obligaci\u00f3n, sino una causa que nos da orgullo y esperanza\u201d.<\/p>\n<p><strong>\u201cEstos encuentros son importantes para fortalecer la lucha\u201d<\/strong><\/p>\n<p>Mar\u00eda Salas, de la comisi\u00f3n directiva del Sindicato de Docentes e Investigadores Universitarios de la UNSL (SIDIU), destac\u00f3 las formas de sostener la lucha a trav\u00e9s de encuentros y actividades \u201cque nos fortalezcan y nos preparen\u201d para defender la educaci\u00f3n p\u00fablica y, en especial, la universidad \u201cporque este gobierno la ha colocado en una situaci\u00f3n de vulnerabilidad\u201d.<\/p>\n<audio class=\"wp-audio-shortcode\" id=\"audio-2532-4\" preload=\"none\" style=\"width: 100%;\" controls=\"controls\"><source type=\"audio\/mpeg\" src=\"https:\/\/radioupload.fica.unsl.edu.ar\/files\/jb\/salas11-11-24.mp3?_=4\" \/><a href=\"https:\/\/radioupload.fica.unsl.edu.ar\/files\/jb\/salas11-11-24.mp3\">https:\/\/radioupload.fica.unsl.edu.ar\/files\/jb\/salas11-11-24.mp3<\/a><\/audio>\n<p>Para esta lucha \u201cdebemos encolumnamos docentes, estudiantes, nodocentes y los diferentes gremios\u201d, resalt\u00f3.<\/p>\n<p>Salas se\u00f1al\u00f3 que tambi\u00e9n es importante acompa\u00f1ar los pedidos que distintos sectores gremiales y docentes hicieron llegar ante el Consejo Superior de la UNSL para declarar persona no grata a los diputados nacionales por San Luis Alberto Arancibia Rodr\u00edguez y Carlos Gonz\u00e1lez D\u2019Alessandro, de La Libertad Avanza, y Karina Bachey, del PRO, que apoyaron el veto del presidente Milei que desfinancia a las universidades. \u201cNo los tenemos que olvidar porque van a producir un da\u00f1o muy importante en el presupuesto de la universidad para 2025\u201d, advirti\u00f3.<\/p>\n<p>Est\u00e1 previsto que los pedidos vinculados con los legisladores nacionales sean tratados en la sesi\u00f3n ordinaria que tendr\u00e1 el Consejo Directivo el pr\u00f3ximo martes 13 de noviembre.<\/p>\n<p><strong>\u201cCelebramos poder encontrarnos en este espacio\u201d<\/strong><\/p>\n<p>Viviana Mercado, secretaria general de la Asociaci\u00f3n Docentes Universitarios (ADU), agradeci\u00f3 a quienes organizaron al festival por la posibilidad de \u201cencontrarnos en este espacio, en medio de tanto ataque a la cultura que se ve avasallada y denigrada. Estar ac\u00e1 es un motivo de festejo\u201d.<\/p>\n<audio class=\"wp-audio-shortcode\" id=\"audio-2532-5\" preload=\"none\" style=\"width: 100%;\" controls=\"controls\"><source type=\"audio\/mpeg\" src=\"https:\/\/radioupload.fica.unsl.edu.ar\/files\/jb\/mercado11-11-24.mp3?_=5\" \/><a href=\"https:\/\/radioupload.fica.unsl.edu.ar\/files\/jb\/mercado11-11-24.mp3\">https:\/\/radioupload.fica.unsl.edu.ar\/files\/jb\/mercado11-11-24.mp3<\/a><\/audio>\n<p>Sostuvo que la defensa de la educaci\u00f3n p\u00fablica y la recomposici\u00f3n salarial van de la mano y es un proceso largo. El desfinanciamiento en todos los aspectos de la vida universitaria implica \u201cuna muerte lenta\u201d de las universidades, para llevarlas \u201cal arancelamiento y, encima, usando nuestros edificios\u2026\u201d.<\/p>\n<p>\u201cAprovechemos estos espacios para fortalecer nuestros lazos, porque tanta lucha que venimos llevando desde diciembre, marchas, tomas y paros habla a las claras de una crisis provocada por un gobierno que insiste en el desfinanciamiento para ahogar a las universidades y llevar a precarizaci\u00f3n de los docentes, muchos de los cuales cobran por debajo de la l\u00ednea de pobreza\u201d, a\u00f1adi\u00f3.<\/p>\n<p>Ya en el cierre del Festival hablaron el estudiante de Trabajo Social, Enrique Otero, los docentes Claudia Ferreyra y Pablo Torres y se exhibi\u00f3 un video realizado por la estudiante Julieta Bertolini que recorre momentos de la lucha universitaria en el Centro Villa Mercedes, para culminar con la presentaci\u00f3n de Las Violetas.<\/p>\n<p><img fetchpriority=\"high\" decoding=\"async\" class=\"alignnone wp-image-2534\" src=\"http:\/\/radio.fcejs.unsl.edu.ar\/wp-content\/uploads\/2024\/11\/festi4-300x195.jpg\" alt=\"\" width=\"635\" height=\"413\" srcset=\"https:\/\/radio.fcejs.unsl.edu.ar\/wp-content\/uploads\/2024\/11\/festi4-300x195.jpg 300w, https:\/\/radio.fcejs.unsl.edu.ar\/wp-content\/uploads\/2024\/11\/festi4-768x499.jpg 768w, https:\/\/radio.fcejs.unsl.edu.ar\/wp-content\/uploads\/2024\/11\/festi4.jpg 1000w\" sizes=\"(max-width: 635px) 100vw, 635px\" \/><img decoding=\"async\" class=\"alignnone wp-image-2535\" src=\"http:\/\/radio.fcejs.unsl.edu.ar\/wp-content\/uploads\/2024\/11\/festi3-300x225.jpg\" alt=\"\" width=\"631\" height=\"473\" srcset=\"https:\/\/radio.fcejs.unsl.edu.ar\/wp-content\/uploads\/2024\/11\/festi3-300x225.jpg 300w, https:\/\/radio.fcejs.unsl.edu.ar\/wp-content\/uploads\/2024\/11\/festi3-768x576.jpg 768w, https:\/\/radio.fcejs.unsl.edu.ar\/wp-content\/uploads\/2024\/11\/festi3.jpg 1000w\" sizes=\"(max-width: 631px) 100vw, 631px\" \/><img decoding=\"async\" class=\"alignnone wp-image-2536\" src=\"http:\/\/radio.fcejs.unsl.edu.ar\/wp-content\/uploads\/2024\/11\/festi2-300x225.jpg\" alt=\"\" width=\"628\" height=\"471\" srcset=\"https:\/\/radio.fcejs.unsl.edu.ar\/wp-content\/uploads\/2024\/11\/festi2-300x225.jpg 300w, https:\/\/radio.fcejs.unsl.edu.ar\/wp-content\/uploads\/2024\/11\/festi2-768x576.jpg 768w, https:\/\/radio.fcejs.unsl.edu.ar\/wp-content\/uploads\/2024\/11\/festi2.jpg 1000w\" sizes=\"(max-width: 628px) 100vw, 628px\" \/><img loading=\"lazy\" decoding=\"async\" class=\"alignnone wp-image-2538\" src=\"http:\/\/radio.fcejs.unsl.edu.ar\/wp-content\/uploads\/2024\/11\/conductores-300x261.jpg\" alt=\"\" width=\"626\" height=\"545\" srcset=\"https:\/\/radio.fcejs.unsl.edu.ar\/wp-content\/uploads\/2024\/11\/conductores-300x261.jpg 300w, https:\/\/radio.fcejs.unsl.edu.ar\/wp-content\/uploads\/2024\/11\/conductores.jpg 320w\" sizes=\"(max-width: 626px) 100vw, 626px\" \/><img loading=\"lazy\" decoding=\"async\" class=\"alignnone wp-image-2537\" src=\"http:\/\/radio.fcejs.unsl.edu.ar\/wp-content\/uploads\/2024\/11\/festi1-300x225.jpg\" alt=\"\" width=\"623\" height=\"467\" srcset=\"https:\/\/radio.fcejs.unsl.edu.ar\/wp-content\/uploads\/2024\/11\/festi1-300x225.jpg 300w, https:\/\/radio.fcejs.unsl.edu.ar\/wp-content\/uploads\/2024\/11\/festi1-768x576.jpg 768w, https:\/\/radio.fcejs.unsl.edu.ar\/wp-content\/uploads\/2024\/11\/festi1.jpg 1000w\" sizes=\"(max-width: 623px) 100vw, 623px\" \/><\/p>\n","protected":false},"excerpt":{"rendered":"<p>No se vende, se defiende. Esta vez fue con m\u00fasica y con arte en la plaza. As\u00ed se vivi\u00f3 el Festival del viernes, que organiz\u00f3 la Interclaustro del Centro Universitario Villa Mercedes para hacer m\u00e1s visible la lucha por la educaci\u00f3n, la universidad p\u00fablica, gratuita e inclusiva. Bajo una tarde noche c\u00e1lida, la plaza San&#8230;<\/p>\n","protected":false},"author":2,"featured_media":2533,"comment_status":"closed","ping_status":"closed","sticky":false,"template":"","format":"standard","meta":{"_kad_post_transparent":"","_kad_post_title":"","_kad_post_layout":"","_kad_post_sidebar_id":"","_kad_post_content_style":"","_kad_post_vertical_padding":"","_kad_post_feature":"","_kad_post_feature_position":"","_kad_post_header":false,"_kad_post_footer":false,"_kad_post_classname":"","footnotes":""},"categories":[9,14],"tags":[],"class_list":["post-2532","post","type-post","status-publish","format-standard","has-post-thumbnail","hentry","category-destacada","category-entrevistas"],"yoast_head":"<!-- This site is optimized with the Yoast SEO plugin v27.2 - https:\/\/yoast.com\/product\/yoast-seo-wordpress\/ -->\n<title>Con m\u00fasica y arte la lucha universitaria sali\u00f3 a la plaza - Radio Universidad Villa Mercedes 97.5 | UNSL<\/title>\n<meta name=\"robots\" content=\"index, follow, max-snippet:-1, max-image-preview:large, max-video-preview:-1\" \/>\n<link rel=\"canonical\" href=\"https:\/\/radio.fcejs.unsl.edu.ar\/index.php\/con-musica-y-arte-la-lucha-universitaria-salio-a-la-plaza\/\" \/>\n<meta property=\"og:locale\" content=\"es_ES\" \/>\n<meta property=\"og:type\" content=\"article\" \/>\n<meta property=\"og:title\" content=\"Con m\u00fasica y arte la lucha universitaria sali\u00f3 a la plaza - Radio Universidad Villa Mercedes 97.5 | UNSL\" \/>\n<meta property=\"og:description\" content=\"No se vende, se defiende. Esta vez fue con m\u00fasica y con arte en la plaza. As\u00ed se vivi\u00f3 el Festival del viernes, que organiz\u00f3 la Interclaustro del Centro Universitario Villa Mercedes para hacer m\u00e1s visible la lucha por la educaci\u00f3n, la universidad p\u00fablica, gratuita e inclusiva. Bajo una tarde noche c\u00e1lida, la plaza San...\" \/>\n<meta property=\"og:url\" content=\"https:\/\/radio.fcejs.unsl.edu.ar\/index.php\/con-musica-y-arte-la-lucha-universitaria-salio-a-la-plaza\/\" \/>\n<meta property=\"og:site_name\" content=\"Radio Universidad Villa Mercedes 97.5 | UNSL\" \/>\n<meta property=\"article:published_time\" content=\"2024-11-11T10:41:46+00:00\" \/>\n<meta property=\"article:modified_time\" content=\"2024-11-11T10:47:35+00:00\" \/>\n<meta property=\"og:image\" content=\"https:\/\/radio.fcejs.unsl.edu.ar\/wp-content\/uploads\/2024\/11\/festi09-11-24.jpg\" \/>\n\t<meta property=\"og:image:width\" content=\"1000\" \/>\n\t<meta property=\"og:image:height\" content=\"750\" \/>\n\t<meta property=\"og:image:type\" content=\"image\/jpeg\" \/>\n<meta name=\"author\" content=\"Redaccion Radio\" \/>\n<meta name=\"twitter:card\" content=\"summary_large_image\" \/>\n<meta name=\"twitter:label1\" content=\"Escrito por\" \/>\n\t<meta name=\"twitter:data1\" content=\"Redaccion Radio\" \/>\n\t<meta name=\"twitter:label2\" content=\"Tiempo de lectura\" \/>\n\t<meta name=\"twitter:data2\" content=\"6 minutos\" \/>\n<script type=\"application\/ld+json\" class=\"yoast-schema-graph\">{\"@context\":\"https:\/\/schema.org\",\"@graph\":[{\"@type\":\"Article\",\"@id\":\"https:\/\/radio.fcejs.unsl.edu.ar\/index.php\/con-musica-y-arte-la-lucha-universitaria-salio-a-la-plaza\/#article\",\"isPartOf\":{\"@id\":\"https:\/\/radio.fcejs.unsl.edu.ar\/index.php\/con-musica-y-arte-la-lucha-universitaria-salio-a-la-plaza\/\"},\"author\":{\"name\":\"Redaccion Radio\",\"@id\":\"https:\/\/radio.fcejs.unsl.edu.ar\/#\/schema\/person\/17e27260a1b995c2bd3a5989077ba3fb\"},\"headline\":\"Con m\u00fasica y arte la lucha universitaria sali\u00f3 a la plaza\",\"datePublished\":\"2024-11-11T10:41:46+00:00\",\"dateModified\":\"2024-11-11T10:47:35+00:00\",\"mainEntityOfPage\":{\"@id\":\"https:\/\/radio.fcejs.unsl.edu.ar\/index.php\/con-musica-y-arte-la-lucha-universitaria-salio-a-la-plaza\/\"},\"wordCount\":1144,\"publisher\":{\"@id\":\"https:\/\/radio.fcejs.unsl.edu.ar\/#organization\"},\"image\":{\"@id\":\"https:\/\/radio.fcejs.unsl.edu.ar\/index.php\/con-musica-y-arte-la-lucha-universitaria-salio-a-la-plaza\/#primaryimage\"},\"thumbnailUrl\":\"https:\/\/radio.fcejs.unsl.edu.ar\/wp-content\/uploads\/2024\/11\/festi09-11-24.jpg\",\"articleSection\":[\"Destacada\",\"Entrevistas\"],\"inLanguage\":\"es-AR\"},{\"@type\":\"WebPage\",\"@id\":\"https:\/\/radio.fcejs.unsl.edu.ar\/index.php\/con-musica-y-arte-la-lucha-universitaria-salio-a-la-plaza\/\",\"url\":\"https:\/\/radio.fcejs.unsl.edu.ar\/index.php\/con-musica-y-arte-la-lucha-universitaria-salio-a-la-plaza\/\",\"name\":\"Con m\u00fasica y arte la lucha universitaria sali\u00f3 a la plaza - Radio Universidad Villa Mercedes 97.5 | UNSL\",\"isPartOf\":{\"@id\":\"https:\/\/radio.fcejs.unsl.edu.ar\/#website\"},\"primaryImageOfPage\":{\"@id\":\"https:\/\/radio.fcejs.unsl.edu.ar\/index.php\/con-musica-y-arte-la-lucha-universitaria-salio-a-la-plaza\/#primaryimage\"},\"image\":{\"@id\":\"https:\/\/radio.fcejs.unsl.edu.ar\/index.php\/con-musica-y-arte-la-lucha-universitaria-salio-a-la-plaza\/#primaryimage\"},\"thumbnailUrl\":\"https:\/\/radio.fcejs.unsl.edu.ar\/wp-content\/uploads\/2024\/11\/festi09-11-24.jpg\",\"datePublished\":\"2024-11-11T10:41:46+00:00\",\"dateModified\":\"2024-11-11T10:47:35+00:00\",\"breadcrumb\":{\"@id\":\"https:\/\/radio.fcejs.unsl.edu.ar\/index.php\/con-musica-y-arte-la-lucha-universitaria-salio-a-la-plaza\/#breadcrumb\"},\"inLanguage\":\"es-AR\",\"potentialAction\":[{\"@type\":\"ReadAction\",\"target\":[\"https:\/\/radio.fcejs.unsl.edu.ar\/index.php\/con-musica-y-arte-la-lucha-universitaria-salio-a-la-plaza\/\"]}]},{\"@type\":\"ImageObject\",\"inLanguage\":\"es-AR\",\"@id\":\"https:\/\/radio.fcejs.unsl.edu.ar\/index.php\/con-musica-y-arte-la-lucha-universitaria-salio-a-la-plaza\/#primaryimage\",\"url\":\"https:\/\/radio.fcejs.unsl.edu.ar\/wp-content\/uploads\/2024\/11\/festi09-11-24.jpg\",\"contentUrl\":\"https:\/\/radio.fcejs.unsl.edu.ar\/wp-content\/uploads\/2024\/11\/festi09-11-24.jpg\",\"width\":1000,\"height\":750},{\"@type\":\"BreadcrumbList\",\"@id\":\"https:\/\/radio.fcejs.unsl.edu.ar\/index.php\/con-musica-y-arte-la-lucha-universitaria-salio-a-la-plaza\/#breadcrumb\",\"itemListElement\":[{\"@type\":\"ListItem\",\"position\":1,\"name\":\"Inicio\",\"item\":\"https:\/\/radio.fcejs.unsl.edu.ar\/\"},{\"@type\":\"ListItem\",\"position\":2,\"name\":\"Con m\u00fasica y arte la lucha universitaria sali\u00f3 a la plaza\"}]},{\"@type\":\"WebSite\",\"@id\":\"https:\/\/radio.fcejs.unsl.edu.ar\/#website\",\"url\":\"https:\/\/radio.fcejs.unsl.edu.ar\/\",\"name\":\"Radio Universidad Villa Mercedes 97.5 | UNSL\",\"description\":\"UNSL\",\"publisher\":{\"@id\":\"https:\/\/radio.fcejs.unsl.edu.ar\/#organization\"},\"potentialAction\":[{\"@type\":\"SearchAction\",\"target\":{\"@type\":\"EntryPoint\",\"urlTemplate\":\"https:\/\/radio.fcejs.unsl.edu.ar\/?s={search_term_string}\"},\"query-input\":{\"@type\":\"PropertyValueSpecification\",\"valueRequired\":true,\"valueName\":\"search_term_string\"}}],\"inLanguage\":\"es-AR\"},{\"@type\":\"Organization\",\"@id\":\"https:\/\/radio.fcejs.unsl.edu.ar\/#organization\",\"name\":\"Radio Universidad Villa Mercedes 97.5 | UNSL\",\"url\":\"https:\/\/radio.fcejs.unsl.edu.ar\/\",\"logo\":{\"@type\":\"ImageObject\",\"inLanguage\":\"es-AR\",\"@id\":\"https:\/\/radio.fcejs.unsl.edu.ar\/#\/schema\/logo\/image\/\",\"url\":\"https:\/\/radio.fcejs.unsl.edu.ar\/wp-content\/uploads\/2023\/12\/cropped-radio-villa-mercedes-97-5.png\",\"contentUrl\":\"https:\/\/radio.fcejs.unsl.edu.ar\/wp-content\/uploads\/2023\/12\/cropped-radio-villa-mercedes-97-5.png\",\"width\":908,\"height\":289,\"caption\":\"Radio Universidad Villa Mercedes 97.5 | UNSL\"},\"image\":{\"@id\":\"https:\/\/radio.fcejs.unsl.edu.ar\/#\/schema\/logo\/image\/\"}},{\"@type\":\"Person\",\"@id\":\"https:\/\/radio.fcejs.unsl.edu.ar\/#\/schema\/person\/17e27260a1b995c2bd3a5989077ba3fb\",\"name\":\"Redaccion Radio\",\"url\":\"https:\/\/radio.fcejs.unsl.edu.ar\/index.php\/author\/radio_redaccion_fcejs\/\"}]}<\/script>\n<!-- \/ Yoast SEO plugin. -->","yoast_head_json":{"title":"Con m\u00fasica y arte la lucha universitaria sali\u00f3 a la plaza - Radio Universidad Villa Mercedes 97.5 | UNSL","robots":{"index":"index","follow":"follow","max-snippet":"max-snippet:-1","max-image-preview":"max-image-preview:large","max-video-preview":"max-video-preview:-1"},"canonical":"https:\/\/radio.fcejs.unsl.edu.ar\/index.php\/con-musica-y-arte-la-lucha-universitaria-salio-a-la-plaza\/","og_locale":"es_ES","og_type":"article","og_title":"Con m\u00fasica y arte la lucha universitaria sali\u00f3 a la plaza - Radio Universidad Villa Mercedes 97.5 | UNSL","og_description":"No se vende, se defiende. Esta vez fue con m\u00fasica y con arte en la plaza. As\u00ed se vivi\u00f3 el Festival del viernes, que organiz\u00f3 la Interclaustro del Centro Universitario Villa Mercedes para hacer m\u00e1s visible la lucha por la educaci\u00f3n, la universidad p\u00fablica, gratuita e inclusiva. Bajo una tarde noche c\u00e1lida, la plaza San...","og_url":"https:\/\/radio.fcejs.unsl.edu.ar\/index.php\/con-musica-y-arte-la-lucha-universitaria-salio-a-la-plaza\/","og_site_name":"Radio Universidad Villa Mercedes 97.5 | UNSL","article_published_time":"2024-11-11T10:41:46+00:00","article_modified_time":"2024-11-11T10:47:35+00:00","og_image":[{"width":1000,"height":750,"url":"https:\/\/radio.fcejs.unsl.edu.ar\/wp-content\/uploads\/2024\/11\/festi09-11-24.jpg","type":"image\/jpeg"}],"author":"Redaccion Radio","twitter_card":"summary_large_image","twitter_misc":{"Escrito por":"Redaccion Radio","Tiempo de lectura":"6 minutos"},"schema":{"@context":"https:\/\/schema.org","@graph":[{"@type":"Article","@id":"https:\/\/radio.fcejs.unsl.edu.ar\/index.php\/con-musica-y-arte-la-lucha-universitaria-salio-a-la-plaza\/#article","isPartOf":{"@id":"https:\/\/radio.fcejs.unsl.edu.ar\/index.php\/con-musica-y-arte-la-lucha-universitaria-salio-a-la-plaza\/"},"author":{"name":"Redaccion Radio","@id":"https:\/\/radio.fcejs.unsl.edu.ar\/#\/schema\/person\/17e27260a1b995c2bd3a5989077ba3fb"},"headline":"Con m\u00fasica y arte la lucha universitaria sali\u00f3 a la plaza","datePublished":"2024-11-11T10:41:46+00:00","dateModified":"2024-11-11T10:47:35+00:00","mainEntityOfPage":{"@id":"https:\/\/radio.fcejs.unsl.edu.ar\/index.php\/con-musica-y-arte-la-lucha-universitaria-salio-a-la-plaza\/"},"wordCount":1144,"publisher":{"@id":"https:\/\/radio.fcejs.unsl.edu.ar\/#organization"},"image":{"@id":"https:\/\/radio.fcejs.unsl.edu.ar\/index.php\/con-musica-y-arte-la-lucha-universitaria-salio-a-la-plaza\/#primaryimage"},"thumbnailUrl":"https:\/\/radio.fcejs.unsl.edu.ar\/wp-content\/uploads\/2024\/11\/festi09-11-24.jpg","articleSection":["Destacada","Entrevistas"],"inLanguage":"es-AR"},{"@type":"WebPage","@id":"https:\/\/radio.fcejs.unsl.edu.ar\/index.php\/con-musica-y-arte-la-lucha-universitaria-salio-a-la-plaza\/","url":"https:\/\/radio.fcejs.unsl.edu.ar\/index.php\/con-musica-y-arte-la-lucha-universitaria-salio-a-la-plaza\/","name":"Con m\u00fasica y arte la lucha universitaria sali\u00f3 a la plaza - Radio Universidad Villa Mercedes 97.5 | UNSL","isPartOf":{"@id":"https:\/\/radio.fcejs.unsl.edu.ar\/#website"},"primaryImageOfPage":{"@id":"https:\/\/radio.fcejs.unsl.edu.ar\/index.php\/con-musica-y-arte-la-lucha-universitaria-salio-a-la-plaza\/#primaryimage"},"image":{"@id":"https:\/\/radio.fcejs.unsl.edu.ar\/index.php\/con-musica-y-arte-la-lucha-universitaria-salio-a-la-plaza\/#primaryimage"},"thumbnailUrl":"https:\/\/radio.fcejs.unsl.edu.ar\/wp-content\/uploads\/2024\/11\/festi09-11-24.jpg","datePublished":"2024-11-11T10:41:46+00:00","dateModified":"2024-11-11T10:47:35+00:00","breadcrumb":{"@id":"https:\/\/radio.fcejs.unsl.edu.ar\/index.php\/con-musica-y-arte-la-lucha-universitaria-salio-a-la-plaza\/#breadcrumb"},"inLanguage":"es-AR","potentialAction":[{"@type":"ReadAction","target":["https:\/\/radio.fcejs.unsl.edu.ar\/index.php\/con-musica-y-arte-la-lucha-universitaria-salio-a-la-plaza\/"]}]},{"@type":"ImageObject","inLanguage":"es-AR","@id":"https:\/\/radio.fcejs.unsl.edu.ar\/index.php\/con-musica-y-arte-la-lucha-universitaria-salio-a-la-plaza\/#primaryimage","url":"https:\/\/radio.fcejs.unsl.edu.ar\/wp-content\/uploads\/2024\/11\/festi09-11-24.jpg","contentUrl":"https:\/\/radio.fcejs.unsl.edu.ar\/wp-content\/uploads\/2024\/11\/festi09-11-24.jpg","width":1000,"height":750},{"@type":"BreadcrumbList","@id":"https:\/\/radio.fcejs.unsl.edu.ar\/index.php\/con-musica-y-arte-la-lucha-universitaria-salio-a-la-plaza\/#breadcrumb","itemListElement":[{"@type":"ListItem","position":1,"name":"Inicio","item":"https:\/\/radio.fcejs.unsl.edu.ar\/"},{"@type":"ListItem","position":2,"name":"Con m\u00fasica y arte la lucha universitaria sali\u00f3 a la plaza"}]},{"@type":"WebSite","@id":"https:\/\/radio.fcejs.unsl.edu.ar\/#website","url":"https:\/\/radio.fcejs.unsl.edu.ar\/","name":"Radio Universidad Villa Mercedes 97.5 | UNSL","description":"UNSL","publisher":{"@id":"https:\/\/radio.fcejs.unsl.edu.ar\/#organization"},"potentialAction":[{"@type":"SearchAction","target":{"@type":"EntryPoint","urlTemplate":"https:\/\/radio.fcejs.unsl.edu.ar\/?s={search_term_string}"},"query-input":{"@type":"PropertyValueSpecification","valueRequired":true,"valueName":"search_term_string"}}],"inLanguage":"es-AR"},{"@type":"Organization","@id":"https:\/\/radio.fcejs.unsl.edu.ar\/#organization","name":"Radio Universidad Villa Mercedes 97.5 | UNSL","url":"https:\/\/radio.fcejs.unsl.edu.ar\/","logo":{"@type":"ImageObject","inLanguage":"es-AR","@id":"https:\/\/radio.fcejs.unsl.edu.ar\/#\/schema\/logo\/image\/","url":"https:\/\/radio.fcejs.unsl.edu.ar\/wp-content\/uploads\/2023\/12\/cropped-radio-villa-mercedes-97-5.png","contentUrl":"https:\/\/radio.fcejs.unsl.edu.ar\/wp-content\/uploads\/2023\/12\/cropped-radio-villa-mercedes-97-5.png","width":908,"height":289,"caption":"Radio Universidad Villa Mercedes 97.5 | UNSL"},"image":{"@id":"https:\/\/radio.fcejs.unsl.edu.ar\/#\/schema\/logo\/image\/"}},{"@type":"Person","@id":"https:\/\/radio.fcejs.unsl.edu.ar\/#\/schema\/person\/17e27260a1b995c2bd3a5989077ba3fb","name":"Redaccion Radio","url":"https:\/\/radio.fcejs.unsl.edu.ar\/index.php\/author\/radio_redaccion_fcejs\/"}]}},"_links":{"self":[{"href":"https:\/\/radio.fcejs.unsl.edu.ar\/index.php\/wp-json\/wp\/v2\/posts\/2532","targetHints":{"allow":["GET"]}}],"collection":[{"href":"https:\/\/radio.fcejs.unsl.edu.ar\/index.php\/wp-json\/wp\/v2\/posts"}],"about":[{"href":"https:\/\/radio.fcejs.unsl.edu.ar\/index.php\/wp-json\/wp\/v2\/types\/post"}],"author":[{"embeddable":true,"href":"https:\/\/radio.fcejs.unsl.edu.ar\/index.php\/wp-json\/wp\/v2\/users\/2"}],"replies":[{"embeddable":true,"href":"https:\/\/radio.fcejs.unsl.edu.ar\/index.php\/wp-json\/wp\/v2\/comments?post=2532"}],"version-history":[{"count":5,"href":"https:\/\/radio.fcejs.unsl.edu.ar\/index.php\/wp-json\/wp\/v2\/posts\/2532\/revisions"}],"predecessor-version":[{"id":2543,"href":"https:\/\/radio.fcejs.unsl.edu.ar\/index.php\/wp-json\/wp\/v2\/posts\/2532\/revisions\/2543"}],"wp:featuredmedia":[{"embeddable":true,"href":"https:\/\/radio.fcejs.unsl.edu.ar\/index.php\/wp-json\/wp\/v2\/media\/2533"}],"wp:attachment":[{"href":"https:\/\/radio.fcejs.unsl.edu.ar\/index.php\/wp-json\/wp\/v2\/media?parent=2532"}],"wp:term":[{"taxonomy":"category","embeddable":true,"href":"https:\/\/radio.fcejs.unsl.edu.ar\/index.php\/wp-json\/wp\/v2\/categories?post=2532"},{"taxonomy":"post_tag","embeddable":true,"href":"https:\/\/radio.fcejs.unsl.edu.ar\/index.php\/wp-json\/wp\/v2\/tags?post=2532"}],"curies":[{"name":"wp","href":"https:\/\/api.w.org\/{rel}","templated":true}]}}