{"id":2170,"date":"2024-05-29T19:20:12","date_gmt":"2024-05-29T22:20:12","guid":{"rendered":"https:\/\/radio.fcejs.unsl.edu.ar\/?p=2170"},"modified":"2024-05-29T19:20:12","modified_gmt":"2024-05-29T22:20:12","slug":"la-vivienda-le-permite-al-ser-humano-tener-un-lugar-en-el-mundo-del-cual-partir-al-mundo","status":"publish","type":"post","link":"https:\/\/radio.fcejs.unsl.edu.ar\/index.php\/la-vivienda-le-permite-al-ser-humano-tener-un-lugar-en-el-mundo-del-cual-partir-al-mundo\/","title":{"rendered":"\u201cLa vivienda le permite al ser humano tener un lugar en el mundo, del cual partir al mundo\u201d"},"content":{"rendered":"<p>La Mag. Gabriela Calvo, abogada y docente de la FCEJS, es directora del proyecto de Investigaci\u00f3n denominado DERECHOS HUMANOS Y VIVIENDA: La protecci\u00f3n de la vivienda a la luz del paradigma social de la propiedad como garant\u00eda de una tutela efectiva en el ordenamiento jur\u00eddico argentino.<\/p>\n<p>En una entrevista con radio UNSL-VM, la docente, nos brind\u00f3 detalles acerca de la investigaci\u00f3n que se lleva a cabo desde el proyecto, que propone una mirada distinta sobre el acceso a la vivienda, teniendo en cuenta un enfoque social, pero desde lo jur\u00eddico, y que nos permite entender a la vivienda, no solamente como un derecho privado, sino tambi\u00e9n como un Derecho Humano.<\/p>\n<p>\u201cEn realidad todo empez\u00f3 en un proyecto anterior, en el que analiz\u00e1bamos algunas herramientas legales de protecci\u00f3n a la vivienda. Claramente nosotros estuvimos analizando la figura de la prescripci\u00f3n adquisitiva\u2026 y lo que en realidad nos interesaba era saber si esta figura proteg\u00eda o no a la vivienda\u201d\u2026-\u00a0 \u201cLa mirada del poseedor, y de la necesidad habitacional del poseedor, es lo que nos motiv\u00f3 a nosotros a empezar las investigaciones en vivienda\u201d, dijo Calvo al referirse a\u00a0sobre c\u00f3mo se propusieron el tema de investigaci\u00f3n.<\/p>\n<p>El proyecto cuenta con la participaci\u00f3n de profesionales de distintas ramas: \u201cEl derecho no puede ser analizado s\u00f3lo desde la norma, y los abogados podemos analizar desde la norma. El derecho tiene que ser analizado teniendo en cuenta la realidad, teniendo una mirada desde lo social. Teniendo en cuenta los valores, y en esto hablo desde la mirada axiol\u00f3gica: La Justicia es un valor\u201d,\u00a0 dijo la docente al referirse al equipo de investigadores.<\/p>\n<audio class=\"wp-audio-shortcode\" id=\"audio-2170-1\" preload=\"none\" style=\"width: 100%;\" controls=\"controls\"><source type=\"audio\/mpeg\" src=\"https:\/\/radioupload.fica.unsl.edu.ar\/files\/jb\/Dra%20Calvo%20S%20Acceso%20a%20la%20Vivienda%20DDHH%20listo%20para%20subir.mp3?_=1\" \/><a href=\"https:\/\/radioupload.fica.unsl.edu.ar\/files\/jb\/Dra%20Calvo%20S%20Acceso%20a%20la%20Vivienda%20DDHH%20listo%20para%20subir.mp3\">https:\/\/radioupload.fica.unsl.edu.ar\/files\/jb\/Dra%20Calvo%20S%20Acceso%20a%20la%20Vivienda%20DDHH%20listo%20para%20subir.mp3<\/a><\/audio>\n<p>&nbsp;<\/p>\n<p>Entrevista: Virginia Aguilera- Radio Universidad Villa Mercedes<\/p>\n<p>&nbsp;<\/p>\n","protected":false},"excerpt":{"rendered":"<p>La Mag. Gabriela Calvo, abogada y docente de la FCEJS, es directora del proyecto de Investigaci\u00f3n denominado DERECHOS HUMANOS Y VIVIENDA: La protecci\u00f3n de la vivienda a la luz del paradigma social de la propiedad como garant\u00eda de una tutela efectiva en el ordenamiento jur\u00eddico argentino. En una entrevista con radio UNSL-VM, la docente, nos&#8230;<\/p>\n","protected":false},"author":5,"featured_media":2171,"comment_status":"closed","ping_status":"closed","sticky":false,"template":"","format":"standard","meta":{"_kad_post_transparent":"","_kad_post_title":"","_kad_post_layout":"","_kad_post_sidebar_id":"","_kad_post_content_style":"","_kad_post_vertical_padding":"","_kad_post_feature":"","_kad_post_feature_position":"","_kad_post_header":false,"_kad_post_footer":false,"_kad_post_classname":"","footnotes":""},"categories":[14],"tags":[],"class_list":["post-2170","post","type-post","status-publish","format-standard","has-post-thumbnail","hentry","category-entrevistas"],"yoast_head":"<!-- This site is optimized with the Yoast SEO plugin v27.2 - https:\/\/yoast.com\/product\/yoast-seo-wordpress\/ -->\n<title>\u201cLa vivienda le permite al ser humano tener un lugar en el mundo, del cual partir al mundo\u201d - Radio Universidad Villa Mercedes 97.5 | UNSL<\/title>\n<meta name=\"robots\" content=\"index, follow, max-snippet:-1, max-image-preview:large, max-video-preview:-1\" \/>\n<link rel=\"canonical\" href=\"https:\/\/radio.fcejs.unsl.edu.ar\/index.php\/la-vivienda-le-permite-al-ser-humano-tener-un-lugar-en-el-mundo-del-cual-partir-al-mundo\/\" \/>\n<meta property=\"og:locale\" content=\"es_ES\" \/>\n<meta property=\"og:type\" content=\"article\" \/>\n<meta property=\"og:title\" content=\"\u201cLa vivienda le permite al ser humano tener un lugar en el mundo, del cual partir al mundo\u201d - Radio Universidad Villa Mercedes 97.5 | UNSL\" \/>\n<meta property=\"og:description\" content=\"La Mag. Gabriela Calvo, abogada y docente de la FCEJS, es directora del proyecto de Investigaci\u00f3n denominado DERECHOS HUMANOS Y VIVIENDA: La protecci\u00f3n de la vivienda a la luz del paradigma social de la propiedad como garant\u00eda de una tutela efectiva en el ordenamiento jur\u00eddico argentino. En una entrevista con radio UNSL-VM, la docente, nos...\" \/>\n<meta property=\"og:url\" content=\"https:\/\/radio.fcejs.unsl.edu.ar\/index.php\/la-vivienda-le-permite-al-ser-humano-tener-un-lugar-en-el-mundo-del-cual-partir-al-mundo\/\" \/>\n<meta property=\"og:site_name\" content=\"Radio Universidad Villa Mercedes 97.5 | UNSL\" \/>\n<meta property=\"article:published_time\" content=\"2024-05-29T22:20:12+00:00\" \/>\n<meta property=\"og:image\" content=\"https:\/\/radio.fcejs.unsl.edu.ar\/wp-content\/uploads\/2024\/05\/Dra-Calvo-Gabriela-scaled.jpg\" \/>\n\t<meta property=\"og:image:width\" content=\"2560\" \/>\n\t<meta property=\"og:image:height\" content=\"1182\" \/>\n\t<meta property=\"og:image:type\" content=\"image\/jpeg\" \/>\n<meta name=\"author\" content=\"Virginia Aguilera\" \/>\n<meta name=\"twitter:card\" content=\"summary_large_image\" \/>\n<meta name=\"twitter:label1\" content=\"Escrito por\" \/>\n\t<meta name=\"twitter:data1\" content=\"Virginia Aguilera\" \/>\n\t<meta name=\"twitter:label2\" content=\"Tiempo de lectura\" \/>\n\t<meta name=\"twitter:data2\" content=\"2 minutos\" \/>\n<script type=\"application\/ld+json\" class=\"yoast-schema-graph\">{\"@context\":\"https:\/\/schema.org\",\"@graph\":[{\"@type\":\"Article\",\"@id\":\"https:\/\/radio.fcejs.unsl.edu.ar\/index.php\/la-vivienda-le-permite-al-ser-humano-tener-un-lugar-en-el-mundo-del-cual-partir-al-mundo\/#article\",\"isPartOf\":{\"@id\":\"https:\/\/radio.fcejs.unsl.edu.ar\/index.php\/la-vivienda-le-permite-al-ser-humano-tener-un-lugar-en-el-mundo-del-cual-partir-al-mundo\/\"},\"author\":{\"name\":\"Virginia Aguilera\",\"@id\":\"https:\/\/radio.fcejs.unsl.edu.ar\/#\/schema\/person\/71179a56ee499ac8cd4e46f865c627c7\"},\"headline\":\"\u201cLa vivienda le permite al ser humano tener un lugar en el mundo, del cual partir al mundo\u201d\",\"datePublished\":\"2024-05-29T22:20:12+00:00\",\"mainEntityOfPage\":{\"@id\":\"https:\/\/radio.fcejs.unsl.edu.ar\/index.php\/la-vivienda-le-permite-al-ser-humano-tener-un-lugar-en-el-mundo-del-cual-partir-al-mundo\/\"},\"wordCount\":334,\"publisher\":{\"@id\":\"https:\/\/radio.fcejs.unsl.edu.ar\/#organization\"},\"image\":{\"@id\":\"https:\/\/radio.fcejs.unsl.edu.ar\/index.php\/la-vivienda-le-permite-al-ser-humano-tener-un-lugar-en-el-mundo-del-cual-partir-al-mundo\/#primaryimage\"},\"thumbnailUrl\":\"https:\/\/radio.fcejs.unsl.edu.ar\/wp-content\/uploads\/2024\/05\/Dra-Calvo-Gabriela-scaled.jpg\",\"articleSection\":[\"Entrevistas\"],\"inLanguage\":\"es-AR\"},{\"@type\":\"WebPage\",\"@id\":\"https:\/\/radio.fcejs.unsl.edu.ar\/index.php\/la-vivienda-le-permite-al-ser-humano-tener-un-lugar-en-el-mundo-del-cual-partir-al-mundo\/\",\"url\":\"https:\/\/radio.fcejs.unsl.edu.ar\/index.php\/la-vivienda-le-permite-al-ser-humano-tener-un-lugar-en-el-mundo-del-cual-partir-al-mundo\/\",\"name\":\"\u201cLa vivienda le permite al ser humano tener un lugar en el mundo, del cual partir al mundo\u201d - Radio Universidad Villa Mercedes 97.5 | UNSL\",\"isPartOf\":{\"@id\":\"https:\/\/radio.fcejs.unsl.edu.ar\/#website\"},\"primaryImageOfPage\":{\"@id\":\"https:\/\/radio.fcejs.unsl.edu.ar\/index.php\/la-vivienda-le-permite-al-ser-humano-tener-un-lugar-en-el-mundo-del-cual-partir-al-mundo\/#primaryimage\"},\"image\":{\"@id\":\"https:\/\/radio.fcejs.unsl.edu.ar\/index.php\/la-vivienda-le-permite-al-ser-humano-tener-un-lugar-en-el-mundo-del-cual-partir-al-mundo\/#primaryimage\"},\"thumbnailUrl\":\"https:\/\/radio.fcejs.unsl.edu.ar\/wp-content\/uploads\/2024\/05\/Dra-Calvo-Gabriela-scaled.jpg\",\"datePublished\":\"2024-05-29T22:20:12+00:00\",\"breadcrumb\":{\"@id\":\"https:\/\/radio.fcejs.unsl.edu.ar\/index.php\/la-vivienda-le-permite-al-ser-humano-tener-un-lugar-en-el-mundo-del-cual-partir-al-mundo\/#breadcrumb\"},\"inLanguage\":\"es-AR\",\"potentialAction\":[{\"@type\":\"ReadAction\",\"target\":[\"https:\/\/radio.fcejs.unsl.edu.ar\/index.php\/la-vivienda-le-permite-al-ser-humano-tener-un-lugar-en-el-mundo-del-cual-partir-al-mundo\/\"]}]},{\"@type\":\"ImageObject\",\"inLanguage\":\"es-AR\",\"@id\":\"https:\/\/radio.fcejs.unsl.edu.ar\/index.php\/la-vivienda-le-permite-al-ser-humano-tener-un-lugar-en-el-mundo-del-cual-partir-al-mundo\/#primaryimage\",\"url\":\"https:\/\/radio.fcejs.unsl.edu.ar\/wp-content\/uploads\/2024\/05\/Dra-Calvo-Gabriela-scaled.jpg\",\"contentUrl\":\"https:\/\/radio.fcejs.unsl.edu.ar\/wp-content\/uploads\/2024\/05\/Dra-Calvo-Gabriela-scaled.jpg\",\"width\":2560,\"height\":1182},{\"@type\":\"BreadcrumbList\",\"@id\":\"https:\/\/radio.fcejs.unsl.edu.ar\/index.php\/la-vivienda-le-permite-al-ser-humano-tener-un-lugar-en-el-mundo-del-cual-partir-al-mundo\/#breadcrumb\",\"itemListElement\":[{\"@type\":\"ListItem\",\"position\":1,\"name\":\"Inicio\",\"item\":\"https:\/\/radio.fcejs.unsl.edu.ar\/\"},{\"@type\":\"ListItem\",\"position\":2,\"name\":\"\u201cLa vivienda le permite al ser humano tener un lugar en el mundo, del cual partir al mundo\u201d\"}]},{\"@type\":\"WebSite\",\"@id\":\"https:\/\/radio.fcejs.unsl.edu.ar\/#website\",\"url\":\"https:\/\/radio.fcejs.unsl.edu.ar\/\",\"name\":\"Radio Universidad Villa Mercedes 97.5 | UNSL\",\"description\":\"UNSL\",\"publisher\":{\"@id\":\"https:\/\/radio.fcejs.unsl.edu.ar\/#organization\"},\"potentialAction\":[{\"@type\":\"SearchAction\",\"target\":{\"@type\":\"EntryPoint\",\"urlTemplate\":\"https:\/\/radio.fcejs.unsl.edu.ar\/?s={search_term_string}\"},\"query-input\":{\"@type\":\"PropertyValueSpecification\",\"valueRequired\":true,\"valueName\":\"search_term_string\"}}],\"inLanguage\":\"es-AR\"},{\"@type\":\"Organization\",\"@id\":\"https:\/\/radio.fcejs.unsl.edu.ar\/#organization\",\"name\":\"Radio Universidad Villa Mercedes 97.5 | UNSL\",\"url\":\"https:\/\/radio.fcejs.unsl.edu.ar\/\",\"logo\":{\"@type\":\"ImageObject\",\"inLanguage\":\"es-AR\",\"@id\":\"https:\/\/radio.fcejs.unsl.edu.ar\/#\/schema\/logo\/image\/\",\"url\":\"https:\/\/radio.fcejs.unsl.edu.ar\/wp-content\/uploads\/2023\/12\/cropped-radio-villa-mercedes-97-5.png\",\"contentUrl\":\"https:\/\/radio.fcejs.unsl.edu.ar\/wp-content\/uploads\/2023\/12\/cropped-radio-villa-mercedes-97-5.png\",\"width\":908,\"height\":289,\"caption\":\"Radio Universidad Villa Mercedes 97.5 | UNSL\"},\"image\":{\"@id\":\"https:\/\/radio.fcejs.unsl.edu.ar\/#\/schema\/logo\/image\/\"}},{\"@type\":\"Person\",\"@id\":\"https:\/\/radio.fcejs.unsl.edu.ar\/#\/schema\/person\/71179a56ee499ac8cd4e46f865c627c7\",\"name\":\"Virginia Aguilera\",\"url\":\"https:\/\/radio.fcejs.unsl.edu.ar\/index.php\/author\/viraguilera\/\"}]}<\/script>\n<!-- \/ Yoast SEO plugin. -->","yoast_head_json":{"title":"\u201cLa vivienda le permite al ser humano tener un lugar en el mundo, del cual partir al mundo\u201d - Radio Universidad Villa Mercedes 97.5 | UNSL","robots":{"index":"index","follow":"follow","max-snippet":"max-snippet:-1","max-image-preview":"max-image-preview:large","max-video-preview":"max-video-preview:-1"},"canonical":"https:\/\/radio.fcejs.unsl.edu.ar\/index.php\/la-vivienda-le-permite-al-ser-humano-tener-un-lugar-en-el-mundo-del-cual-partir-al-mundo\/","og_locale":"es_ES","og_type":"article","og_title":"\u201cLa vivienda le permite al ser humano tener un lugar en el mundo, del cual partir al mundo\u201d - Radio Universidad Villa Mercedes 97.5 | UNSL","og_description":"La Mag. Gabriela Calvo, abogada y docente de la FCEJS, es directora del proyecto de Investigaci\u00f3n denominado DERECHOS HUMANOS Y VIVIENDA: La protecci\u00f3n de la vivienda a la luz del paradigma social de la propiedad como garant\u00eda de una tutela efectiva en el ordenamiento jur\u00eddico argentino. En una entrevista con radio UNSL-VM, la docente, nos...","og_url":"https:\/\/radio.fcejs.unsl.edu.ar\/index.php\/la-vivienda-le-permite-al-ser-humano-tener-un-lugar-en-el-mundo-del-cual-partir-al-mundo\/","og_site_name":"Radio Universidad Villa Mercedes 97.5 | UNSL","article_published_time":"2024-05-29T22:20:12+00:00","og_image":[{"width":2560,"height":1182,"url":"https:\/\/radio.fcejs.unsl.edu.ar\/wp-content\/uploads\/2024\/05\/Dra-Calvo-Gabriela-scaled.jpg","type":"image\/jpeg"}],"author":"Virginia Aguilera","twitter_card":"summary_large_image","twitter_misc":{"Escrito por":"Virginia Aguilera","Tiempo de lectura":"2 minutos"},"schema":{"@context":"https:\/\/schema.org","@graph":[{"@type":"Article","@id":"https:\/\/radio.fcejs.unsl.edu.ar\/index.php\/la-vivienda-le-permite-al-ser-humano-tener-un-lugar-en-el-mundo-del-cual-partir-al-mundo\/#article","isPartOf":{"@id":"https:\/\/radio.fcejs.unsl.edu.ar\/index.php\/la-vivienda-le-permite-al-ser-humano-tener-un-lugar-en-el-mundo-del-cual-partir-al-mundo\/"},"author":{"name":"Virginia Aguilera","@id":"https:\/\/radio.fcejs.unsl.edu.ar\/#\/schema\/person\/71179a56ee499ac8cd4e46f865c627c7"},"headline":"\u201cLa vivienda le permite al ser humano tener un lugar en el mundo, del cual partir al mundo\u201d","datePublished":"2024-05-29T22:20:12+00:00","mainEntityOfPage":{"@id":"https:\/\/radio.fcejs.unsl.edu.ar\/index.php\/la-vivienda-le-permite-al-ser-humano-tener-un-lugar-en-el-mundo-del-cual-partir-al-mundo\/"},"wordCount":334,"publisher":{"@id":"https:\/\/radio.fcejs.unsl.edu.ar\/#organization"},"image":{"@id":"https:\/\/radio.fcejs.unsl.edu.ar\/index.php\/la-vivienda-le-permite-al-ser-humano-tener-un-lugar-en-el-mundo-del-cual-partir-al-mundo\/#primaryimage"},"thumbnailUrl":"https:\/\/radio.fcejs.unsl.edu.ar\/wp-content\/uploads\/2024\/05\/Dra-Calvo-Gabriela-scaled.jpg","articleSection":["Entrevistas"],"inLanguage":"es-AR"},{"@type":"WebPage","@id":"https:\/\/radio.fcejs.unsl.edu.ar\/index.php\/la-vivienda-le-permite-al-ser-humano-tener-un-lugar-en-el-mundo-del-cual-partir-al-mundo\/","url":"https:\/\/radio.fcejs.unsl.edu.ar\/index.php\/la-vivienda-le-permite-al-ser-humano-tener-un-lugar-en-el-mundo-del-cual-partir-al-mundo\/","name":"\u201cLa vivienda le permite al ser humano tener un lugar en el mundo, del cual partir al mundo\u201d - Radio Universidad Villa Mercedes 97.5 | UNSL","isPartOf":{"@id":"https:\/\/radio.fcejs.unsl.edu.ar\/#website"},"primaryImageOfPage":{"@id":"https:\/\/radio.fcejs.unsl.edu.ar\/index.php\/la-vivienda-le-permite-al-ser-humano-tener-un-lugar-en-el-mundo-del-cual-partir-al-mundo\/#primaryimage"},"image":{"@id":"https:\/\/radio.fcejs.unsl.edu.ar\/index.php\/la-vivienda-le-permite-al-ser-humano-tener-un-lugar-en-el-mundo-del-cual-partir-al-mundo\/#primaryimage"},"thumbnailUrl":"https:\/\/radio.fcejs.unsl.edu.ar\/wp-content\/uploads\/2024\/05\/Dra-Calvo-Gabriela-scaled.jpg","datePublished":"2024-05-29T22:20:12+00:00","breadcrumb":{"@id":"https:\/\/radio.fcejs.unsl.edu.ar\/index.php\/la-vivienda-le-permite-al-ser-humano-tener-un-lugar-en-el-mundo-del-cual-partir-al-mundo\/#breadcrumb"},"inLanguage":"es-AR","potentialAction":[{"@type":"ReadAction","target":["https:\/\/radio.fcejs.unsl.edu.ar\/index.php\/la-vivienda-le-permite-al-ser-humano-tener-un-lugar-en-el-mundo-del-cual-partir-al-mundo\/"]}]},{"@type":"ImageObject","inLanguage":"es-AR","@id":"https:\/\/radio.fcejs.unsl.edu.ar\/index.php\/la-vivienda-le-permite-al-ser-humano-tener-un-lugar-en-el-mundo-del-cual-partir-al-mundo\/#primaryimage","url":"https:\/\/radio.fcejs.unsl.edu.ar\/wp-content\/uploads\/2024\/05\/Dra-Calvo-Gabriela-scaled.jpg","contentUrl":"https:\/\/radio.fcejs.unsl.edu.ar\/wp-content\/uploads\/2024\/05\/Dra-Calvo-Gabriela-scaled.jpg","width":2560,"height":1182},{"@type":"BreadcrumbList","@id":"https:\/\/radio.fcejs.unsl.edu.ar\/index.php\/la-vivienda-le-permite-al-ser-humano-tener-un-lugar-en-el-mundo-del-cual-partir-al-mundo\/#breadcrumb","itemListElement":[{"@type":"ListItem","position":1,"name":"Inicio","item":"https:\/\/radio.fcejs.unsl.edu.ar\/"},{"@type":"ListItem","position":2,"name":"\u201cLa vivienda le permite al ser humano tener un lugar en el mundo, del cual partir al mundo\u201d"}]},{"@type":"WebSite","@id":"https:\/\/radio.fcejs.unsl.edu.ar\/#website","url":"https:\/\/radio.fcejs.unsl.edu.ar\/","name":"Radio Universidad Villa Mercedes 97.5 | UNSL","description":"UNSL","publisher":{"@id":"https:\/\/radio.fcejs.unsl.edu.ar\/#organization"},"potentialAction":[{"@type":"SearchAction","target":{"@type":"EntryPoint","urlTemplate":"https:\/\/radio.fcejs.unsl.edu.ar\/?s={search_term_string}"},"query-input":{"@type":"PropertyValueSpecification","valueRequired":true,"valueName":"search_term_string"}}],"inLanguage":"es-AR"},{"@type":"Organization","@id":"https:\/\/radio.fcejs.unsl.edu.ar\/#organization","name":"Radio Universidad Villa Mercedes 97.5 | UNSL","url":"https:\/\/radio.fcejs.unsl.edu.ar\/","logo":{"@type":"ImageObject","inLanguage":"es-AR","@id":"https:\/\/radio.fcejs.unsl.edu.ar\/#\/schema\/logo\/image\/","url":"https:\/\/radio.fcejs.unsl.edu.ar\/wp-content\/uploads\/2023\/12\/cropped-radio-villa-mercedes-97-5.png","contentUrl":"https:\/\/radio.fcejs.unsl.edu.ar\/wp-content\/uploads\/2023\/12\/cropped-radio-villa-mercedes-97-5.png","width":908,"height":289,"caption":"Radio Universidad Villa Mercedes 97.5 | UNSL"},"image":{"@id":"https:\/\/radio.fcejs.unsl.edu.ar\/#\/schema\/logo\/image\/"}},{"@type":"Person","@id":"https:\/\/radio.fcejs.unsl.edu.ar\/#\/schema\/person\/71179a56ee499ac8cd4e46f865c627c7","name":"Virginia Aguilera","url":"https:\/\/radio.fcejs.unsl.edu.ar\/index.php\/author\/viraguilera\/"}]}},"_links":{"self":[{"href":"https:\/\/radio.fcejs.unsl.edu.ar\/index.php\/wp-json\/wp\/v2\/posts\/2170","targetHints":{"allow":["GET"]}}],"collection":[{"href":"https:\/\/radio.fcejs.unsl.edu.ar\/index.php\/wp-json\/wp\/v2\/posts"}],"about":[{"href":"https:\/\/radio.fcejs.unsl.edu.ar\/index.php\/wp-json\/wp\/v2\/types\/post"}],"author":[{"embeddable":true,"href":"https:\/\/radio.fcejs.unsl.edu.ar\/index.php\/wp-json\/wp\/v2\/users\/5"}],"replies":[{"embeddable":true,"href":"https:\/\/radio.fcejs.unsl.edu.ar\/index.php\/wp-json\/wp\/v2\/comments?post=2170"}],"version-history":[{"count":1,"href":"https:\/\/radio.fcejs.unsl.edu.ar\/index.php\/wp-json\/wp\/v2\/posts\/2170\/revisions"}],"predecessor-version":[{"id":2172,"href":"https:\/\/radio.fcejs.unsl.edu.ar\/index.php\/wp-json\/wp\/v2\/posts\/2170\/revisions\/2172"}],"wp:featuredmedia":[{"embeddable":true,"href":"https:\/\/radio.fcejs.unsl.edu.ar\/index.php\/wp-json\/wp\/v2\/media\/2171"}],"wp:attachment":[{"href":"https:\/\/radio.fcejs.unsl.edu.ar\/index.php\/wp-json\/wp\/v2\/media?parent=2170"}],"wp:term":[{"taxonomy":"category","embeddable":true,"href":"https:\/\/radio.fcejs.unsl.edu.ar\/index.php\/wp-json\/wp\/v2\/categories?post=2170"},{"taxonomy":"post_tag","embeddable":true,"href":"https:\/\/radio.fcejs.unsl.edu.ar\/index.php\/wp-json\/wp\/v2\/tags?post=2170"}],"curies":[{"name":"wp","href":"https:\/\/api.w.org\/{rel}","templated":true}]}}