{"id":2155,"date":"2024-05-27T18:33:37","date_gmt":"2024-05-27T21:33:37","guid":{"rendered":"https:\/\/radio.fcejs.unsl.edu.ar\/?p=2155"},"modified":"2024-05-27T18:33:37","modified_gmt":"2024-05-27T21:33:37","slug":"avances-sobre-la-app-unsl-disenada-para-las-cooperativas","status":"publish","type":"post","link":"https:\/\/radio.fcejs.unsl.edu.ar\/index.php\/avances-sobre-la-app-unsl-disenada-para-las-cooperativas\/","title":{"rendered":"Avances sobre la &#8220;App UNSL&#8221; dise\u00f1ada para las Cooperativas"},"content":{"rendered":"<p>El Ing. electr\u00f3nico Juan Pablo Demichelis, docente de la FICA y Jefe del Departamento de Sistemas e Infraestructura Tecnol\u00f3gica en la DATI\u00a0 (Direcci\u00f3n de articulaci\u00f3n de las tecnolog\u00edas de la informaci\u00f3n) de Villa Mercedes, nos brind\u00f3 detalles acerca de los avances y la etapa actual en la que se desarrolla Aplicaci\u00f3n creada por la DATI para las Cooperativas de la regi\u00f3n, la cual les permitir\u00e1 a las mismas contar con un espacio com\u00fan, en un mercado digital, en el cual podr\u00e1n interactuar entre s\u00ed y adem\u00e1s ofertar sus productos a la comunidad en general.<\/p>\n<p>\u201cEsta plataforma principalmente tiene como objetivo nuclear a todas la cooperativas dentro de una plataforma en com\u00fan, posibilit\u00e1ndole a ellas ofrecer los productos y servicios que estas brindan\u201d, dijo Demichelis al referirse al objetivo que persigue la App.\u00a0 &#8220;Estamos en una etapa de testeo, est\u00e1 bastante desarrollada. Siempre que se culmina con un dise\u00f1o, est\u00e1 la etapa de testeo. As\u00ed que\u00a0 pr\u00f3ximamente esperemos que ya la tengamos disponible para poder ofrecerla, y sobre todo tener este v\u00ednculo con las cooperativas y que ellos empiecen a utilizarla\u201d agreg\u00f3.<\/p>\n<p>&nbsp;<\/p>\n<audio class=\"wp-audio-shortcode\" id=\"audio-2155-1\" preload=\"none\" style=\"width: 100%;\" controls=\"controls\"><source type=\"audio\/mpeg\" src=\"https:\/\/radioupload.fica.unsl.edu.ar\/files\/jb\/Juan%20Pablo%20Demichelis%20nota%20lista%20para%20subir%20DATI%20APP-.mp3?_=1\" \/><a href=\"https:\/\/radioupload.fica.unsl.edu.ar\/files\/jb\/Juan%20Pablo%20Demichelis%20nota%20lista%20para%20subir%20DATI%20APP-.mp3\">https:\/\/radioupload.fica.unsl.edu.ar\/files\/jb\/Juan%20Pablo%20Demichelis%20nota%20lista%20para%20subir%20DATI%20APP-.mp3<\/a><\/audio>\n<p>&nbsp;<\/p>\n<p>&nbsp;<\/p>\n<p>&nbsp;<\/p>\n<p>Entrevista: Virginia Aguilera- Radio Universidad Villa Mercedes<\/p>\n","protected":false},"excerpt":{"rendered":"<p>El Ing. electr\u00f3nico Juan Pablo Demichelis, docente de la FICA y Jefe del Departamento de Sistemas e Infraestructura Tecnol\u00f3gica en la DATI\u00a0 (Direcci\u00f3n de articulaci\u00f3n de las tecnolog\u00edas de la informaci\u00f3n) de Villa Mercedes, nos brind\u00f3 detalles acerca de los avances y la etapa actual en la que se desarrolla Aplicaci\u00f3n creada por la DATI&#8230;<\/p>\n","protected":false},"author":5,"featured_media":2156,"comment_status":"closed","ping_status":"closed","sticky":false,"template":"","format":"standard","meta":{"_kad_post_transparent":"","_kad_post_title":"","_kad_post_layout":"","_kad_post_sidebar_id":"","_kad_post_content_style":"","_kad_post_vertical_padding":"","_kad_post_feature":"","_kad_post_feature_position":"","_kad_post_header":false,"_kad_post_footer":false,"_kad_post_classname":"","footnotes":""},"categories":[14,1],"tags":[],"class_list":["post-2155","post","type-post","status-publish","format-standard","has-post-thumbnail","hentry","category-entrevistas","category-noticias"],"yoast_head":"<!-- This site is optimized with the Yoast SEO plugin v27.2 - https:\/\/yoast.com\/product\/yoast-seo-wordpress\/ -->\n<title>Avances sobre la &quot;App UNSL&quot; dise\u00f1ada para las Cooperativas - Radio Universidad Villa Mercedes 97.5 | UNSL<\/title>\n<meta name=\"robots\" content=\"index, follow, max-snippet:-1, max-image-preview:large, max-video-preview:-1\" \/>\n<link rel=\"canonical\" href=\"https:\/\/radio.fcejs.unsl.edu.ar\/index.php\/avances-sobre-la-app-unsl-disenada-para-las-cooperativas\/\" \/>\n<meta property=\"og:locale\" content=\"es_ES\" \/>\n<meta property=\"og:type\" content=\"article\" \/>\n<meta property=\"og:title\" content=\"Avances sobre la &quot;App UNSL&quot; dise\u00f1ada para las Cooperativas - Radio Universidad Villa Mercedes 97.5 | UNSL\" \/>\n<meta property=\"og:description\" content=\"El Ing. electr\u00f3nico Juan Pablo Demichelis, docente de la FICA y Jefe del Departamento de Sistemas e Infraestructura Tecnol\u00f3gica en la DATI\u00a0 (Direcci\u00f3n de articulaci\u00f3n de las tecnolog\u00edas de la informaci\u00f3n) de Villa Mercedes, nos brind\u00f3 detalles acerca de los avances y la etapa actual en la que se desarrolla Aplicaci\u00f3n creada por la DATI...\" \/>\n<meta property=\"og:url\" content=\"https:\/\/radio.fcejs.unsl.edu.ar\/index.php\/avances-sobre-la-app-unsl-disenada-para-las-cooperativas\/\" \/>\n<meta property=\"og:site_name\" content=\"Radio Universidad Villa Mercedes 97.5 | UNSL\" \/>\n<meta property=\"article:published_time\" content=\"2024-05-27T21:33:37+00:00\" \/>\n<meta property=\"og:image\" content=\"https:\/\/radio.fcejs.unsl.edu.ar\/wp-content\/uploads\/2024\/05\/Juan-Pablo-Demichelis-scaled.jpg\" \/>\n\t<meta property=\"og:image:width\" content=\"2560\" \/>\n\t<meta property=\"og:image:height\" content=\"1182\" \/>\n\t<meta property=\"og:image:type\" content=\"image\/jpeg\" \/>\n<meta name=\"author\" content=\"Virginia Aguilera\" \/>\n<meta name=\"twitter:card\" content=\"summary_large_image\" \/>\n<meta name=\"twitter:label1\" content=\"Escrito por\" \/>\n\t<meta name=\"twitter:data1\" content=\"Virginia Aguilera\" \/>\n\t<meta name=\"twitter:label2\" content=\"Tiempo de lectura\" \/>\n\t<meta name=\"twitter:data2\" content=\"1 minuto\" \/>\n<script type=\"application\/ld+json\" class=\"yoast-schema-graph\">{\"@context\":\"https:\/\/schema.org\",\"@graph\":[{\"@type\":\"Article\",\"@id\":\"https:\/\/radio.fcejs.unsl.edu.ar\/index.php\/avances-sobre-la-app-unsl-disenada-para-las-cooperativas\/#article\",\"isPartOf\":{\"@id\":\"https:\/\/radio.fcejs.unsl.edu.ar\/index.php\/avances-sobre-la-app-unsl-disenada-para-las-cooperativas\/\"},\"author\":{\"name\":\"Virginia Aguilera\",\"@id\":\"https:\/\/radio.fcejs.unsl.edu.ar\/#\/schema\/person\/71179a56ee499ac8cd4e46f865c627c7\"},\"headline\":\"Avances sobre la &#8220;App UNSL&#8221; dise\u00f1ada para las Cooperativas\",\"datePublished\":\"2024-05-27T21:33:37+00:00\",\"mainEntityOfPage\":{\"@id\":\"https:\/\/radio.fcejs.unsl.edu.ar\/index.php\/avances-sobre-la-app-unsl-disenada-para-las-cooperativas\/\"},\"wordCount\":238,\"publisher\":{\"@id\":\"https:\/\/radio.fcejs.unsl.edu.ar\/#organization\"},\"image\":{\"@id\":\"https:\/\/radio.fcejs.unsl.edu.ar\/index.php\/avances-sobre-la-app-unsl-disenada-para-las-cooperativas\/#primaryimage\"},\"thumbnailUrl\":\"https:\/\/radio.fcejs.unsl.edu.ar\/wp-content\/uploads\/2024\/05\/Juan-Pablo-Demichelis-scaled.jpg\",\"articleSection\":[\"Entrevistas\",\"Noticias\"],\"inLanguage\":\"es-AR\"},{\"@type\":\"WebPage\",\"@id\":\"https:\/\/radio.fcejs.unsl.edu.ar\/index.php\/avances-sobre-la-app-unsl-disenada-para-las-cooperativas\/\",\"url\":\"https:\/\/radio.fcejs.unsl.edu.ar\/index.php\/avances-sobre-la-app-unsl-disenada-para-las-cooperativas\/\",\"name\":\"Avances sobre la \\\"App UNSL\\\" dise\u00f1ada para las Cooperativas - Radio Universidad Villa Mercedes 97.5 | UNSL\",\"isPartOf\":{\"@id\":\"https:\/\/radio.fcejs.unsl.edu.ar\/#website\"},\"primaryImageOfPage\":{\"@id\":\"https:\/\/radio.fcejs.unsl.edu.ar\/index.php\/avances-sobre-la-app-unsl-disenada-para-las-cooperativas\/#primaryimage\"},\"image\":{\"@id\":\"https:\/\/radio.fcejs.unsl.edu.ar\/index.php\/avances-sobre-la-app-unsl-disenada-para-las-cooperativas\/#primaryimage\"},\"thumbnailUrl\":\"https:\/\/radio.fcejs.unsl.edu.ar\/wp-content\/uploads\/2024\/05\/Juan-Pablo-Demichelis-scaled.jpg\",\"datePublished\":\"2024-05-27T21:33:37+00:00\",\"breadcrumb\":{\"@id\":\"https:\/\/radio.fcejs.unsl.edu.ar\/index.php\/avances-sobre-la-app-unsl-disenada-para-las-cooperativas\/#breadcrumb\"},\"inLanguage\":\"es-AR\",\"potentialAction\":[{\"@type\":\"ReadAction\",\"target\":[\"https:\/\/radio.fcejs.unsl.edu.ar\/index.php\/avances-sobre-la-app-unsl-disenada-para-las-cooperativas\/\"]}]},{\"@type\":\"ImageObject\",\"inLanguage\":\"es-AR\",\"@id\":\"https:\/\/radio.fcejs.unsl.edu.ar\/index.php\/avances-sobre-la-app-unsl-disenada-para-las-cooperativas\/#primaryimage\",\"url\":\"https:\/\/radio.fcejs.unsl.edu.ar\/wp-content\/uploads\/2024\/05\/Juan-Pablo-Demichelis-scaled.jpg\",\"contentUrl\":\"https:\/\/radio.fcejs.unsl.edu.ar\/wp-content\/uploads\/2024\/05\/Juan-Pablo-Demichelis-scaled.jpg\",\"width\":2560,\"height\":1182},{\"@type\":\"BreadcrumbList\",\"@id\":\"https:\/\/radio.fcejs.unsl.edu.ar\/index.php\/avances-sobre-la-app-unsl-disenada-para-las-cooperativas\/#breadcrumb\",\"itemListElement\":[{\"@type\":\"ListItem\",\"position\":1,\"name\":\"Inicio\",\"item\":\"https:\/\/radio.fcejs.unsl.edu.ar\/\"},{\"@type\":\"ListItem\",\"position\":2,\"name\":\"Avances sobre la &#8220;App UNSL&#8221; dise\u00f1ada para las Cooperativas\"}]},{\"@type\":\"WebSite\",\"@id\":\"https:\/\/radio.fcejs.unsl.edu.ar\/#website\",\"url\":\"https:\/\/radio.fcejs.unsl.edu.ar\/\",\"name\":\"Radio Universidad Villa Mercedes 97.5 | UNSL\",\"description\":\"UNSL\",\"publisher\":{\"@id\":\"https:\/\/radio.fcejs.unsl.edu.ar\/#organization\"},\"potentialAction\":[{\"@type\":\"SearchAction\",\"target\":{\"@type\":\"EntryPoint\",\"urlTemplate\":\"https:\/\/radio.fcejs.unsl.edu.ar\/?s={search_term_string}\"},\"query-input\":{\"@type\":\"PropertyValueSpecification\",\"valueRequired\":true,\"valueName\":\"search_term_string\"}}],\"inLanguage\":\"es-AR\"},{\"@type\":\"Organization\",\"@id\":\"https:\/\/radio.fcejs.unsl.edu.ar\/#organization\",\"name\":\"Radio Universidad Villa Mercedes 97.5 | UNSL\",\"url\":\"https:\/\/radio.fcejs.unsl.edu.ar\/\",\"logo\":{\"@type\":\"ImageObject\",\"inLanguage\":\"es-AR\",\"@id\":\"https:\/\/radio.fcejs.unsl.edu.ar\/#\/schema\/logo\/image\/\",\"url\":\"https:\/\/radio.fcejs.unsl.edu.ar\/wp-content\/uploads\/2023\/12\/cropped-radio-villa-mercedes-97-5.png\",\"contentUrl\":\"https:\/\/radio.fcejs.unsl.edu.ar\/wp-content\/uploads\/2023\/12\/cropped-radio-villa-mercedes-97-5.png\",\"width\":908,\"height\":289,\"caption\":\"Radio Universidad Villa Mercedes 97.5 | UNSL\"},\"image\":{\"@id\":\"https:\/\/radio.fcejs.unsl.edu.ar\/#\/schema\/logo\/image\/\"}},{\"@type\":\"Person\",\"@id\":\"https:\/\/radio.fcejs.unsl.edu.ar\/#\/schema\/person\/71179a56ee499ac8cd4e46f865c627c7\",\"name\":\"Virginia Aguilera\",\"url\":\"https:\/\/radio.fcejs.unsl.edu.ar\/index.php\/author\/viraguilera\/\"}]}<\/script>\n<!-- \/ Yoast SEO plugin. -->","yoast_head_json":{"title":"Avances sobre la \"App UNSL\" dise\u00f1ada para las Cooperativas - Radio Universidad Villa Mercedes 97.5 | UNSL","robots":{"index":"index","follow":"follow","max-snippet":"max-snippet:-1","max-image-preview":"max-image-preview:large","max-video-preview":"max-video-preview:-1"},"canonical":"https:\/\/radio.fcejs.unsl.edu.ar\/index.php\/avances-sobre-la-app-unsl-disenada-para-las-cooperativas\/","og_locale":"es_ES","og_type":"article","og_title":"Avances sobre la \"App UNSL\" dise\u00f1ada para las Cooperativas - Radio Universidad Villa Mercedes 97.5 | UNSL","og_description":"El Ing. electr\u00f3nico Juan Pablo Demichelis, docente de la FICA y Jefe del Departamento de Sistemas e Infraestructura Tecnol\u00f3gica en la DATI\u00a0 (Direcci\u00f3n de articulaci\u00f3n de las tecnolog\u00edas de la informaci\u00f3n) de Villa Mercedes, nos brind\u00f3 detalles acerca de los avances y la etapa actual en la que se desarrolla Aplicaci\u00f3n creada por la DATI...","og_url":"https:\/\/radio.fcejs.unsl.edu.ar\/index.php\/avances-sobre-la-app-unsl-disenada-para-las-cooperativas\/","og_site_name":"Radio Universidad Villa Mercedes 97.5 | UNSL","article_published_time":"2024-05-27T21:33:37+00:00","og_image":[{"width":2560,"height":1182,"url":"https:\/\/radio.fcejs.unsl.edu.ar\/wp-content\/uploads\/2024\/05\/Juan-Pablo-Demichelis-scaled.jpg","type":"image\/jpeg"}],"author":"Virginia Aguilera","twitter_card":"summary_large_image","twitter_misc":{"Escrito por":"Virginia Aguilera","Tiempo de lectura":"1 minuto"},"schema":{"@context":"https:\/\/schema.org","@graph":[{"@type":"Article","@id":"https:\/\/radio.fcejs.unsl.edu.ar\/index.php\/avances-sobre-la-app-unsl-disenada-para-las-cooperativas\/#article","isPartOf":{"@id":"https:\/\/radio.fcejs.unsl.edu.ar\/index.php\/avances-sobre-la-app-unsl-disenada-para-las-cooperativas\/"},"author":{"name":"Virginia Aguilera","@id":"https:\/\/radio.fcejs.unsl.edu.ar\/#\/schema\/person\/71179a56ee499ac8cd4e46f865c627c7"},"headline":"Avances sobre la &#8220;App UNSL&#8221; dise\u00f1ada para las Cooperativas","datePublished":"2024-05-27T21:33:37+00:00","mainEntityOfPage":{"@id":"https:\/\/radio.fcejs.unsl.edu.ar\/index.php\/avances-sobre-la-app-unsl-disenada-para-las-cooperativas\/"},"wordCount":238,"publisher":{"@id":"https:\/\/radio.fcejs.unsl.edu.ar\/#organization"},"image":{"@id":"https:\/\/radio.fcejs.unsl.edu.ar\/index.php\/avances-sobre-la-app-unsl-disenada-para-las-cooperativas\/#primaryimage"},"thumbnailUrl":"https:\/\/radio.fcejs.unsl.edu.ar\/wp-content\/uploads\/2024\/05\/Juan-Pablo-Demichelis-scaled.jpg","articleSection":["Entrevistas","Noticias"],"inLanguage":"es-AR"},{"@type":"WebPage","@id":"https:\/\/radio.fcejs.unsl.edu.ar\/index.php\/avances-sobre-la-app-unsl-disenada-para-las-cooperativas\/","url":"https:\/\/radio.fcejs.unsl.edu.ar\/index.php\/avances-sobre-la-app-unsl-disenada-para-las-cooperativas\/","name":"Avances sobre la \"App UNSL\" dise\u00f1ada para las Cooperativas - Radio Universidad Villa Mercedes 97.5 | UNSL","isPartOf":{"@id":"https:\/\/radio.fcejs.unsl.edu.ar\/#website"},"primaryImageOfPage":{"@id":"https:\/\/radio.fcejs.unsl.edu.ar\/index.php\/avances-sobre-la-app-unsl-disenada-para-las-cooperativas\/#primaryimage"},"image":{"@id":"https:\/\/radio.fcejs.unsl.edu.ar\/index.php\/avances-sobre-la-app-unsl-disenada-para-las-cooperativas\/#primaryimage"},"thumbnailUrl":"https:\/\/radio.fcejs.unsl.edu.ar\/wp-content\/uploads\/2024\/05\/Juan-Pablo-Demichelis-scaled.jpg","datePublished":"2024-05-27T21:33:37+00:00","breadcrumb":{"@id":"https:\/\/radio.fcejs.unsl.edu.ar\/index.php\/avances-sobre-la-app-unsl-disenada-para-las-cooperativas\/#breadcrumb"},"inLanguage":"es-AR","potentialAction":[{"@type":"ReadAction","target":["https:\/\/radio.fcejs.unsl.edu.ar\/index.php\/avances-sobre-la-app-unsl-disenada-para-las-cooperativas\/"]}]},{"@type":"ImageObject","inLanguage":"es-AR","@id":"https:\/\/radio.fcejs.unsl.edu.ar\/index.php\/avances-sobre-la-app-unsl-disenada-para-las-cooperativas\/#primaryimage","url":"https:\/\/radio.fcejs.unsl.edu.ar\/wp-content\/uploads\/2024\/05\/Juan-Pablo-Demichelis-scaled.jpg","contentUrl":"https:\/\/radio.fcejs.unsl.edu.ar\/wp-content\/uploads\/2024\/05\/Juan-Pablo-Demichelis-scaled.jpg","width":2560,"height":1182},{"@type":"BreadcrumbList","@id":"https:\/\/radio.fcejs.unsl.edu.ar\/index.php\/avances-sobre-la-app-unsl-disenada-para-las-cooperativas\/#breadcrumb","itemListElement":[{"@type":"ListItem","position":1,"name":"Inicio","item":"https:\/\/radio.fcejs.unsl.edu.ar\/"},{"@type":"ListItem","position":2,"name":"Avances sobre la &#8220;App UNSL&#8221; dise\u00f1ada para las Cooperativas"}]},{"@type":"WebSite","@id":"https:\/\/radio.fcejs.unsl.edu.ar\/#website","url":"https:\/\/radio.fcejs.unsl.edu.ar\/","name":"Radio Universidad Villa Mercedes 97.5 | UNSL","description":"UNSL","publisher":{"@id":"https:\/\/radio.fcejs.unsl.edu.ar\/#organization"},"potentialAction":[{"@type":"SearchAction","target":{"@type":"EntryPoint","urlTemplate":"https:\/\/radio.fcejs.unsl.edu.ar\/?s={search_term_string}"},"query-input":{"@type":"PropertyValueSpecification","valueRequired":true,"valueName":"search_term_string"}}],"inLanguage":"es-AR"},{"@type":"Organization","@id":"https:\/\/radio.fcejs.unsl.edu.ar\/#organization","name":"Radio Universidad Villa Mercedes 97.5 | UNSL","url":"https:\/\/radio.fcejs.unsl.edu.ar\/","logo":{"@type":"ImageObject","inLanguage":"es-AR","@id":"https:\/\/radio.fcejs.unsl.edu.ar\/#\/schema\/logo\/image\/","url":"https:\/\/radio.fcejs.unsl.edu.ar\/wp-content\/uploads\/2023\/12\/cropped-radio-villa-mercedes-97-5.png","contentUrl":"https:\/\/radio.fcejs.unsl.edu.ar\/wp-content\/uploads\/2023\/12\/cropped-radio-villa-mercedes-97-5.png","width":908,"height":289,"caption":"Radio Universidad Villa Mercedes 97.5 | UNSL"},"image":{"@id":"https:\/\/radio.fcejs.unsl.edu.ar\/#\/schema\/logo\/image\/"}},{"@type":"Person","@id":"https:\/\/radio.fcejs.unsl.edu.ar\/#\/schema\/person\/71179a56ee499ac8cd4e46f865c627c7","name":"Virginia Aguilera","url":"https:\/\/radio.fcejs.unsl.edu.ar\/index.php\/author\/viraguilera\/"}]}},"_links":{"self":[{"href":"https:\/\/radio.fcejs.unsl.edu.ar\/index.php\/wp-json\/wp\/v2\/posts\/2155","targetHints":{"allow":["GET"]}}],"collection":[{"href":"https:\/\/radio.fcejs.unsl.edu.ar\/index.php\/wp-json\/wp\/v2\/posts"}],"about":[{"href":"https:\/\/radio.fcejs.unsl.edu.ar\/index.php\/wp-json\/wp\/v2\/types\/post"}],"author":[{"embeddable":true,"href":"https:\/\/radio.fcejs.unsl.edu.ar\/index.php\/wp-json\/wp\/v2\/users\/5"}],"replies":[{"embeddable":true,"href":"https:\/\/radio.fcejs.unsl.edu.ar\/index.php\/wp-json\/wp\/v2\/comments?post=2155"}],"version-history":[{"count":1,"href":"https:\/\/radio.fcejs.unsl.edu.ar\/index.php\/wp-json\/wp\/v2\/posts\/2155\/revisions"}],"predecessor-version":[{"id":2157,"href":"https:\/\/radio.fcejs.unsl.edu.ar\/index.php\/wp-json\/wp\/v2\/posts\/2155\/revisions\/2157"}],"wp:featuredmedia":[{"embeddable":true,"href":"https:\/\/radio.fcejs.unsl.edu.ar\/index.php\/wp-json\/wp\/v2\/media\/2156"}],"wp:attachment":[{"href":"https:\/\/radio.fcejs.unsl.edu.ar\/index.php\/wp-json\/wp\/v2\/media?parent=2155"}],"wp:term":[{"taxonomy":"category","embeddable":true,"href":"https:\/\/radio.fcejs.unsl.edu.ar\/index.php\/wp-json\/wp\/v2\/categories?post=2155"},{"taxonomy":"post_tag","embeddable":true,"href":"https:\/\/radio.fcejs.unsl.edu.ar\/index.php\/wp-json\/wp\/v2\/tags?post=2155"}],"curies":[{"name":"wp","href":"https:\/\/api.w.org\/{rel}","templated":true}]}}