{"id":2144,"date":"2024-05-22T13:39:01","date_gmt":"2024-05-22T16:39:01","guid":{"rendered":"https:\/\/radio.fcejs.unsl.edu.ar\/?p=2144"},"modified":"2024-05-22T13:43:26","modified_gmt":"2024-05-22T16:43:26","slug":"giraudo-programa-universidad-discapacidad-derechos","status":"publish","type":"post","link":"https:\/\/radio.fcejs.unsl.edu.ar\/index.php\/giraudo-programa-universidad-discapacidad-derechos\/","title":{"rendered":"Luis Giraudo: \u201cEl v\u00ednculo con la UNSL es fundamental para avanzar en el conocimiento de la discapacidad\u201d"},"content":{"rendered":"<p>El titular de la Secretar\u00eda de Personas con Discapacidad del gobierno de San Luis, Luis Giraudo, destac\u00f3 la labor que la UNSL viene desempe\u00f1ando en la educaci\u00f3n sobre el tema discapacidad y felicit\u00f3 al Centro Universitario Villa Mercedes por la tarea desempe\u00f1ada a trav\u00e9s del Programa Universidad \u2013 Discapacidad \u2013 Derechos que este a\u00f1o cumple su 10\u00b0 aniversario.<\/p>\n<p>\u201c\u00a1Felicitaciones por los diez a\u00f1os del Programa!\u201d, expres\u00f3. \u201cEs un orgullo para nosotros que se hable de discapacidad. Hay que sacarse el sombrero por lo que hace la UNSL en esta tem\u00e1tica y, por eso, la vinculaci\u00f3n con la Universidad es fundamental en el avance de los objetivos que nos hemos propuesto desde la secretar\u00eda\u201d, se\u00f1al\u00f3.<\/p>\n<p>La Secretar\u00eda de Personas con Discapacidad \u201ctiene rango ministerial\u201d destac\u00f3 Giraudo, lo que constituye el primer caso del pa\u00eds y, principalmente, revela la importancia que la gesti\u00f3n del gobierno le imprime en su agenda de Estado. En ese sentido, explic\u00f3 que la Secretar\u00eda se ha trazado tres objetivos:<\/p>\n<p>&#8211; Visibilizar la discapacidad: \u201cSaber d\u00f3nde estamos parados, entender de qu\u00e9 se trata. Esto es fundamental, un objetivo pol\u00edtico a largo plazo\u201d.<\/p>\n<p>&#8211; Educar: \u201cTanto a docentes como a profesionales, porque lamentablemente muchos no conocen lo que es la discapacidad\u201d.<\/p>\n<p>&#8211; Cupo laboral y reconstrucci\u00f3n del tejido social: \u201cAcompa\u00f1ando a la gesti\u00f3n del gobierno en uno de los \u00edtems m\u00e1s importantes porque implica la reconstrucci\u00f3n de la familia y el ordenamiento de las instituciones\u201d.<\/p>\n<p>En el marco de estos objetivos Giraudo plantea el rol que desempe\u00f1an las universidades a trav\u00e9s de los planes de educaci\u00f3n.<\/p>\n<h3>Diplomatura<\/h3>\n<p>Fruto de los acuerdos con la UNSL y en colaboraci\u00f3n con el gobierno de San Luis, la Universidad de la Punta y la Universidad de los Comechingones \u201cse va a dictar la Diplomatura en Discapacidad\u201d, anticip\u00f3. \u201cEst\u00e1 todo listo para comenzar a partir del 31 de marzo. Estoy eternamente agradecido y contento porque esto ayudar\u00e1 enormemente al conocimiento del tema. La diplomatura tendr\u00e1 puntaje para los docentes. Es una muestra de lo que puede surgir a trav\u00e9s del trabajo de vinculaci\u00f3n con la UNSL y las universidades en general\u201d.<\/p>\n<p>La Diplomatura comenzar\u00e1 a dictarse de manera virtual para un cupo de cien personas, \u201cpero el proyecto es que contin\u00fae en una segunda etapa para otras cien, es decir, es una propuesta muy amplia y con la intenci\u00f3n de llevar la capacitaci\u00f3n a la mayor cantidad de gente posible\u201d.<\/p>\n<p>Cont\u00f3 que, por la modalidad de dictado, los habitantes del interior de la provincia podr\u00e1n acceder a la capacitaci\u00f3n. \u201cEsta semana fui a La Calera, una de las poblaciones m\u00e1s alejadas, donde me recibi\u00f3 el intendente quien me dijo que existe all\u00ed un alto porcentaje de poblaci\u00f3n con problemas relacionados con la discapacidad. Los invit\u00e9 a sumarse a la diplomatura. Lo mismo har\u00e9 en Anchorena y Nueva Galia y en todos los lugares donde podamos llevar esta propuesta\u201d.<\/p>\n<p>Por otra parte, elogi\u00f3 el apoyo y empuje que encontr\u00f3 por parte de los estudiantes universitarios: \u201cEstuve reunido con el Centro de Estudiantes y, la verdad, me llevo una gran impresi\u00f3n. Es espectacular c\u00f3mo trabajan y c\u00f3mo han tomado el tema de la discapacidad. Con ellos, principalmente, he hablado sobre tomar conciencia: una persona con discapacidad no quiere decir que no pueda estudiar\u201d.<\/p>\n<h3>Convenios<\/h3>\n<p>En febrero pasado, la Facultad de Ciencias Econ\u00f3micas, Jur\u00eddicas y Sociales (FCEJS) y la Secretar\u00eda de Estado de Personas con Discapacidad de la Provincia firmaron un convenio marco para ampliar y reforzar la inclusi\u00f3n, tanto en el \u00e1mbito de los estudios universitarios, como en las pol\u00edticas p\u00fablicas y sociales que implementa el Gobierno. Fruto del acuerdo, la Facultad puso a disposici\u00f3n los equipos de profesionales para los planes de capacitaci\u00f3n.<\/p>\n<p>En diciembre pasado, la FCEJS junto con integrantes del Programa Universidad \u2013 Discapacidad \u2013 Derechos mantuvo un encuentro con Giraudo y miembros de la secretar\u00eda en el Centro de Equinoterapia del Parque La Pedrera, para organizar trabajos en conjunto, desarrollar acciones para un censo y aportar los datos obtenidos a trav\u00e9s del Observatorio Social.<\/p>\n<p><strong>Nota: Jos\u00e9 Luis Baigorria \u2013 Radio UNSL Villa Mercedes<\/strong><\/p>\n","protected":false},"excerpt":{"rendered":"<p>El titular de la Secretar\u00eda de Personas con Discapacidad del gobierno de San Luis, Luis Giraudo, destac\u00f3 la labor que la UNSL viene desempe\u00f1ando en la educaci\u00f3n sobre el tema discapacidad y felicit\u00f3 al Centro Universitario Villa Mercedes por la tarea desempe\u00f1ada a trav\u00e9s del Programa Universidad \u2013 Discapacidad \u2013 Derechos que este a\u00f1o cumple&#8230;<\/p>\n","protected":false},"author":3,"featured_media":2145,"comment_status":"closed","ping_status":"closed","sticky":false,"template":"","format":"standard","meta":{"_kad_post_transparent":"","_kad_post_title":"","_kad_post_layout":"","_kad_post_sidebar_id":"","_kad_post_content_style":"","_kad_post_vertical_padding":"","_kad_post_feature":"","_kad_post_feature_position":"","_kad_post_header":false,"_kad_post_footer":false,"_kad_post_classname":"","footnotes":""},"categories":[16],"tags":[],"class_list":["post-2144","post","type-post","status-publish","format-standard","has-post-thumbnail","hentry","category-opinion"],"yoast_head":"<!-- This site is optimized with the Yoast SEO plugin v27.2 - https:\/\/yoast.com\/product\/yoast-seo-wordpress\/ -->\n<title>Luis Giraudo: \u201cEl v\u00ednculo con la UNSL es fundamental para avanzar en el conocimiento de la discapacidad\u201d - Radio Universidad Villa Mercedes 97.5 | UNSL<\/title>\n<meta name=\"robots\" content=\"index, follow, max-snippet:-1, max-image-preview:large, max-video-preview:-1\" \/>\n<link rel=\"canonical\" href=\"https:\/\/radio.fcejs.unsl.edu.ar\/index.php\/giraudo-programa-universidad-discapacidad-derechos\/\" \/>\n<meta property=\"og:locale\" content=\"es_ES\" \/>\n<meta property=\"og:type\" content=\"article\" \/>\n<meta property=\"og:title\" content=\"Luis Giraudo: \u201cEl v\u00ednculo con la UNSL es fundamental para avanzar en el conocimiento de la discapacidad\u201d - Radio Universidad Villa Mercedes 97.5 | UNSL\" \/>\n<meta property=\"og:description\" content=\"El titular de la Secretar\u00eda de Personas con Discapacidad del gobierno de San Luis, Luis Giraudo, destac\u00f3 la labor que la UNSL viene desempe\u00f1ando en la educaci\u00f3n sobre el tema discapacidad y felicit\u00f3 al Centro Universitario Villa Mercedes por la tarea desempe\u00f1ada a trav\u00e9s del Programa Universidad \u2013 Discapacidad \u2013 Derechos que este a\u00f1o cumple...\" \/>\n<meta property=\"og:url\" content=\"https:\/\/radio.fcejs.unsl.edu.ar\/index.php\/giraudo-programa-universidad-discapacidad-derechos\/\" \/>\n<meta property=\"og:site_name\" content=\"Radio Universidad Villa Mercedes 97.5 | UNSL\" \/>\n<meta property=\"article:published_time\" content=\"2024-05-22T16:39:01+00:00\" \/>\n<meta property=\"article:modified_time\" content=\"2024-05-22T16:43:26+00:00\" \/>\n<meta property=\"og:image\" content=\"https:\/\/radio.fcejs.unsl.edu.ar\/wp-content\/uploads\/2024\/05\/giraudo-front.jpg\" \/>\n\t<meta property=\"og:image:width\" content=\"1152\" \/>\n\t<meta property=\"og:image:height\" content=\"647\" \/>\n\t<meta property=\"og:image:type\" content=\"image\/jpeg\" \/>\n<meta name=\"author\" content=\"Anibal Claveles\" \/>\n<meta name=\"twitter:card\" content=\"summary_large_image\" \/>\n<meta name=\"twitter:label1\" content=\"Escrito por\" \/>\n\t<meta name=\"twitter:data1\" content=\"Anibal Claveles\" \/>\n\t<meta name=\"twitter:label2\" content=\"Tiempo de lectura\" \/>\n\t<meta name=\"twitter:data2\" content=\"4 minutos\" \/>\n<script type=\"application\/ld+json\" class=\"yoast-schema-graph\">{\"@context\":\"https:\/\/schema.org\",\"@graph\":[{\"@type\":\"Article\",\"@id\":\"https:\/\/radio.fcejs.unsl.edu.ar\/index.php\/giraudo-programa-universidad-discapacidad-derechos\/#article\",\"isPartOf\":{\"@id\":\"https:\/\/radio.fcejs.unsl.edu.ar\/index.php\/giraudo-programa-universidad-discapacidad-derechos\/\"},\"author\":{\"name\":\"Anibal Claveles\",\"@id\":\"https:\/\/radio.fcejs.unsl.edu.ar\/#\/schema\/person\/112347a957e59cad859b59d7df7175f6\"},\"headline\":\"Luis Giraudo: \u201cEl v\u00ednculo con la UNSL es fundamental para avanzar en el conocimiento de la discapacidad\u201d\",\"datePublished\":\"2024-05-22T16:39:01+00:00\",\"dateModified\":\"2024-05-22T16:43:26+00:00\",\"mainEntityOfPage\":{\"@id\":\"https:\/\/radio.fcejs.unsl.edu.ar\/index.php\/giraudo-programa-universidad-discapacidad-derechos\/\"},\"wordCount\":730,\"publisher\":{\"@id\":\"https:\/\/radio.fcejs.unsl.edu.ar\/#organization\"},\"image\":{\"@id\":\"https:\/\/radio.fcejs.unsl.edu.ar\/index.php\/giraudo-programa-universidad-discapacidad-derechos\/#primaryimage\"},\"thumbnailUrl\":\"https:\/\/radio.fcejs.unsl.edu.ar\/wp-content\/uploads\/2024\/05\/giraudo-front.jpg\",\"articleSection\":[\"Opini\u00f3n\"],\"inLanguage\":\"es-AR\"},{\"@type\":\"WebPage\",\"@id\":\"https:\/\/radio.fcejs.unsl.edu.ar\/index.php\/giraudo-programa-universidad-discapacidad-derechos\/\",\"url\":\"https:\/\/radio.fcejs.unsl.edu.ar\/index.php\/giraudo-programa-universidad-discapacidad-derechos\/\",\"name\":\"Luis Giraudo: \u201cEl v\u00ednculo con la UNSL es fundamental para avanzar en el conocimiento de la discapacidad\u201d - Radio Universidad Villa Mercedes 97.5 | UNSL\",\"isPartOf\":{\"@id\":\"https:\/\/radio.fcejs.unsl.edu.ar\/#website\"},\"primaryImageOfPage\":{\"@id\":\"https:\/\/radio.fcejs.unsl.edu.ar\/index.php\/giraudo-programa-universidad-discapacidad-derechos\/#primaryimage\"},\"image\":{\"@id\":\"https:\/\/radio.fcejs.unsl.edu.ar\/index.php\/giraudo-programa-universidad-discapacidad-derechos\/#primaryimage\"},\"thumbnailUrl\":\"https:\/\/radio.fcejs.unsl.edu.ar\/wp-content\/uploads\/2024\/05\/giraudo-front.jpg\",\"datePublished\":\"2024-05-22T16:39:01+00:00\",\"dateModified\":\"2024-05-22T16:43:26+00:00\",\"breadcrumb\":{\"@id\":\"https:\/\/radio.fcejs.unsl.edu.ar\/index.php\/giraudo-programa-universidad-discapacidad-derechos\/#breadcrumb\"},\"inLanguage\":\"es-AR\",\"potentialAction\":[{\"@type\":\"ReadAction\",\"target\":[\"https:\/\/radio.fcejs.unsl.edu.ar\/index.php\/giraudo-programa-universidad-discapacidad-derechos\/\"]}]},{\"@type\":\"ImageObject\",\"inLanguage\":\"es-AR\",\"@id\":\"https:\/\/radio.fcejs.unsl.edu.ar\/index.php\/giraudo-programa-universidad-discapacidad-derechos\/#primaryimage\",\"url\":\"https:\/\/radio.fcejs.unsl.edu.ar\/wp-content\/uploads\/2024\/05\/giraudo-front.jpg\",\"contentUrl\":\"https:\/\/radio.fcejs.unsl.edu.ar\/wp-content\/uploads\/2024\/05\/giraudo-front.jpg\",\"width\":1152,\"height\":647},{\"@type\":\"BreadcrumbList\",\"@id\":\"https:\/\/radio.fcejs.unsl.edu.ar\/index.php\/giraudo-programa-universidad-discapacidad-derechos\/#breadcrumb\",\"itemListElement\":[{\"@type\":\"ListItem\",\"position\":1,\"name\":\"Inicio\",\"item\":\"https:\/\/radio.fcejs.unsl.edu.ar\/\"},{\"@type\":\"ListItem\",\"position\":2,\"name\":\"Luis Giraudo: \u201cEl v\u00ednculo con la UNSL es fundamental para avanzar en el conocimiento de la discapacidad\u201d\"}]},{\"@type\":\"WebSite\",\"@id\":\"https:\/\/radio.fcejs.unsl.edu.ar\/#website\",\"url\":\"https:\/\/radio.fcejs.unsl.edu.ar\/\",\"name\":\"Radio Universidad Villa Mercedes 97.5 | UNSL\",\"description\":\"UNSL\",\"publisher\":{\"@id\":\"https:\/\/radio.fcejs.unsl.edu.ar\/#organization\"},\"potentialAction\":[{\"@type\":\"SearchAction\",\"target\":{\"@type\":\"EntryPoint\",\"urlTemplate\":\"https:\/\/radio.fcejs.unsl.edu.ar\/?s={search_term_string}\"},\"query-input\":{\"@type\":\"PropertyValueSpecification\",\"valueRequired\":true,\"valueName\":\"search_term_string\"}}],\"inLanguage\":\"es-AR\"},{\"@type\":\"Organization\",\"@id\":\"https:\/\/radio.fcejs.unsl.edu.ar\/#organization\",\"name\":\"Radio Universidad Villa Mercedes 97.5 | UNSL\",\"url\":\"https:\/\/radio.fcejs.unsl.edu.ar\/\",\"logo\":{\"@type\":\"ImageObject\",\"inLanguage\":\"es-AR\",\"@id\":\"https:\/\/radio.fcejs.unsl.edu.ar\/#\/schema\/logo\/image\/\",\"url\":\"https:\/\/radio.fcejs.unsl.edu.ar\/wp-content\/uploads\/2023\/12\/cropped-radio-villa-mercedes-97-5.png\",\"contentUrl\":\"https:\/\/radio.fcejs.unsl.edu.ar\/wp-content\/uploads\/2023\/12\/cropped-radio-villa-mercedes-97-5.png\",\"width\":908,\"height\":289,\"caption\":\"Radio Universidad Villa Mercedes 97.5 | UNSL\"},\"image\":{\"@id\":\"https:\/\/radio.fcejs.unsl.edu.ar\/#\/schema\/logo\/image\/\"}},{\"@type\":\"Person\",\"@id\":\"https:\/\/radio.fcejs.unsl.edu.ar\/#\/schema\/person\/112347a957e59cad859b59d7df7175f6\",\"name\":\"Anibal Claveles\",\"url\":\"https:\/\/radio.fcejs.unsl.edu.ar\/index.php\/author\/radio_edicion_fcejs\/\"}]}<\/script>\n<!-- \/ Yoast SEO plugin. -->","yoast_head_json":{"title":"Luis Giraudo: \u201cEl v\u00ednculo con la UNSL es fundamental para avanzar en el conocimiento de la discapacidad\u201d - Radio Universidad Villa Mercedes 97.5 | UNSL","robots":{"index":"index","follow":"follow","max-snippet":"max-snippet:-1","max-image-preview":"max-image-preview:large","max-video-preview":"max-video-preview:-1"},"canonical":"https:\/\/radio.fcejs.unsl.edu.ar\/index.php\/giraudo-programa-universidad-discapacidad-derechos\/","og_locale":"es_ES","og_type":"article","og_title":"Luis Giraudo: \u201cEl v\u00ednculo con la UNSL es fundamental para avanzar en el conocimiento de la discapacidad\u201d - Radio Universidad Villa Mercedes 97.5 | UNSL","og_description":"El titular de la Secretar\u00eda de Personas con Discapacidad del gobierno de San Luis, Luis Giraudo, destac\u00f3 la labor que la UNSL viene desempe\u00f1ando en la educaci\u00f3n sobre el tema discapacidad y felicit\u00f3 al Centro Universitario Villa Mercedes por la tarea desempe\u00f1ada a trav\u00e9s del Programa Universidad \u2013 Discapacidad \u2013 Derechos que este a\u00f1o cumple...","og_url":"https:\/\/radio.fcejs.unsl.edu.ar\/index.php\/giraudo-programa-universidad-discapacidad-derechos\/","og_site_name":"Radio Universidad Villa Mercedes 97.5 | UNSL","article_published_time":"2024-05-22T16:39:01+00:00","article_modified_time":"2024-05-22T16:43:26+00:00","og_image":[{"width":1152,"height":647,"url":"https:\/\/radio.fcejs.unsl.edu.ar\/wp-content\/uploads\/2024\/05\/giraudo-front.jpg","type":"image\/jpeg"}],"author":"Anibal Claveles","twitter_card":"summary_large_image","twitter_misc":{"Escrito por":"Anibal Claveles","Tiempo de lectura":"4 minutos"},"schema":{"@context":"https:\/\/schema.org","@graph":[{"@type":"Article","@id":"https:\/\/radio.fcejs.unsl.edu.ar\/index.php\/giraudo-programa-universidad-discapacidad-derechos\/#article","isPartOf":{"@id":"https:\/\/radio.fcejs.unsl.edu.ar\/index.php\/giraudo-programa-universidad-discapacidad-derechos\/"},"author":{"name":"Anibal Claveles","@id":"https:\/\/radio.fcejs.unsl.edu.ar\/#\/schema\/person\/112347a957e59cad859b59d7df7175f6"},"headline":"Luis Giraudo: \u201cEl v\u00ednculo con la UNSL es fundamental para avanzar en el conocimiento de la discapacidad\u201d","datePublished":"2024-05-22T16:39:01+00:00","dateModified":"2024-05-22T16:43:26+00:00","mainEntityOfPage":{"@id":"https:\/\/radio.fcejs.unsl.edu.ar\/index.php\/giraudo-programa-universidad-discapacidad-derechos\/"},"wordCount":730,"publisher":{"@id":"https:\/\/radio.fcejs.unsl.edu.ar\/#organization"},"image":{"@id":"https:\/\/radio.fcejs.unsl.edu.ar\/index.php\/giraudo-programa-universidad-discapacidad-derechos\/#primaryimage"},"thumbnailUrl":"https:\/\/radio.fcejs.unsl.edu.ar\/wp-content\/uploads\/2024\/05\/giraudo-front.jpg","articleSection":["Opini\u00f3n"],"inLanguage":"es-AR"},{"@type":"WebPage","@id":"https:\/\/radio.fcejs.unsl.edu.ar\/index.php\/giraudo-programa-universidad-discapacidad-derechos\/","url":"https:\/\/radio.fcejs.unsl.edu.ar\/index.php\/giraudo-programa-universidad-discapacidad-derechos\/","name":"Luis Giraudo: \u201cEl v\u00ednculo con la UNSL es fundamental para avanzar en el conocimiento de la discapacidad\u201d - Radio Universidad Villa Mercedes 97.5 | UNSL","isPartOf":{"@id":"https:\/\/radio.fcejs.unsl.edu.ar\/#website"},"primaryImageOfPage":{"@id":"https:\/\/radio.fcejs.unsl.edu.ar\/index.php\/giraudo-programa-universidad-discapacidad-derechos\/#primaryimage"},"image":{"@id":"https:\/\/radio.fcejs.unsl.edu.ar\/index.php\/giraudo-programa-universidad-discapacidad-derechos\/#primaryimage"},"thumbnailUrl":"https:\/\/radio.fcejs.unsl.edu.ar\/wp-content\/uploads\/2024\/05\/giraudo-front.jpg","datePublished":"2024-05-22T16:39:01+00:00","dateModified":"2024-05-22T16:43:26+00:00","breadcrumb":{"@id":"https:\/\/radio.fcejs.unsl.edu.ar\/index.php\/giraudo-programa-universidad-discapacidad-derechos\/#breadcrumb"},"inLanguage":"es-AR","potentialAction":[{"@type":"ReadAction","target":["https:\/\/radio.fcejs.unsl.edu.ar\/index.php\/giraudo-programa-universidad-discapacidad-derechos\/"]}]},{"@type":"ImageObject","inLanguage":"es-AR","@id":"https:\/\/radio.fcejs.unsl.edu.ar\/index.php\/giraudo-programa-universidad-discapacidad-derechos\/#primaryimage","url":"https:\/\/radio.fcejs.unsl.edu.ar\/wp-content\/uploads\/2024\/05\/giraudo-front.jpg","contentUrl":"https:\/\/radio.fcejs.unsl.edu.ar\/wp-content\/uploads\/2024\/05\/giraudo-front.jpg","width":1152,"height":647},{"@type":"BreadcrumbList","@id":"https:\/\/radio.fcejs.unsl.edu.ar\/index.php\/giraudo-programa-universidad-discapacidad-derechos\/#breadcrumb","itemListElement":[{"@type":"ListItem","position":1,"name":"Inicio","item":"https:\/\/radio.fcejs.unsl.edu.ar\/"},{"@type":"ListItem","position":2,"name":"Luis Giraudo: \u201cEl v\u00ednculo con la UNSL es fundamental para avanzar en el conocimiento de la discapacidad\u201d"}]},{"@type":"WebSite","@id":"https:\/\/radio.fcejs.unsl.edu.ar\/#website","url":"https:\/\/radio.fcejs.unsl.edu.ar\/","name":"Radio Universidad Villa Mercedes 97.5 | UNSL","description":"UNSL","publisher":{"@id":"https:\/\/radio.fcejs.unsl.edu.ar\/#organization"},"potentialAction":[{"@type":"SearchAction","target":{"@type":"EntryPoint","urlTemplate":"https:\/\/radio.fcejs.unsl.edu.ar\/?s={search_term_string}"},"query-input":{"@type":"PropertyValueSpecification","valueRequired":true,"valueName":"search_term_string"}}],"inLanguage":"es-AR"},{"@type":"Organization","@id":"https:\/\/radio.fcejs.unsl.edu.ar\/#organization","name":"Radio Universidad Villa Mercedes 97.5 | UNSL","url":"https:\/\/radio.fcejs.unsl.edu.ar\/","logo":{"@type":"ImageObject","inLanguage":"es-AR","@id":"https:\/\/radio.fcejs.unsl.edu.ar\/#\/schema\/logo\/image\/","url":"https:\/\/radio.fcejs.unsl.edu.ar\/wp-content\/uploads\/2023\/12\/cropped-radio-villa-mercedes-97-5.png","contentUrl":"https:\/\/radio.fcejs.unsl.edu.ar\/wp-content\/uploads\/2023\/12\/cropped-radio-villa-mercedes-97-5.png","width":908,"height":289,"caption":"Radio Universidad Villa Mercedes 97.5 | UNSL"},"image":{"@id":"https:\/\/radio.fcejs.unsl.edu.ar\/#\/schema\/logo\/image\/"}},{"@type":"Person","@id":"https:\/\/radio.fcejs.unsl.edu.ar\/#\/schema\/person\/112347a957e59cad859b59d7df7175f6","name":"Anibal Claveles","url":"https:\/\/radio.fcejs.unsl.edu.ar\/index.php\/author\/radio_edicion_fcejs\/"}]}},"_links":{"self":[{"href":"https:\/\/radio.fcejs.unsl.edu.ar\/index.php\/wp-json\/wp\/v2\/posts\/2144","targetHints":{"allow":["GET"]}}],"collection":[{"href":"https:\/\/radio.fcejs.unsl.edu.ar\/index.php\/wp-json\/wp\/v2\/posts"}],"about":[{"href":"https:\/\/radio.fcejs.unsl.edu.ar\/index.php\/wp-json\/wp\/v2\/types\/post"}],"author":[{"embeddable":true,"href":"https:\/\/radio.fcejs.unsl.edu.ar\/index.php\/wp-json\/wp\/v2\/users\/3"}],"replies":[{"embeddable":true,"href":"https:\/\/radio.fcejs.unsl.edu.ar\/index.php\/wp-json\/wp\/v2\/comments?post=2144"}],"version-history":[{"count":1,"href":"https:\/\/radio.fcejs.unsl.edu.ar\/index.php\/wp-json\/wp\/v2\/posts\/2144\/revisions"}],"predecessor-version":[{"id":2146,"href":"https:\/\/radio.fcejs.unsl.edu.ar\/index.php\/wp-json\/wp\/v2\/posts\/2144\/revisions\/2146"}],"wp:featuredmedia":[{"embeddable":true,"href":"https:\/\/radio.fcejs.unsl.edu.ar\/index.php\/wp-json\/wp\/v2\/media\/2145"}],"wp:attachment":[{"href":"https:\/\/radio.fcejs.unsl.edu.ar\/index.php\/wp-json\/wp\/v2\/media?parent=2144"}],"wp:term":[{"taxonomy":"category","embeddable":true,"href":"https:\/\/radio.fcejs.unsl.edu.ar\/index.php\/wp-json\/wp\/v2\/categories?post=2144"},{"taxonomy":"post_tag","embeddable":true,"href":"https:\/\/radio.fcejs.unsl.edu.ar\/index.php\/wp-json\/wp\/v2\/tags?post=2144"}],"curies":[{"name":"wp","href":"https:\/\/api.w.org\/{rel}","templated":true}]}}