{"id":1920,"date":"2024-03-27T11:35:59","date_gmt":"2024-03-27T11:35:59","guid":{"rendered":"https:\/\/radio.fcejs.unsl.edu.ar\/?p=1920"},"modified":"2024-03-27T18:44:30","modified_gmt":"2024-03-27T18:44:30","slug":"nueva-carrera-de-la-fcejs-especializacion-en-gestion-para-el-desarrollo-sostenible","status":"publish","type":"post","link":"https:\/\/radio.fcejs.unsl.edu.ar\/index.php\/nueva-carrera-de-la-fcejs-especializacion-en-gestion-para-el-desarrollo-sostenible\/","title":{"rendered":"Nueva carrera de la FCEJS: Especializaci\u00f3n en Gesti\u00f3n para el Desarrollo Sostenible"},"content":{"rendered":"<p>Ya se encuentra abierta la preinscripci\u00f3n para la Primera Cohorte de la &#8220;Especializaci\u00f3n en Gesti\u00f3n para el Desarrollo&#8221; , y su director, \u00a0el Dr. Guillermo Catuogno, nos cuenta de qu\u00e9 trata la carrera.<\/p>\n<p>La nueva propuesta acad\u00e9mica est\u00e1 destinada a profesionales de distintas disciplinas como las ciencias econ\u00f3micas, las sociales, las ingenier\u00edas y de otros \u00e1mbitos, que deseen profundizar su formaci\u00f3n\u00a0 sobre la Gesti\u00f3n para el Desarrollo sostenible, con un enfoque transdisciplinar, y\u00a0 trabajando sobre cuatro ejes: Uno tecnol\u00f3gico, uno econ\u00f3mico, otro jur\u00eddico y tambi\u00e9n uno social.<\/p>\n<p>La carrera tiene una duraci\u00f3n de 18 meses con una carga horario de 360 horas. Y si bien su modalidad de cursada es presencial, ofrece la posibilidad de modalidad sincr\u00f3nica (virtual) para quienes no son de la ciudad.<\/p>\n<audio class=\"wp-audio-shortcode\" id=\"audio-1920-1\" preload=\"none\" style=\"width: 100%;\" controls=\"controls\"><source type=\"audio\/mpeg\" src=\"https:\/\/radioupload.fica.unsl.edu.ar\/files\/jb\/Dr%20Guillermo%20Catuogno-%20Especializacion%20Des%20Sostenible.mp3?_=1\" \/><a href=\"https:\/\/radioupload.fica.unsl.edu.ar\/files\/jb\/Dr%20Guillermo%20Catuogno-%20Especializacion%20Des%20Sostenible.mp3\">https:\/\/radioupload.fica.unsl.edu.ar\/files\/jb\/Dr%20Guillermo%20Catuogno-%20Especializacion%20Des%20Sostenible.mp3<\/a><\/audio>\n<p>El inicio de la cursada empezar\u00eda a fines del mes de ABRIL de 2024.<\/p>\n<p>Para mayor informaci\u00f3n sobre costos y calendario previsto, contactarse por email a: investigacionyposgradofcejs@gmail.com<\/p>\n<h1 class=\"entry-title entry--item h2\"><\/h1>\n","protected":false},"excerpt":{"rendered":"<p>Ya se encuentra abierta la preinscripci\u00f3n para la Primera Cohorte de la &#8220;Especializaci\u00f3n en Gesti\u00f3n para el Desarrollo&#8221; , y su director, \u00a0el Dr. Guillermo Catuogno, nos cuenta de qu\u00e9 trata la carrera. La nueva propuesta acad\u00e9mica est\u00e1 destinada a profesionales de distintas disciplinas como las ciencias econ\u00f3micas, las sociales, las ingenier\u00edas y de otros&#8230;<\/p>\n","protected":false},"author":5,"featured_media":1936,"comment_status":"closed","ping_status":"closed","sticky":false,"template":"","format":"standard","meta":{"_kad_post_transparent":"","_kad_post_title":"","_kad_post_layout":"","_kad_post_sidebar_id":"","_kad_post_content_style":"","_kad_post_vertical_padding":"","_kad_post_feature":"","_kad_post_feature_position":"","_kad_post_header":false,"_kad_post_footer":false,"_kad_post_classname":"","footnotes":""},"categories":[14,1],"tags":[],"class_list":["post-1920","post","type-post","status-publish","format-standard","has-post-thumbnail","hentry","category-entrevistas","category-noticias"],"yoast_head":"<!-- This site is optimized with the Yoast SEO plugin v27.2 - https:\/\/yoast.com\/product\/yoast-seo-wordpress\/ -->\n<title>Nueva carrera de la FCEJS: Especializaci\u00f3n en Gesti\u00f3n para el Desarrollo Sostenible - Radio Universidad Villa Mercedes 97.5 | UNSL<\/title>\n<meta name=\"robots\" content=\"index, follow, max-snippet:-1, max-image-preview:large, max-video-preview:-1\" \/>\n<link rel=\"canonical\" href=\"https:\/\/radio.fcejs.unsl.edu.ar\/index.php\/nueva-carrera-de-la-fcejs-especializacion-en-gestion-para-el-desarrollo-sostenible\/\" \/>\n<meta property=\"og:locale\" content=\"es_ES\" \/>\n<meta property=\"og:type\" content=\"article\" \/>\n<meta property=\"og:title\" content=\"Nueva carrera de la FCEJS: Especializaci\u00f3n en Gesti\u00f3n para el Desarrollo Sostenible - Radio Universidad Villa Mercedes 97.5 | UNSL\" \/>\n<meta property=\"og:description\" content=\"Ya se encuentra abierta la preinscripci\u00f3n para la Primera Cohorte de la &#8220;Especializaci\u00f3n en Gesti\u00f3n para el Desarrollo&#8221; , y su director, \u00a0el Dr. Guillermo Catuogno, nos cuenta de qu\u00e9 trata la carrera. La nueva propuesta acad\u00e9mica est\u00e1 destinada a profesionales de distintas disciplinas como las ciencias econ\u00f3micas, las sociales, las ingenier\u00edas y de otros...\" \/>\n<meta property=\"og:url\" content=\"https:\/\/radio.fcejs.unsl.edu.ar\/index.php\/nueva-carrera-de-la-fcejs-especializacion-en-gestion-para-el-desarrollo-sostenible\/\" \/>\n<meta property=\"og:site_name\" content=\"Radio Universidad Villa Mercedes 97.5 | UNSL\" \/>\n<meta property=\"article:published_time\" content=\"2024-03-27T11:35:59+00:00\" \/>\n<meta property=\"article:modified_time\" content=\"2024-03-27T18:44:30+00:00\" \/>\n<meta property=\"og:image\" content=\"https:\/\/radio.fcejs.unsl.edu.ar\/wp-content\/uploads\/2024\/03\/Catuogno-opc-2-scaled-e1711565458964.jpg\" \/>\n\t<meta property=\"og:image:width\" content=\"1898\" \/>\n\t<meta property=\"og:image:height\" content=\"1403\" \/>\n\t<meta property=\"og:image:type\" content=\"image\/jpeg\" \/>\n<meta name=\"author\" content=\"Virginia Aguilera\" \/>\n<meta name=\"twitter:card\" content=\"summary_large_image\" \/>\n<meta name=\"twitter:label1\" content=\"Escrito por\" \/>\n\t<meta name=\"twitter:data1\" content=\"Virginia Aguilera\" \/>\n\t<meta name=\"twitter:label2\" content=\"Tiempo de lectura\" \/>\n\t<meta name=\"twitter:data2\" content=\"1 minuto\" \/>\n<script type=\"application\/ld+json\" class=\"yoast-schema-graph\">{\"@context\":\"https:\/\/schema.org\",\"@graph\":[{\"@type\":\"Article\",\"@id\":\"https:\/\/radio.fcejs.unsl.edu.ar\/index.php\/nueva-carrera-de-la-fcejs-especializacion-en-gestion-para-el-desarrollo-sostenible\/#article\",\"isPartOf\":{\"@id\":\"https:\/\/radio.fcejs.unsl.edu.ar\/index.php\/nueva-carrera-de-la-fcejs-especializacion-en-gestion-para-el-desarrollo-sostenible\/\"},\"author\":{\"name\":\"Virginia Aguilera\",\"@id\":\"https:\/\/radio.fcejs.unsl.edu.ar\/#\/schema\/person\/71179a56ee499ac8cd4e46f865c627c7\"},\"headline\":\"Nueva carrera de la FCEJS: Especializaci\u00f3n en Gesti\u00f3n para el Desarrollo Sostenible\",\"datePublished\":\"2024-03-27T11:35:59+00:00\",\"dateModified\":\"2024-03-27T18:44:30+00:00\",\"mainEntityOfPage\":{\"@id\":\"https:\/\/radio.fcejs.unsl.edu.ar\/index.php\/nueva-carrera-de-la-fcejs-especializacion-en-gestion-para-el-desarrollo-sostenible\/\"},\"wordCount\":197,\"publisher\":{\"@id\":\"https:\/\/radio.fcejs.unsl.edu.ar\/#organization\"},\"image\":{\"@id\":\"https:\/\/radio.fcejs.unsl.edu.ar\/index.php\/nueva-carrera-de-la-fcejs-especializacion-en-gestion-para-el-desarrollo-sostenible\/#primaryimage\"},\"thumbnailUrl\":\"https:\/\/radio.fcejs.unsl.edu.ar\/wp-content\/uploads\/2024\/03\/Catuogno-opc-2-scaled-e1711565458964.jpg\",\"articleSection\":[\"Entrevistas\",\"Noticias\"],\"inLanguage\":\"es-AR\"},{\"@type\":\"WebPage\",\"@id\":\"https:\/\/radio.fcejs.unsl.edu.ar\/index.php\/nueva-carrera-de-la-fcejs-especializacion-en-gestion-para-el-desarrollo-sostenible\/\",\"url\":\"https:\/\/radio.fcejs.unsl.edu.ar\/index.php\/nueva-carrera-de-la-fcejs-especializacion-en-gestion-para-el-desarrollo-sostenible\/\",\"name\":\"Nueva carrera de la FCEJS: Especializaci\u00f3n en Gesti\u00f3n para el Desarrollo Sostenible - Radio Universidad Villa Mercedes 97.5 | UNSL\",\"isPartOf\":{\"@id\":\"https:\/\/radio.fcejs.unsl.edu.ar\/#website\"},\"primaryImageOfPage\":{\"@id\":\"https:\/\/radio.fcejs.unsl.edu.ar\/index.php\/nueva-carrera-de-la-fcejs-especializacion-en-gestion-para-el-desarrollo-sostenible\/#primaryimage\"},\"image\":{\"@id\":\"https:\/\/radio.fcejs.unsl.edu.ar\/index.php\/nueva-carrera-de-la-fcejs-especializacion-en-gestion-para-el-desarrollo-sostenible\/#primaryimage\"},\"thumbnailUrl\":\"https:\/\/radio.fcejs.unsl.edu.ar\/wp-content\/uploads\/2024\/03\/Catuogno-opc-2-scaled-e1711565458964.jpg\",\"datePublished\":\"2024-03-27T11:35:59+00:00\",\"dateModified\":\"2024-03-27T18:44:30+00:00\",\"breadcrumb\":{\"@id\":\"https:\/\/radio.fcejs.unsl.edu.ar\/index.php\/nueva-carrera-de-la-fcejs-especializacion-en-gestion-para-el-desarrollo-sostenible\/#breadcrumb\"},\"inLanguage\":\"es-AR\",\"potentialAction\":[{\"@type\":\"ReadAction\",\"target\":[\"https:\/\/radio.fcejs.unsl.edu.ar\/index.php\/nueva-carrera-de-la-fcejs-especializacion-en-gestion-para-el-desarrollo-sostenible\/\"]}]},{\"@type\":\"ImageObject\",\"inLanguage\":\"es-AR\",\"@id\":\"https:\/\/radio.fcejs.unsl.edu.ar\/index.php\/nueva-carrera-de-la-fcejs-especializacion-en-gestion-para-el-desarrollo-sostenible\/#primaryimage\",\"url\":\"https:\/\/radio.fcejs.unsl.edu.ar\/wp-content\/uploads\/2024\/03\/Catuogno-opc-2-scaled-e1711565458964.jpg\",\"contentUrl\":\"https:\/\/radio.fcejs.unsl.edu.ar\/wp-content\/uploads\/2024\/03\/Catuogno-opc-2-scaled-e1711565458964.jpg\",\"width\":1898,\"height\":1403},{\"@type\":\"BreadcrumbList\",\"@id\":\"https:\/\/radio.fcejs.unsl.edu.ar\/index.php\/nueva-carrera-de-la-fcejs-especializacion-en-gestion-para-el-desarrollo-sostenible\/#breadcrumb\",\"itemListElement\":[{\"@type\":\"ListItem\",\"position\":1,\"name\":\"Inicio\",\"item\":\"https:\/\/radio.fcejs.unsl.edu.ar\/\"},{\"@type\":\"ListItem\",\"position\":2,\"name\":\"Nueva carrera de la FCEJS: Especializaci\u00f3n en Gesti\u00f3n para el Desarrollo Sostenible\"}]},{\"@type\":\"WebSite\",\"@id\":\"https:\/\/radio.fcejs.unsl.edu.ar\/#website\",\"url\":\"https:\/\/radio.fcejs.unsl.edu.ar\/\",\"name\":\"Radio Universidad Villa Mercedes 97.5 | UNSL\",\"description\":\"UNSL\",\"publisher\":{\"@id\":\"https:\/\/radio.fcejs.unsl.edu.ar\/#organization\"},\"potentialAction\":[{\"@type\":\"SearchAction\",\"target\":{\"@type\":\"EntryPoint\",\"urlTemplate\":\"https:\/\/radio.fcejs.unsl.edu.ar\/?s={search_term_string}\"},\"query-input\":{\"@type\":\"PropertyValueSpecification\",\"valueRequired\":true,\"valueName\":\"search_term_string\"}}],\"inLanguage\":\"es-AR\"},{\"@type\":\"Organization\",\"@id\":\"https:\/\/radio.fcejs.unsl.edu.ar\/#organization\",\"name\":\"Radio Universidad Villa Mercedes 97.5 | UNSL\",\"url\":\"https:\/\/radio.fcejs.unsl.edu.ar\/\",\"logo\":{\"@type\":\"ImageObject\",\"inLanguage\":\"es-AR\",\"@id\":\"https:\/\/radio.fcejs.unsl.edu.ar\/#\/schema\/logo\/image\/\",\"url\":\"https:\/\/radio.fcejs.unsl.edu.ar\/wp-content\/uploads\/2023\/12\/cropped-radio-villa-mercedes-97-5.png\",\"contentUrl\":\"https:\/\/radio.fcejs.unsl.edu.ar\/wp-content\/uploads\/2023\/12\/cropped-radio-villa-mercedes-97-5.png\",\"width\":908,\"height\":289,\"caption\":\"Radio Universidad Villa Mercedes 97.5 | UNSL\"},\"image\":{\"@id\":\"https:\/\/radio.fcejs.unsl.edu.ar\/#\/schema\/logo\/image\/\"}},{\"@type\":\"Person\",\"@id\":\"https:\/\/radio.fcejs.unsl.edu.ar\/#\/schema\/person\/71179a56ee499ac8cd4e46f865c627c7\",\"name\":\"Virginia Aguilera\",\"url\":\"https:\/\/radio.fcejs.unsl.edu.ar\/index.php\/author\/viraguilera\/\"}]}<\/script>\n<!-- \/ Yoast SEO plugin. -->","yoast_head_json":{"title":"Nueva carrera de la FCEJS: Especializaci\u00f3n en Gesti\u00f3n para el Desarrollo Sostenible - Radio Universidad Villa Mercedes 97.5 | UNSL","robots":{"index":"index","follow":"follow","max-snippet":"max-snippet:-1","max-image-preview":"max-image-preview:large","max-video-preview":"max-video-preview:-1"},"canonical":"https:\/\/radio.fcejs.unsl.edu.ar\/index.php\/nueva-carrera-de-la-fcejs-especializacion-en-gestion-para-el-desarrollo-sostenible\/","og_locale":"es_ES","og_type":"article","og_title":"Nueva carrera de la FCEJS: Especializaci\u00f3n en Gesti\u00f3n para el Desarrollo Sostenible - Radio Universidad Villa Mercedes 97.5 | UNSL","og_description":"Ya se encuentra abierta la preinscripci\u00f3n para la Primera Cohorte de la &#8220;Especializaci\u00f3n en Gesti\u00f3n para el Desarrollo&#8221; , y su director, \u00a0el Dr. Guillermo Catuogno, nos cuenta de qu\u00e9 trata la carrera. La nueva propuesta acad\u00e9mica est\u00e1 destinada a profesionales de distintas disciplinas como las ciencias econ\u00f3micas, las sociales, las ingenier\u00edas y de otros...","og_url":"https:\/\/radio.fcejs.unsl.edu.ar\/index.php\/nueva-carrera-de-la-fcejs-especializacion-en-gestion-para-el-desarrollo-sostenible\/","og_site_name":"Radio Universidad Villa Mercedes 97.5 | UNSL","article_published_time":"2024-03-27T11:35:59+00:00","article_modified_time":"2024-03-27T18:44:30+00:00","og_image":[{"width":1898,"height":1403,"url":"https:\/\/radio.fcejs.unsl.edu.ar\/wp-content\/uploads\/2024\/03\/Catuogno-opc-2-scaled-e1711565458964.jpg","type":"image\/jpeg"}],"author":"Virginia Aguilera","twitter_card":"summary_large_image","twitter_misc":{"Escrito por":"Virginia Aguilera","Tiempo de lectura":"1 minuto"},"schema":{"@context":"https:\/\/schema.org","@graph":[{"@type":"Article","@id":"https:\/\/radio.fcejs.unsl.edu.ar\/index.php\/nueva-carrera-de-la-fcejs-especializacion-en-gestion-para-el-desarrollo-sostenible\/#article","isPartOf":{"@id":"https:\/\/radio.fcejs.unsl.edu.ar\/index.php\/nueva-carrera-de-la-fcejs-especializacion-en-gestion-para-el-desarrollo-sostenible\/"},"author":{"name":"Virginia Aguilera","@id":"https:\/\/radio.fcejs.unsl.edu.ar\/#\/schema\/person\/71179a56ee499ac8cd4e46f865c627c7"},"headline":"Nueva carrera de la FCEJS: Especializaci\u00f3n en Gesti\u00f3n para el Desarrollo Sostenible","datePublished":"2024-03-27T11:35:59+00:00","dateModified":"2024-03-27T18:44:30+00:00","mainEntityOfPage":{"@id":"https:\/\/radio.fcejs.unsl.edu.ar\/index.php\/nueva-carrera-de-la-fcejs-especializacion-en-gestion-para-el-desarrollo-sostenible\/"},"wordCount":197,"publisher":{"@id":"https:\/\/radio.fcejs.unsl.edu.ar\/#organization"},"image":{"@id":"https:\/\/radio.fcejs.unsl.edu.ar\/index.php\/nueva-carrera-de-la-fcejs-especializacion-en-gestion-para-el-desarrollo-sostenible\/#primaryimage"},"thumbnailUrl":"https:\/\/radio.fcejs.unsl.edu.ar\/wp-content\/uploads\/2024\/03\/Catuogno-opc-2-scaled-e1711565458964.jpg","articleSection":["Entrevistas","Noticias"],"inLanguage":"es-AR"},{"@type":"WebPage","@id":"https:\/\/radio.fcejs.unsl.edu.ar\/index.php\/nueva-carrera-de-la-fcejs-especializacion-en-gestion-para-el-desarrollo-sostenible\/","url":"https:\/\/radio.fcejs.unsl.edu.ar\/index.php\/nueva-carrera-de-la-fcejs-especializacion-en-gestion-para-el-desarrollo-sostenible\/","name":"Nueva carrera de la FCEJS: Especializaci\u00f3n en Gesti\u00f3n para el Desarrollo Sostenible - Radio Universidad Villa Mercedes 97.5 | UNSL","isPartOf":{"@id":"https:\/\/radio.fcejs.unsl.edu.ar\/#website"},"primaryImageOfPage":{"@id":"https:\/\/radio.fcejs.unsl.edu.ar\/index.php\/nueva-carrera-de-la-fcejs-especializacion-en-gestion-para-el-desarrollo-sostenible\/#primaryimage"},"image":{"@id":"https:\/\/radio.fcejs.unsl.edu.ar\/index.php\/nueva-carrera-de-la-fcejs-especializacion-en-gestion-para-el-desarrollo-sostenible\/#primaryimage"},"thumbnailUrl":"https:\/\/radio.fcejs.unsl.edu.ar\/wp-content\/uploads\/2024\/03\/Catuogno-opc-2-scaled-e1711565458964.jpg","datePublished":"2024-03-27T11:35:59+00:00","dateModified":"2024-03-27T18:44:30+00:00","breadcrumb":{"@id":"https:\/\/radio.fcejs.unsl.edu.ar\/index.php\/nueva-carrera-de-la-fcejs-especializacion-en-gestion-para-el-desarrollo-sostenible\/#breadcrumb"},"inLanguage":"es-AR","potentialAction":[{"@type":"ReadAction","target":["https:\/\/radio.fcejs.unsl.edu.ar\/index.php\/nueva-carrera-de-la-fcejs-especializacion-en-gestion-para-el-desarrollo-sostenible\/"]}]},{"@type":"ImageObject","inLanguage":"es-AR","@id":"https:\/\/radio.fcejs.unsl.edu.ar\/index.php\/nueva-carrera-de-la-fcejs-especializacion-en-gestion-para-el-desarrollo-sostenible\/#primaryimage","url":"https:\/\/radio.fcejs.unsl.edu.ar\/wp-content\/uploads\/2024\/03\/Catuogno-opc-2-scaled-e1711565458964.jpg","contentUrl":"https:\/\/radio.fcejs.unsl.edu.ar\/wp-content\/uploads\/2024\/03\/Catuogno-opc-2-scaled-e1711565458964.jpg","width":1898,"height":1403},{"@type":"BreadcrumbList","@id":"https:\/\/radio.fcejs.unsl.edu.ar\/index.php\/nueva-carrera-de-la-fcejs-especializacion-en-gestion-para-el-desarrollo-sostenible\/#breadcrumb","itemListElement":[{"@type":"ListItem","position":1,"name":"Inicio","item":"https:\/\/radio.fcejs.unsl.edu.ar\/"},{"@type":"ListItem","position":2,"name":"Nueva carrera de la FCEJS: Especializaci\u00f3n en Gesti\u00f3n para el Desarrollo Sostenible"}]},{"@type":"WebSite","@id":"https:\/\/radio.fcejs.unsl.edu.ar\/#website","url":"https:\/\/radio.fcejs.unsl.edu.ar\/","name":"Radio Universidad Villa Mercedes 97.5 | UNSL","description":"UNSL","publisher":{"@id":"https:\/\/radio.fcejs.unsl.edu.ar\/#organization"},"potentialAction":[{"@type":"SearchAction","target":{"@type":"EntryPoint","urlTemplate":"https:\/\/radio.fcejs.unsl.edu.ar\/?s={search_term_string}"},"query-input":{"@type":"PropertyValueSpecification","valueRequired":true,"valueName":"search_term_string"}}],"inLanguage":"es-AR"},{"@type":"Organization","@id":"https:\/\/radio.fcejs.unsl.edu.ar\/#organization","name":"Radio Universidad Villa Mercedes 97.5 | UNSL","url":"https:\/\/radio.fcejs.unsl.edu.ar\/","logo":{"@type":"ImageObject","inLanguage":"es-AR","@id":"https:\/\/radio.fcejs.unsl.edu.ar\/#\/schema\/logo\/image\/","url":"https:\/\/radio.fcejs.unsl.edu.ar\/wp-content\/uploads\/2023\/12\/cropped-radio-villa-mercedes-97-5.png","contentUrl":"https:\/\/radio.fcejs.unsl.edu.ar\/wp-content\/uploads\/2023\/12\/cropped-radio-villa-mercedes-97-5.png","width":908,"height":289,"caption":"Radio Universidad Villa Mercedes 97.5 | UNSL"},"image":{"@id":"https:\/\/radio.fcejs.unsl.edu.ar\/#\/schema\/logo\/image\/"}},{"@type":"Person","@id":"https:\/\/radio.fcejs.unsl.edu.ar\/#\/schema\/person\/71179a56ee499ac8cd4e46f865c627c7","name":"Virginia Aguilera","url":"https:\/\/radio.fcejs.unsl.edu.ar\/index.php\/author\/viraguilera\/"}]}},"_links":{"self":[{"href":"https:\/\/radio.fcejs.unsl.edu.ar\/index.php\/wp-json\/wp\/v2\/posts\/1920","targetHints":{"allow":["GET"]}}],"collection":[{"href":"https:\/\/radio.fcejs.unsl.edu.ar\/index.php\/wp-json\/wp\/v2\/posts"}],"about":[{"href":"https:\/\/radio.fcejs.unsl.edu.ar\/index.php\/wp-json\/wp\/v2\/types\/post"}],"author":[{"embeddable":true,"href":"https:\/\/radio.fcejs.unsl.edu.ar\/index.php\/wp-json\/wp\/v2\/users\/5"}],"replies":[{"embeddable":true,"href":"https:\/\/radio.fcejs.unsl.edu.ar\/index.php\/wp-json\/wp\/v2\/comments?post=1920"}],"version-history":[{"count":8,"href":"https:\/\/radio.fcejs.unsl.edu.ar\/index.php\/wp-json\/wp\/v2\/posts\/1920\/revisions"}],"predecessor-version":[{"id":1924,"href":"https:\/\/radio.fcejs.unsl.edu.ar\/index.php\/wp-json\/wp\/v2\/posts\/1920\/revisions\/1924"}],"wp:featuredmedia":[{"embeddable":true,"href":"https:\/\/radio.fcejs.unsl.edu.ar\/index.php\/wp-json\/wp\/v2\/media\/1936"}],"wp:attachment":[{"href":"https:\/\/radio.fcejs.unsl.edu.ar\/index.php\/wp-json\/wp\/v2\/media?parent=1920"}],"wp:term":[{"taxonomy":"category","embeddable":true,"href":"https:\/\/radio.fcejs.unsl.edu.ar\/index.php\/wp-json\/wp\/v2\/categories?post=1920"},{"taxonomy":"post_tag","embeddable":true,"href":"https:\/\/radio.fcejs.unsl.edu.ar\/index.php\/wp-json\/wp\/v2\/tags?post=1920"}],"curies":[{"name":"wp","href":"https:\/\/api.w.org\/{rel}","templated":true}]}}