{"id":1906,"date":"2024-03-27T14:50:58","date_gmt":"2024-03-27T14:50:58","guid":{"rendered":"https:\/\/radio.fcejs.unsl.edu.ar\/?p=1906"},"modified":"2024-03-27T14:50:58","modified_gmt":"2024-03-27T14:50:58","slug":"in-profundis-en-el-campus","status":"publish","type":"post","link":"https:\/\/radio.fcejs.unsl.edu.ar\/index.php\/in-profundis-en-el-campus\/","title":{"rendered":"In Profundis: La Instalaci\u00f3n Audiovisual en el Campus Universitario"},"content":{"rendered":"<p>Federico Echave, docente del IFDC en Villa Mercedes,\u00a0 y Aylen Itat\u00ed Avila Bacci, estudiante de la Licenciatura en Trabajo Social de la FCEJS, nos brindan detalles de la muestra Audio visual que se encuentra instalada en el Hall acceso sur \u2013 Edificio central \u2013 del Campus Universitario de FCEJS \u2013 FICA- en Villa Mercedes.<\/p>\n<p style=\"text-align: left\">La muestra se enmarca dentro de las actividades que se desarrollan bajo la consigna \u201cElegimos MEMORIA\u201d y que se llevan a cabo en el Centro Universitario para conmemorar el Golpe de Estado de 1976.<\/p>\n<audio class=\"wp-audio-shortcode\" id=\"audio-1906-1\" preload=\"none\" style=\"width: 100%;\" controls=\"controls\"><source type=\"audio\/mpeg\" src=\"https:\/\/radioupload.fica.unsl.edu.ar\/files\/jb\/Nota%20p%20subir%20muestra%20audiovisual-%20lista.mp3?_=1\" \/><a href=\"https:\/\/radioupload.fica.unsl.edu.ar\/files\/jb\/Nota%20p%20subir%20muestra%20audiovisual-%20lista.mp3\">https:\/\/radioupload.fica.unsl.edu.ar\/files\/jb\/Nota%20p%20subir%20muestra%20audiovisual-%20lista.mp3<\/a><\/audio>\n<p>&nbsp;<\/p>\n<p>La intenci\u00f3n de la muestra es que aquellas personas que concurran a la misma, puedan acercarse o vivenciar de alg\u00fan modo las experiencias y testimonios de aquellas personas que vivieron y padecieron el terrorismo de Estado. Es una versi\u00f3n de la muestra original &#8220;In profundis&#8221;, en la cual es el audio el que tiene la mayor preponderancia, ya que recopila relatos y testimonios en primera persona de las v\u00edctimas de Estado.<\/p>\n<p>La instalaci\u00f3n del campus universitario, intenta recrear un centro clandestino de detenci\u00f3n, esperando generar una reacci\u00f3n en la persona que asista a la muestra.<\/p>\n<p><img fetchpriority=\"high\" decoding=\"async\" class=\" wp-image-1912 aligncenter\" src=\"http:\/\/radio.fcejs.unsl.edu.ar\/wp-content\/uploads\/2024\/03\/20240325_183622-300x139.jpg\" alt=\"\" width=\"360\" height=\"167\" srcset=\"https:\/\/radio.fcejs.unsl.edu.ar\/wp-content\/uploads\/2024\/03\/20240325_183622-300x139.jpg 300w, https:\/\/radio.fcejs.unsl.edu.ar\/wp-content\/uploads\/2024\/03\/20240325_183622-1024x473.jpg 1024w, https:\/\/radio.fcejs.unsl.edu.ar\/wp-content\/uploads\/2024\/03\/20240325_183622-768x355.jpg 768w, https:\/\/radio.fcejs.unsl.edu.ar\/wp-content\/uploads\/2024\/03\/20240325_183622-1536x709.jpg 1536w, https:\/\/radio.fcejs.unsl.edu.ar\/wp-content\/uploads\/2024\/03\/20240325_183622-2048x946.jpg 2048w\" sizes=\"(max-width: 360px) 100vw, 360px\" \/><\/p>\n<p>La obra\u00a0 \u201cIn profundis\u201d propone un di\u00e1logo hist\u00f3rico entre ciertos sucesos ocurridos en la \u00faltima dictadura c\u00edvico-militar argentina (1976-1983) y la guerra civil espa\u00f1ola. Tal relaci\u00f3n surge porque la instalaci\u00f3n fue creada en el a\u00f1o 2016, al haberse cumplido 40 a\u00f1os del golpe de estado de 1976 (24 de marzo) y 80 a\u00f1os del comienzo de la guerra civil espa\u00f1ola (1936) y surgiendo a partir de all\u00ed cantidad de paralelismos, sobre todo en cuanto al accionar represivo y clandestino por parte del Estado.<\/p>\n<p>&nbsp;<\/p>\n","protected":false},"excerpt":{"rendered":"<p>Federico Echave, docente del IFDC en Villa Mercedes,\u00a0 y Aylen Itat\u00ed Avila Bacci, estudiante de la Licenciatura en Trabajo Social de la FCEJS, nos brindan detalles de la muestra Audio visual que se encuentra instalada en el Hall acceso sur \u2013 Edificio central \u2013 del Campus Universitario de FCEJS \u2013 FICA- en Villa Mercedes. La&#8230;<\/p>\n","protected":false},"author":5,"featured_media":1910,"comment_status":"closed","ping_status":"closed","sticky":false,"template":"","format":"standard","meta":{"_kad_post_transparent":"","_kad_post_title":"","_kad_post_layout":"","_kad_post_sidebar_id":"","_kad_post_content_style":"","_kad_post_vertical_padding":"","_kad_post_feature":"","_kad_post_feature_position":"","_kad_post_header":false,"_kad_post_footer":false,"_kad_post_classname":"","footnotes":""},"categories":[14,1],"tags":[],"class_list":["post-1906","post","type-post","status-publish","format-standard","has-post-thumbnail","hentry","category-entrevistas","category-noticias"],"yoast_head":"<!-- This site is optimized with the Yoast SEO plugin v27.2 - https:\/\/yoast.com\/product\/yoast-seo-wordpress\/ -->\n<title>In Profundis: La Instalaci\u00f3n Audiovisual en el Campus Universitario - Radio Universidad Villa Mercedes 97.5 | UNSL<\/title>\n<meta name=\"robots\" content=\"index, follow, max-snippet:-1, max-image-preview:large, max-video-preview:-1\" \/>\n<link rel=\"canonical\" href=\"https:\/\/radio.fcejs.unsl.edu.ar\/index.php\/in-profundis-en-el-campus\/\" \/>\n<meta property=\"og:locale\" content=\"es_ES\" \/>\n<meta property=\"og:type\" content=\"article\" \/>\n<meta property=\"og:title\" content=\"In Profundis: La Instalaci\u00f3n Audiovisual en el Campus Universitario - Radio Universidad Villa Mercedes 97.5 | UNSL\" \/>\n<meta property=\"og:description\" content=\"Federico Echave, docente del IFDC en Villa Mercedes,\u00a0 y Aylen Itat\u00ed Avila Bacci, estudiante de la Licenciatura en Trabajo Social de la FCEJS, nos brindan detalles de la muestra Audio visual que se encuentra instalada en el Hall acceso sur \u2013 Edificio central \u2013 del Campus Universitario de FCEJS \u2013 FICA- en Villa Mercedes. La...\" \/>\n<meta property=\"og:url\" content=\"https:\/\/radio.fcejs.unsl.edu.ar\/index.php\/in-profundis-en-el-campus\/\" \/>\n<meta property=\"og:site_name\" content=\"Radio Universidad Villa Mercedes 97.5 | UNSL\" \/>\n<meta property=\"article:published_time\" content=\"2024-03-27T14:50:58+00:00\" \/>\n<meta property=\"og:image\" content=\"https:\/\/radio.fcejs.unsl.edu.ar\/wp-content\/uploads\/2024\/03\/20240321_173605-scaled.jpg\" \/>\n\t<meta property=\"og:image:width\" content=\"2560\" \/>\n\t<meta property=\"og:image:height\" content=\"1248\" \/>\n\t<meta property=\"og:image:type\" content=\"image\/jpeg\" \/>\n<meta name=\"author\" content=\"Virginia Aguilera\" \/>\n<meta name=\"twitter:card\" content=\"summary_large_image\" \/>\n<meta name=\"twitter:label1\" content=\"Escrito por\" \/>\n\t<meta name=\"twitter:data1\" content=\"Virginia Aguilera\" \/>\n\t<meta name=\"twitter:label2\" content=\"Tiempo de lectura\" \/>\n\t<meta name=\"twitter:data2\" content=\"1 minuto\" \/>\n<script type=\"application\/ld+json\" class=\"yoast-schema-graph\">{\"@context\":\"https:\/\/schema.org\",\"@graph\":[{\"@type\":\"Article\",\"@id\":\"https:\/\/radio.fcejs.unsl.edu.ar\/index.php\/in-profundis-en-el-campus\/#article\",\"isPartOf\":{\"@id\":\"https:\/\/radio.fcejs.unsl.edu.ar\/index.php\/in-profundis-en-el-campus\/\"},\"author\":{\"name\":\"Virginia Aguilera\",\"@id\":\"https:\/\/radio.fcejs.unsl.edu.ar\/#\/schema\/person\/71179a56ee499ac8cd4e46f865c627c7\"},\"headline\":\"In Profundis: La Instalaci\u00f3n Audiovisual en el Campus Universitario\",\"datePublished\":\"2024-03-27T14:50:58+00:00\",\"mainEntityOfPage\":{\"@id\":\"https:\/\/radio.fcejs.unsl.edu.ar\/index.php\/in-profundis-en-el-campus\/\"},\"wordCount\":302,\"publisher\":{\"@id\":\"https:\/\/radio.fcejs.unsl.edu.ar\/#organization\"},\"image\":{\"@id\":\"https:\/\/radio.fcejs.unsl.edu.ar\/index.php\/in-profundis-en-el-campus\/#primaryimage\"},\"thumbnailUrl\":\"https:\/\/radio.fcejs.unsl.edu.ar\/wp-content\/uploads\/2024\/03\/20240321_173605-scaled.jpg\",\"articleSection\":[\"Entrevistas\",\"Noticias\"],\"inLanguage\":\"es-AR\"},{\"@type\":\"WebPage\",\"@id\":\"https:\/\/radio.fcejs.unsl.edu.ar\/index.php\/in-profundis-en-el-campus\/\",\"url\":\"https:\/\/radio.fcejs.unsl.edu.ar\/index.php\/in-profundis-en-el-campus\/\",\"name\":\"In Profundis: La Instalaci\u00f3n Audiovisual en el Campus Universitario - Radio Universidad Villa Mercedes 97.5 | UNSL\",\"isPartOf\":{\"@id\":\"https:\/\/radio.fcejs.unsl.edu.ar\/#website\"},\"primaryImageOfPage\":{\"@id\":\"https:\/\/radio.fcejs.unsl.edu.ar\/index.php\/in-profundis-en-el-campus\/#primaryimage\"},\"image\":{\"@id\":\"https:\/\/radio.fcejs.unsl.edu.ar\/index.php\/in-profundis-en-el-campus\/#primaryimage\"},\"thumbnailUrl\":\"https:\/\/radio.fcejs.unsl.edu.ar\/wp-content\/uploads\/2024\/03\/20240321_173605-scaled.jpg\",\"datePublished\":\"2024-03-27T14:50:58+00:00\",\"breadcrumb\":{\"@id\":\"https:\/\/radio.fcejs.unsl.edu.ar\/index.php\/in-profundis-en-el-campus\/#breadcrumb\"},\"inLanguage\":\"es-AR\",\"potentialAction\":[{\"@type\":\"ReadAction\",\"target\":[\"https:\/\/radio.fcejs.unsl.edu.ar\/index.php\/in-profundis-en-el-campus\/\"]}]},{\"@type\":\"ImageObject\",\"inLanguage\":\"es-AR\",\"@id\":\"https:\/\/radio.fcejs.unsl.edu.ar\/index.php\/in-profundis-en-el-campus\/#primaryimage\",\"url\":\"https:\/\/radio.fcejs.unsl.edu.ar\/wp-content\/uploads\/2024\/03\/20240321_173605-scaled.jpg\",\"contentUrl\":\"https:\/\/radio.fcejs.unsl.edu.ar\/wp-content\/uploads\/2024\/03\/20240321_173605-scaled.jpg\",\"width\":2560,\"height\":1248},{\"@type\":\"BreadcrumbList\",\"@id\":\"https:\/\/radio.fcejs.unsl.edu.ar\/index.php\/in-profundis-en-el-campus\/#breadcrumb\",\"itemListElement\":[{\"@type\":\"ListItem\",\"position\":1,\"name\":\"Inicio\",\"item\":\"https:\/\/radio.fcejs.unsl.edu.ar\/\"},{\"@type\":\"ListItem\",\"position\":2,\"name\":\"In Profundis: La Instalaci\u00f3n Audiovisual en el Campus Universitario\"}]},{\"@type\":\"WebSite\",\"@id\":\"https:\/\/radio.fcejs.unsl.edu.ar\/#website\",\"url\":\"https:\/\/radio.fcejs.unsl.edu.ar\/\",\"name\":\"Radio Universidad Villa Mercedes 97.5 | UNSL\",\"description\":\"UNSL\",\"publisher\":{\"@id\":\"https:\/\/radio.fcejs.unsl.edu.ar\/#organization\"},\"potentialAction\":[{\"@type\":\"SearchAction\",\"target\":{\"@type\":\"EntryPoint\",\"urlTemplate\":\"https:\/\/radio.fcejs.unsl.edu.ar\/?s={search_term_string}\"},\"query-input\":{\"@type\":\"PropertyValueSpecification\",\"valueRequired\":true,\"valueName\":\"search_term_string\"}}],\"inLanguage\":\"es-AR\"},{\"@type\":\"Organization\",\"@id\":\"https:\/\/radio.fcejs.unsl.edu.ar\/#organization\",\"name\":\"Radio Universidad Villa Mercedes 97.5 | UNSL\",\"url\":\"https:\/\/radio.fcejs.unsl.edu.ar\/\",\"logo\":{\"@type\":\"ImageObject\",\"inLanguage\":\"es-AR\",\"@id\":\"https:\/\/radio.fcejs.unsl.edu.ar\/#\/schema\/logo\/image\/\",\"url\":\"https:\/\/radio.fcejs.unsl.edu.ar\/wp-content\/uploads\/2023\/12\/cropped-radio-villa-mercedes-97-5.png\",\"contentUrl\":\"https:\/\/radio.fcejs.unsl.edu.ar\/wp-content\/uploads\/2023\/12\/cropped-radio-villa-mercedes-97-5.png\",\"width\":908,\"height\":289,\"caption\":\"Radio Universidad Villa Mercedes 97.5 | UNSL\"},\"image\":{\"@id\":\"https:\/\/radio.fcejs.unsl.edu.ar\/#\/schema\/logo\/image\/\"}},{\"@type\":\"Person\",\"@id\":\"https:\/\/radio.fcejs.unsl.edu.ar\/#\/schema\/person\/71179a56ee499ac8cd4e46f865c627c7\",\"name\":\"Virginia Aguilera\",\"url\":\"https:\/\/radio.fcejs.unsl.edu.ar\/index.php\/author\/viraguilera\/\"}]}<\/script>\n<!-- \/ Yoast SEO plugin. -->","yoast_head_json":{"title":"In Profundis: La Instalaci\u00f3n Audiovisual en el Campus Universitario - Radio Universidad Villa Mercedes 97.5 | UNSL","robots":{"index":"index","follow":"follow","max-snippet":"max-snippet:-1","max-image-preview":"max-image-preview:large","max-video-preview":"max-video-preview:-1"},"canonical":"https:\/\/radio.fcejs.unsl.edu.ar\/index.php\/in-profundis-en-el-campus\/","og_locale":"es_ES","og_type":"article","og_title":"In Profundis: La Instalaci\u00f3n Audiovisual en el Campus Universitario - Radio Universidad Villa Mercedes 97.5 | UNSL","og_description":"Federico Echave, docente del IFDC en Villa Mercedes,\u00a0 y Aylen Itat\u00ed Avila Bacci, estudiante de la Licenciatura en Trabajo Social de la FCEJS, nos brindan detalles de la muestra Audio visual que se encuentra instalada en el Hall acceso sur \u2013 Edificio central \u2013 del Campus Universitario de FCEJS \u2013 FICA- en Villa Mercedes. La...","og_url":"https:\/\/radio.fcejs.unsl.edu.ar\/index.php\/in-profundis-en-el-campus\/","og_site_name":"Radio Universidad Villa Mercedes 97.5 | UNSL","article_published_time":"2024-03-27T14:50:58+00:00","og_image":[{"width":2560,"height":1248,"url":"https:\/\/radio.fcejs.unsl.edu.ar\/wp-content\/uploads\/2024\/03\/20240321_173605-scaled.jpg","type":"image\/jpeg"}],"author":"Virginia Aguilera","twitter_card":"summary_large_image","twitter_misc":{"Escrito por":"Virginia Aguilera","Tiempo de lectura":"1 minuto"},"schema":{"@context":"https:\/\/schema.org","@graph":[{"@type":"Article","@id":"https:\/\/radio.fcejs.unsl.edu.ar\/index.php\/in-profundis-en-el-campus\/#article","isPartOf":{"@id":"https:\/\/radio.fcejs.unsl.edu.ar\/index.php\/in-profundis-en-el-campus\/"},"author":{"name":"Virginia Aguilera","@id":"https:\/\/radio.fcejs.unsl.edu.ar\/#\/schema\/person\/71179a56ee499ac8cd4e46f865c627c7"},"headline":"In Profundis: La Instalaci\u00f3n Audiovisual en el Campus Universitario","datePublished":"2024-03-27T14:50:58+00:00","mainEntityOfPage":{"@id":"https:\/\/radio.fcejs.unsl.edu.ar\/index.php\/in-profundis-en-el-campus\/"},"wordCount":302,"publisher":{"@id":"https:\/\/radio.fcejs.unsl.edu.ar\/#organization"},"image":{"@id":"https:\/\/radio.fcejs.unsl.edu.ar\/index.php\/in-profundis-en-el-campus\/#primaryimage"},"thumbnailUrl":"https:\/\/radio.fcejs.unsl.edu.ar\/wp-content\/uploads\/2024\/03\/20240321_173605-scaled.jpg","articleSection":["Entrevistas","Noticias"],"inLanguage":"es-AR"},{"@type":"WebPage","@id":"https:\/\/radio.fcejs.unsl.edu.ar\/index.php\/in-profundis-en-el-campus\/","url":"https:\/\/radio.fcejs.unsl.edu.ar\/index.php\/in-profundis-en-el-campus\/","name":"In Profundis: La Instalaci\u00f3n Audiovisual en el Campus Universitario - Radio Universidad Villa Mercedes 97.5 | UNSL","isPartOf":{"@id":"https:\/\/radio.fcejs.unsl.edu.ar\/#website"},"primaryImageOfPage":{"@id":"https:\/\/radio.fcejs.unsl.edu.ar\/index.php\/in-profundis-en-el-campus\/#primaryimage"},"image":{"@id":"https:\/\/radio.fcejs.unsl.edu.ar\/index.php\/in-profundis-en-el-campus\/#primaryimage"},"thumbnailUrl":"https:\/\/radio.fcejs.unsl.edu.ar\/wp-content\/uploads\/2024\/03\/20240321_173605-scaled.jpg","datePublished":"2024-03-27T14:50:58+00:00","breadcrumb":{"@id":"https:\/\/radio.fcejs.unsl.edu.ar\/index.php\/in-profundis-en-el-campus\/#breadcrumb"},"inLanguage":"es-AR","potentialAction":[{"@type":"ReadAction","target":["https:\/\/radio.fcejs.unsl.edu.ar\/index.php\/in-profundis-en-el-campus\/"]}]},{"@type":"ImageObject","inLanguage":"es-AR","@id":"https:\/\/radio.fcejs.unsl.edu.ar\/index.php\/in-profundis-en-el-campus\/#primaryimage","url":"https:\/\/radio.fcejs.unsl.edu.ar\/wp-content\/uploads\/2024\/03\/20240321_173605-scaled.jpg","contentUrl":"https:\/\/radio.fcejs.unsl.edu.ar\/wp-content\/uploads\/2024\/03\/20240321_173605-scaled.jpg","width":2560,"height":1248},{"@type":"BreadcrumbList","@id":"https:\/\/radio.fcejs.unsl.edu.ar\/index.php\/in-profundis-en-el-campus\/#breadcrumb","itemListElement":[{"@type":"ListItem","position":1,"name":"Inicio","item":"https:\/\/radio.fcejs.unsl.edu.ar\/"},{"@type":"ListItem","position":2,"name":"In Profundis: La Instalaci\u00f3n Audiovisual en el Campus Universitario"}]},{"@type":"WebSite","@id":"https:\/\/radio.fcejs.unsl.edu.ar\/#website","url":"https:\/\/radio.fcejs.unsl.edu.ar\/","name":"Radio Universidad Villa Mercedes 97.5 | UNSL","description":"UNSL","publisher":{"@id":"https:\/\/radio.fcejs.unsl.edu.ar\/#organization"},"potentialAction":[{"@type":"SearchAction","target":{"@type":"EntryPoint","urlTemplate":"https:\/\/radio.fcejs.unsl.edu.ar\/?s={search_term_string}"},"query-input":{"@type":"PropertyValueSpecification","valueRequired":true,"valueName":"search_term_string"}}],"inLanguage":"es-AR"},{"@type":"Organization","@id":"https:\/\/radio.fcejs.unsl.edu.ar\/#organization","name":"Radio Universidad Villa Mercedes 97.5 | UNSL","url":"https:\/\/radio.fcejs.unsl.edu.ar\/","logo":{"@type":"ImageObject","inLanguage":"es-AR","@id":"https:\/\/radio.fcejs.unsl.edu.ar\/#\/schema\/logo\/image\/","url":"https:\/\/radio.fcejs.unsl.edu.ar\/wp-content\/uploads\/2023\/12\/cropped-radio-villa-mercedes-97-5.png","contentUrl":"https:\/\/radio.fcejs.unsl.edu.ar\/wp-content\/uploads\/2023\/12\/cropped-radio-villa-mercedes-97-5.png","width":908,"height":289,"caption":"Radio Universidad Villa Mercedes 97.5 | UNSL"},"image":{"@id":"https:\/\/radio.fcejs.unsl.edu.ar\/#\/schema\/logo\/image\/"}},{"@type":"Person","@id":"https:\/\/radio.fcejs.unsl.edu.ar\/#\/schema\/person\/71179a56ee499ac8cd4e46f865c627c7","name":"Virginia Aguilera","url":"https:\/\/radio.fcejs.unsl.edu.ar\/index.php\/author\/viraguilera\/"}]}},"_links":{"self":[{"href":"https:\/\/radio.fcejs.unsl.edu.ar\/index.php\/wp-json\/wp\/v2\/posts\/1906","targetHints":{"allow":["GET"]}}],"collection":[{"href":"https:\/\/radio.fcejs.unsl.edu.ar\/index.php\/wp-json\/wp\/v2\/posts"}],"about":[{"href":"https:\/\/radio.fcejs.unsl.edu.ar\/index.php\/wp-json\/wp\/v2\/types\/post"}],"author":[{"embeddable":true,"href":"https:\/\/radio.fcejs.unsl.edu.ar\/index.php\/wp-json\/wp\/v2\/users\/5"}],"replies":[{"embeddable":true,"href":"https:\/\/radio.fcejs.unsl.edu.ar\/index.php\/wp-json\/wp\/v2\/comments?post=1906"}],"version-history":[{"count":4,"href":"https:\/\/radio.fcejs.unsl.edu.ar\/index.php\/wp-json\/wp\/v2\/posts\/1906\/revisions"}],"predecessor-version":[{"id":1934,"href":"https:\/\/radio.fcejs.unsl.edu.ar\/index.php\/wp-json\/wp\/v2\/posts\/1906\/revisions\/1934"}],"wp:featuredmedia":[{"embeddable":true,"href":"https:\/\/radio.fcejs.unsl.edu.ar\/index.php\/wp-json\/wp\/v2\/media\/1910"}],"wp:attachment":[{"href":"https:\/\/radio.fcejs.unsl.edu.ar\/index.php\/wp-json\/wp\/v2\/media?parent=1906"}],"wp:term":[{"taxonomy":"category","embeddable":true,"href":"https:\/\/radio.fcejs.unsl.edu.ar\/index.php\/wp-json\/wp\/v2\/categories?post=1906"},{"taxonomy":"post_tag","embeddable":true,"href":"https:\/\/radio.fcejs.unsl.edu.ar\/index.php\/wp-json\/wp\/v2\/tags?post=1906"}],"curies":[{"name":"wp","href":"https:\/\/api.w.org\/{rel}","templated":true}]}}