{"id":1692,"date":"2024-03-05T12:32:56","date_gmt":"2024-03-05T12:32:56","guid":{"rendered":"https:\/\/radio.fcejs.unsl.edu.ar\/?p=1692"},"modified":"2024-03-05T12:32:56","modified_gmt":"2024-03-05T12:32:56","slug":"la-fcejs-y-la-secretaria-de-discapacidad-juntas-para-reforzar-la-inclusion","status":"publish","type":"post","link":"https:\/\/radio.fcejs.unsl.edu.ar\/index.php\/la-fcejs-y-la-secretaria-de-discapacidad-juntas-para-reforzar-la-inclusion\/","title":{"rendered":"La FCEJS y la Secretar\u00eda de Discapacidad juntas para reforzar la inclusi\u00f3n"},"content":{"rendered":"<p>En el Centro Universitario Villa Mercedes, la FCEJS y la Secretar\u00eda de Estado de Personas con Discapacidad de la provincia firmaron un convenio marco para ampliar y reforzar la inclusi\u00f3n, tanto en el \u00e1mbito de los estudios universitarios, como en las pol\u00edticas p\u00fablicas y sociales que implementa el gobierno.<\/p>\n<p>El acuerdo se rubric\u00f3 en la ma\u00f1ana de este mi\u00e9rcoles 21 de febrero en la Sala del Consejo Directivo del campus del Centro Universitario Villa Mercedes de la UNSL. Participaron del encuentro, el Vicerrector, Mgtr. H\u00e9ctor Flores; el secretario de Estado de Personas con Discapacidad del gobierno de San Luis, Luis Giraudo; la decana de la FCEJS, Mgrt. Roxanna Camiletti; la Vicedecana, Esp. Hilda Maggi; la Secretaria de Extensi\u00f3n Universitaria, Lic. Pamela Bianco, el presidente de ICRED, Alejandro Maranghello, el responsable del \u00c1rea de Relaciones Interinstitucionales, Ing. Joaqu\u00edn Flores, dem\u00e1s autoridades de la facultad y funcionarios provinciales.<\/p>\n<p>&nbsp;<\/p>\n<audio class=\"wp-audio-shortcode\" id=\"audio-1692-1\" preload=\"none\" style=\"width: 100%;\" controls=\"controls\"><source type=\"audio\/mpeg\" src=\"https:\/\/radioupload.fica.unsl.edu.ar\/files\/jb\/Secretar%C3%ADa%20de%20Discapacidad%20.mp3?_=1\" \/><a href=\"https:\/\/radioupload.fica.unsl.edu.ar\/files\/jb\/Secretar%C3%ADa%20de%20Discapacidad%20.mp3\">https:\/\/radioupload.fica.unsl.edu.ar\/files\/jb\/Secretar%C3%ADa%20de%20Discapacidad%20.mp3<\/a><\/audio>\n<p>&nbsp;<\/p>\n<p>\u201cHoy es un d\u00eda de alegr\u00eda para la universidad porque nos visita el secretario de Discapacidad del gobierno y porque nos hemos juntado para hacer algo que es casi una obligaci\u00f3n moral de cualquiera que hoy est\u00e1 al frente de una instituci\u00f3n: sentarse, dialogar y tratar de unir esfuerzos para para cumplir con eso que nos gusta decir mucho, que somos una instituci\u00f3n inclusiva\u201d, coment\u00f3 el Vicerrector.<\/p>\n<p>\u201cPero la inclusi\u00f3n hay que demostrarla con hechos y esto es un hecho concreto. Por eso le agradecemos al secretario que nos haya visitado y nos quedamos con mucha expectativa por todo el trabajo a futuro que seguramente vamos a poder hacer\u201d, agreg\u00f3.<\/p>\n<p>&nbsp;<\/p>\n<p>Por su parte, la decana Roxanna Camiletti destac\u00f3 que para la FCEJS \u201ces un orgullo\u201d formar parte de la generaci\u00f3n de estas pol\u00edticas p\u00fablicas y de haber firmado este acuerdo con la Secretar\u00eda, que reafirman un compromiso: \u201cque La inclusi\u00f3n no solamente sea una palabra o un slogan sino una realidad\u2026 Desde la facultad ponemos a disposici\u00f3n todos nuestros equipos de profesionales y nuestros conocimientos para poder lograr eso\u201d.<\/p>\n","protected":false},"excerpt":{"rendered":"<p>En el Centro Universitario Villa Mercedes, la FCEJS y la Secretar\u00eda de Estado de Personas con Discapacidad de la provincia firmaron un convenio marco para ampliar y reforzar la inclusi\u00f3n, tanto en el \u00e1mbito de los estudios universitarios, como en las pol\u00edticas p\u00fablicas y sociales que implementa el gobierno. El acuerdo se rubric\u00f3 en la&#8230;<\/p>\n","protected":false},"author":3,"featured_media":1579,"comment_status":"closed","ping_status":"closed","sticky":false,"template":"","format":"standard","meta":{"_kad_post_transparent":"","_kad_post_title":"","_kad_post_layout":"","_kad_post_sidebar_id":"","_kad_post_content_style":"","_kad_post_vertical_padding":"","_kad_post_feature":"","_kad_post_feature_position":"","_kad_post_header":false,"_kad_post_footer":false,"_kad_post_classname":"","footnotes":""},"categories":[14],"tags":[],"class_list":["post-1692","post","type-post","status-publish","format-standard","has-post-thumbnail","hentry","category-entrevistas"],"yoast_head":"<!-- This site is optimized with the Yoast SEO plugin v27.2 - https:\/\/yoast.com\/product\/yoast-seo-wordpress\/ -->\n<title>La FCEJS y la Secretar\u00eda de Discapacidad juntas para reforzar la inclusi\u00f3n - Radio Universidad Villa Mercedes 97.5 | UNSL<\/title>\n<meta name=\"robots\" content=\"index, follow, max-snippet:-1, max-image-preview:large, max-video-preview:-1\" \/>\n<link rel=\"canonical\" href=\"https:\/\/radio.fcejs.unsl.edu.ar\/index.php\/la-fcejs-y-la-secretaria-de-discapacidad-juntas-para-reforzar-la-inclusion\/\" \/>\n<meta property=\"og:locale\" content=\"es_ES\" \/>\n<meta property=\"og:type\" content=\"article\" \/>\n<meta property=\"og:title\" content=\"La FCEJS y la Secretar\u00eda de Discapacidad juntas para reforzar la inclusi\u00f3n - Radio Universidad Villa Mercedes 97.5 | UNSL\" \/>\n<meta property=\"og:description\" content=\"En el Centro Universitario Villa Mercedes, la FCEJS y la Secretar\u00eda de Estado de Personas con Discapacidad de la provincia firmaron un convenio marco para ampliar y reforzar la inclusi\u00f3n, tanto en el \u00e1mbito de los estudios universitarios, como en las pol\u00edticas p\u00fablicas y sociales que implementa el gobierno. El acuerdo se rubric\u00f3 en la...\" \/>\n<meta property=\"og:url\" content=\"https:\/\/radio.fcejs.unsl.edu.ar\/index.php\/la-fcejs-y-la-secretaria-de-discapacidad-juntas-para-reforzar-la-inclusion\/\" \/>\n<meta property=\"og:site_name\" content=\"Radio Universidad Villa Mercedes 97.5 | UNSL\" \/>\n<meta property=\"article:published_time\" content=\"2024-03-05T12:32:56+00:00\" \/>\n<meta property=\"og:image\" content=\"https:\/\/radio.fcejs.unsl.edu.ar\/wp-content\/uploads\/2024\/02\/firma-convenio-discapacidad-2.jpg\" \/>\n\t<meta property=\"og:image:width\" content=\"1422\" \/>\n\t<meta property=\"og:image:height\" content=\"947\" \/>\n\t<meta property=\"og:image:type\" content=\"image\/jpeg\" \/>\n<meta name=\"author\" content=\"Anibal Claveles\" \/>\n<meta name=\"twitter:card\" content=\"summary_large_image\" \/>\n<meta name=\"twitter:label1\" content=\"Escrito por\" \/>\n\t<meta name=\"twitter:data1\" content=\"Anibal Claveles\" \/>\n\t<meta name=\"twitter:label2\" content=\"Tiempo de lectura\" \/>\n\t<meta name=\"twitter:data2\" content=\"2 minutos\" \/>\n<script type=\"application\/ld+json\" class=\"yoast-schema-graph\">{\"@context\":\"https:\/\/schema.org\",\"@graph\":[{\"@type\":\"Article\",\"@id\":\"https:\/\/radio.fcejs.unsl.edu.ar\/index.php\/la-fcejs-y-la-secretaria-de-discapacidad-juntas-para-reforzar-la-inclusion\/#article\",\"isPartOf\":{\"@id\":\"https:\/\/radio.fcejs.unsl.edu.ar\/index.php\/la-fcejs-y-la-secretaria-de-discapacidad-juntas-para-reforzar-la-inclusion\/\"},\"author\":{\"name\":\"Anibal Claveles\",\"@id\":\"https:\/\/radio.fcejs.unsl.edu.ar\/#\/schema\/person\/112347a957e59cad859b59d7df7175f6\"},\"headline\":\"La FCEJS y la Secretar\u00eda de Discapacidad juntas para reforzar la inclusi\u00f3n\",\"datePublished\":\"2024-03-05T12:32:56+00:00\",\"mainEntityOfPage\":{\"@id\":\"https:\/\/radio.fcejs.unsl.edu.ar\/index.php\/la-fcejs-y-la-secretaria-de-discapacidad-juntas-para-reforzar-la-inclusion\/\"},\"wordCount\":379,\"publisher\":{\"@id\":\"https:\/\/radio.fcejs.unsl.edu.ar\/#organization\"},\"image\":{\"@id\":\"https:\/\/radio.fcejs.unsl.edu.ar\/index.php\/la-fcejs-y-la-secretaria-de-discapacidad-juntas-para-reforzar-la-inclusion\/#primaryimage\"},\"thumbnailUrl\":\"https:\/\/radio.fcejs.unsl.edu.ar\/wp-content\/uploads\/2024\/02\/firma-convenio-discapacidad-2.jpg\",\"articleSection\":[\"Entrevistas\"],\"inLanguage\":\"es-AR\"},{\"@type\":\"WebPage\",\"@id\":\"https:\/\/radio.fcejs.unsl.edu.ar\/index.php\/la-fcejs-y-la-secretaria-de-discapacidad-juntas-para-reforzar-la-inclusion\/\",\"url\":\"https:\/\/radio.fcejs.unsl.edu.ar\/index.php\/la-fcejs-y-la-secretaria-de-discapacidad-juntas-para-reforzar-la-inclusion\/\",\"name\":\"La FCEJS y la Secretar\u00eda de Discapacidad juntas para reforzar la inclusi\u00f3n - Radio Universidad Villa Mercedes 97.5 | UNSL\",\"isPartOf\":{\"@id\":\"https:\/\/radio.fcejs.unsl.edu.ar\/#website\"},\"primaryImageOfPage\":{\"@id\":\"https:\/\/radio.fcejs.unsl.edu.ar\/index.php\/la-fcejs-y-la-secretaria-de-discapacidad-juntas-para-reforzar-la-inclusion\/#primaryimage\"},\"image\":{\"@id\":\"https:\/\/radio.fcejs.unsl.edu.ar\/index.php\/la-fcejs-y-la-secretaria-de-discapacidad-juntas-para-reforzar-la-inclusion\/#primaryimage\"},\"thumbnailUrl\":\"https:\/\/radio.fcejs.unsl.edu.ar\/wp-content\/uploads\/2024\/02\/firma-convenio-discapacidad-2.jpg\",\"datePublished\":\"2024-03-05T12:32:56+00:00\",\"breadcrumb\":{\"@id\":\"https:\/\/radio.fcejs.unsl.edu.ar\/index.php\/la-fcejs-y-la-secretaria-de-discapacidad-juntas-para-reforzar-la-inclusion\/#breadcrumb\"},\"inLanguage\":\"es-AR\",\"potentialAction\":[{\"@type\":\"ReadAction\",\"target\":[\"https:\/\/radio.fcejs.unsl.edu.ar\/index.php\/la-fcejs-y-la-secretaria-de-discapacidad-juntas-para-reforzar-la-inclusion\/\"]}]},{\"@type\":\"ImageObject\",\"inLanguage\":\"es-AR\",\"@id\":\"https:\/\/radio.fcejs.unsl.edu.ar\/index.php\/la-fcejs-y-la-secretaria-de-discapacidad-juntas-para-reforzar-la-inclusion\/#primaryimage\",\"url\":\"https:\/\/radio.fcejs.unsl.edu.ar\/wp-content\/uploads\/2024\/02\/firma-convenio-discapacidad-2.jpg\",\"contentUrl\":\"https:\/\/radio.fcejs.unsl.edu.ar\/wp-content\/uploads\/2024\/02\/firma-convenio-discapacidad-2.jpg\",\"width\":1422,\"height\":947},{\"@type\":\"BreadcrumbList\",\"@id\":\"https:\/\/radio.fcejs.unsl.edu.ar\/index.php\/la-fcejs-y-la-secretaria-de-discapacidad-juntas-para-reforzar-la-inclusion\/#breadcrumb\",\"itemListElement\":[{\"@type\":\"ListItem\",\"position\":1,\"name\":\"Inicio\",\"item\":\"https:\/\/radio.fcejs.unsl.edu.ar\/\"},{\"@type\":\"ListItem\",\"position\":2,\"name\":\"La FCEJS y la Secretar\u00eda de Discapacidad juntas para reforzar la inclusi\u00f3n\"}]},{\"@type\":\"WebSite\",\"@id\":\"https:\/\/radio.fcejs.unsl.edu.ar\/#website\",\"url\":\"https:\/\/radio.fcejs.unsl.edu.ar\/\",\"name\":\"Radio Universidad Villa Mercedes 97.5 | UNSL\",\"description\":\"UNSL\",\"publisher\":{\"@id\":\"https:\/\/radio.fcejs.unsl.edu.ar\/#organization\"},\"potentialAction\":[{\"@type\":\"SearchAction\",\"target\":{\"@type\":\"EntryPoint\",\"urlTemplate\":\"https:\/\/radio.fcejs.unsl.edu.ar\/?s={search_term_string}\"},\"query-input\":{\"@type\":\"PropertyValueSpecification\",\"valueRequired\":true,\"valueName\":\"search_term_string\"}}],\"inLanguage\":\"es-AR\"},{\"@type\":\"Organization\",\"@id\":\"https:\/\/radio.fcejs.unsl.edu.ar\/#organization\",\"name\":\"Radio Universidad Villa Mercedes 97.5 | UNSL\",\"url\":\"https:\/\/radio.fcejs.unsl.edu.ar\/\",\"logo\":{\"@type\":\"ImageObject\",\"inLanguage\":\"es-AR\",\"@id\":\"https:\/\/radio.fcejs.unsl.edu.ar\/#\/schema\/logo\/image\/\",\"url\":\"https:\/\/radio.fcejs.unsl.edu.ar\/wp-content\/uploads\/2023\/12\/cropped-radio-villa-mercedes-97-5.png\",\"contentUrl\":\"https:\/\/radio.fcejs.unsl.edu.ar\/wp-content\/uploads\/2023\/12\/cropped-radio-villa-mercedes-97-5.png\",\"width\":908,\"height\":289,\"caption\":\"Radio Universidad Villa Mercedes 97.5 | UNSL\"},\"image\":{\"@id\":\"https:\/\/radio.fcejs.unsl.edu.ar\/#\/schema\/logo\/image\/\"}},{\"@type\":\"Person\",\"@id\":\"https:\/\/radio.fcejs.unsl.edu.ar\/#\/schema\/person\/112347a957e59cad859b59d7df7175f6\",\"name\":\"Anibal Claveles\",\"url\":\"https:\/\/radio.fcejs.unsl.edu.ar\/index.php\/author\/radio_edicion_fcejs\/\"}]}<\/script>\n<!-- \/ Yoast SEO plugin. -->","yoast_head_json":{"title":"La FCEJS y la Secretar\u00eda de Discapacidad juntas para reforzar la inclusi\u00f3n - Radio Universidad Villa Mercedes 97.5 | UNSL","robots":{"index":"index","follow":"follow","max-snippet":"max-snippet:-1","max-image-preview":"max-image-preview:large","max-video-preview":"max-video-preview:-1"},"canonical":"https:\/\/radio.fcejs.unsl.edu.ar\/index.php\/la-fcejs-y-la-secretaria-de-discapacidad-juntas-para-reforzar-la-inclusion\/","og_locale":"es_ES","og_type":"article","og_title":"La FCEJS y la Secretar\u00eda de Discapacidad juntas para reforzar la inclusi\u00f3n - Radio Universidad Villa Mercedes 97.5 | UNSL","og_description":"En el Centro Universitario Villa Mercedes, la FCEJS y la Secretar\u00eda de Estado de Personas con Discapacidad de la provincia firmaron un convenio marco para ampliar y reforzar la inclusi\u00f3n, tanto en el \u00e1mbito de los estudios universitarios, como en las pol\u00edticas p\u00fablicas y sociales que implementa el gobierno. El acuerdo se rubric\u00f3 en la...","og_url":"https:\/\/radio.fcejs.unsl.edu.ar\/index.php\/la-fcejs-y-la-secretaria-de-discapacidad-juntas-para-reforzar-la-inclusion\/","og_site_name":"Radio Universidad Villa Mercedes 97.5 | UNSL","article_published_time":"2024-03-05T12:32:56+00:00","og_image":[{"width":1422,"height":947,"url":"https:\/\/radio.fcejs.unsl.edu.ar\/wp-content\/uploads\/2024\/02\/firma-convenio-discapacidad-2.jpg","type":"image\/jpeg"}],"author":"Anibal Claveles","twitter_card":"summary_large_image","twitter_misc":{"Escrito por":"Anibal Claveles","Tiempo de lectura":"2 minutos"},"schema":{"@context":"https:\/\/schema.org","@graph":[{"@type":"Article","@id":"https:\/\/radio.fcejs.unsl.edu.ar\/index.php\/la-fcejs-y-la-secretaria-de-discapacidad-juntas-para-reforzar-la-inclusion\/#article","isPartOf":{"@id":"https:\/\/radio.fcejs.unsl.edu.ar\/index.php\/la-fcejs-y-la-secretaria-de-discapacidad-juntas-para-reforzar-la-inclusion\/"},"author":{"name":"Anibal Claveles","@id":"https:\/\/radio.fcejs.unsl.edu.ar\/#\/schema\/person\/112347a957e59cad859b59d7df7175f6"},"headline":"La FCEJS y la Secretar\u00eda de Discapacidad juntas para reforzar la inclusi\u00f3n","datePublished":"2024-03-05T12:32:56+00:00","mainEntityOfPage":{"@id":"https:\/\/radio.fcejs.unsl.edu.ar\/index.php\/la-fcejs-y-la-secretaria-de-discapacidad-juntas-para-reforzar-la-inclusion\/"},"wordCount":379,"publisher":{"@id":"https:\/\/radio.fcejs.unsl.edu.ar\/#organization"},"image":{"@id":"https:\/\/radio.fcejs.unsl.edu.ar\/index.php\/la-fcejs-y-la-secretaria-de-discapacidad-juntas-para-reforzar-la-inclusion\/#primaryimage"},"thumbnailUrl":"https:\/\/radio.fcejs.unsl.edu.ar\/wp-content\/uploads\/2024\/02\/firma-convenio-discapacidad-2.jpg","articleSection":["Entrevistas"],"inLanguage":"es-AR"},{"@type":"WebPage","@id":"https:\/\/radio.fcejs.unsl.edu.ar\/index.php\/la-fcejs-y-la-secretaria-de-discapacidad-juntas-para-reforzar-la-inclusion\/","url":"https:\/\/radio.fcejs.unsl.edu.ar\/index.php\/la-fcejs-y-la-secretaria-de-discapacidad-juntas-para-reforzar-la-inclusion\/","name":"La FCEJS y la Secretar\u00eda de Discapacidad juntas para reforzar la inclusi\u00f3n - Radio Universidad Villa Mercedes 97.5 | UNSL","isPartOf":{"@id":"https:\/\/radio.fcejs.unsl.edu.ar\/#website"},"primaryImageOfPage":{"@id":"https:\/\/radio.fcejs.unsl.edu.ar\/index.php\/la-fcejs-y-la-secretaria-de-discapacidad-juntas-para-reforzar-la-inclusion\/#primaryimage"},"image":{"@id":"https:\/\/radio.fcejs.unsl.edu.ar\/index.php\/la-fcejs-y-la-secretaria-de-discapacidad-juntas-para-reforzar-la-inclusion\/#primaryimage"},"thumbnailUrl":"https:\/\/radio.fcejs.unsl.edu.ar\/wp-content\/uploads\/2024\/02\/firma-convenio-discapacidad-2.jpg","datePublished":"2024-03-05T12:32:56+00:00","breadcrumb":{"@id":"https:\/\/radio.fcejs.unsl.edu.ar\/index.php\/la-fcejs-y-la-secretaria-de-discapacidad-juntas-para-reforzar-la-inclusion\/#breadcrumb"},"inLanguage":"es-AR","potentialAction":[{"@type":"ReadAction","target":["https:\/\/radio.fcejs.unsl.edu.ar\/index.php\/la-fcejs-y-la-secretaria-de-discapacidad-juntas-para-reforzar-la-inclusion\/"]}]},{"@type":"ImageObject","inLanguage":"es-AR","@id":"https:\/\/radio.fcejs.unsl.edu.ar\/index.php\/la-fcejs-y-la-secretaria-de-discapacidad-juntas-para-reforzar-la-inclusion\/#primaryimage","url":"https:\/\/radio.fcejs.unsl.edu.ar\/wp-content\/uploads\/2024\/02\/firma-convenio-discapacidad-2.jpg","contentUrl":"https:\/\/radio.fcejs.unsl.edu.ar\/wp-content\/uploads\/2024\/02\/firma-convenio-discapacidad-2.jpg","width":1422,"height":947},{"@type":"BreadcrumbList","@id":"https:\/\/radio.fcejs.unsl.edu.ar\/index.php\/la-fcejs-y-la-secretaria-de-discapacidad-juntas-para-reforzar-la-inclusion\/#breadcrumb","itemListElement":[{"@type":"ListItem","position":1,"name":"Inicio","item":"https:\/\/radio.fcejs.unsl.edu.ar\/"},{"@type":"ListItem","position":2,"name":"La FCEJS y la Secretar\u00eda de Discapacidad juntas para reforzar la inclusi\u00f3n"}]},{"@type":"WebSite","@id":"https:\/\/radio.fcejs.unsl.edu.ar\/#website","url":"https:\/\/radio.fcejs.unsl.edu.ar\/","name":"Radio Universidad Villa Mercedes 97.5 | UNSL","description":"UNSL","publisher":{"@id":"https:\/\/radio.fcejs.unsl.edu.ar\/#organization"},"potentialAction":[{"@type":"SearchAction","target":{"@type":"EntryPoint","urlTemplate":"https:\/\/radio.fcejs.unsl.edu.ar\/?s={search_term_string}"},"query-input":{"@type":"PropertyValueSpecification","valueRequired":true,"valueName":"search_term_string"}}],"inLanguage":"es-AR"},{"@type":"Organization","@id":"https:\/\/radio.fcejs.unsl.edu.ar\/#organization","name":"Radio Universidad Villa Mercedes 97.5 | UNSL","url":"https:\/\/radio.fcejs.unsl.edu.ar\/","logo":{"@type":"ImageObject","inLanguage":"es-AR","@id":"https:\/\/radio.fcejs.unsl.edu.ar\/#\/schema\/logo\/image\/","url":"https:\/\/radio.fcejs.unsl.edu.ar\/wp-content\/uploads\/2023\/12\/cropped-radio-villa-mercedes-97-5.png","contentUrl":"https:\/\/radio.fcejs.unsl.edu.ar\/wp-content\/uploads\/2023\/12\/cropped-radio-villa-mercedes-97-5.png","width":908,"height":289,"caption":"Radio Universidad Villa Mercedes 97.5 | UNSL"},"image":{"@id":"https:\/\/radio.fcejs.unsl.edu.ar\/#\/schema\/logo\/image\/"}},{"@type":"Person","@id":"https:\/\/radio.fcejs.unsl.edu.ar\/#\/schema\/person\/112347a957e59cad859b59d7df7175f6","name":"Anibal Claveles","url":"https:\/\/radio.fcejs.unsl.edu.ar\/index.php\/author\/radio_edicion_fcejs\/"}]}},"_links":{"self":[{"href":"https:\/\/radio.fcejs.unsl.edu.ar\/index.php\/wp-json\/wp\/v2\/posts\/1692","targetHints":{"allow":["GET"]}}],"collection":[{"href":"https:\/\/radio.fcejs.unsl.edu.ar\/index.php\/wp-json\/wp\/v2\/posts"}],"about":[{"href":"https:\/\/radio.fcejs.unsl.edu.ar\/index.php\/wp-json\/wp\/v2\/types\/post"}],"author":[{"embeddable":true,"href":"https:\/\/radio.fcejs.unsl.edu.ar\/index.php\/wp-json\/wp\/v2\/users\/3"}],"replies":[{"embeddable":true,"href":"https:\/\/radio.fcejs.unsl.edu.ar\/index.php\/wp-json\/wp\/v2\/comments?post=1692"}],"version-history":[{"count":2,"href":"https:\/\/radio.fcejs.unsl.edu.ar\/index.php\/wp-json\/wp\/v2\/posts\/1692\/revisions"}],"predecessor-version":[{"id":1772,"href":"https:\/\/radio.fcejs.unsl.edu.ar\/index.php\/wp-json\/wp\/v2\/posts\/1692\/revisions\/1772"}],"wp:featuredmedia":[{"embeddable":true,"href":"https:\/\/radio.fcejs.unsl.edu.ar\/index.php\/wp-json\/wp\/v2\/media\/1579"}],"wp:attachment":[{"href":"https:\/\/radio.fcejs.unsl.edu.ar\/index.php\/wp-json\/wp\/v2\/media?parent=1692"}],"wp:term":[{"taxonomy":"category","embeddable":true,"href":"https:\/\/radio.fcejs.unsl.edu.ar\/index.php\/wp-json\/wp\/v2\/categories?post=1692"},{"taxonomy":"post_tag","embeddable":true,"href":"https:\/\/radio.fcejs.unsl.edu.ar\/index.php\/wp-json\/wp\/v2\/tags?post=1692"}],"curies":[{"name":"wp","href":"https:\/\/api.w.org\/{rel}","templated":true}]}}