{"id":1404,"date":"2024-02-20T14:27:37","date_gmt":"2024-02-20T14:27:37","guid":{"rendered":"https:\/\/radio.fcejs.unsl.edu.ar\/?p=1404"},"modified":"2025-08-14T11:34:40","modified_gmt":"2025-08-14T14:34:40","slug":"sabados-22-h-estilo-disco","status":"publish","type":"post","link":"https:\/\/radio.fcejs.unsl.edu.ar\/index.php\/sabados-22-h-estilo-disco\/","title":{"rendered":"ESTILO DISCO | S\u00e1bados 22 h"},"content":{"rendered":"\t\t<div data-elementor-type=\"wp-post\" data-elementor-id=\"1404\" class=\"elementor elementor-1404\">\n\t\t\t\t\t\t<section class=\"elementor-section elementor-top-section elementor-element elementor-element-10df9e55 elementor-section-boxed elementor-section-height-default elementor-section-height-default\" data-id=\"10df9e55\" data-element_type=\"section\" data-e-type=\"section\">\n\t\t\t\t\t\t<div class=\"elementor-container elementor-column-gap-default\">\n\t\t\t\t\t<div class=\"elementor-column elementor-col-50 elementor-top-column elementor-element elementor-element-1158e8e3\" data-id=\"1158e8e3\" data-element_type=\"column\" data-e-type=\"column\">\n\t\t\t<div class=\"elementor-widget-wrap elementor-element-populated\">\n\t\t\t\t\t\t<div class=\"elementor-element elementor-element-f458d51 elementor-widget elementor-widget-image\" data-id=\"f458d51\" data-element_type=\"widget\" data-e-type=\"widget\" data-widget_type=\"image.default\">\n\t\t\t\t<div class=\"elementor-widget-container\">\n\t\t\t\t\t\t\t\t\t\t\t\t\t\t\t<img decoding=\"async\" src=\"http:\/\/radio.fcejs.unsl.edu.ar\/wp-content\/uploads\/2024\/02\/estilo-disco-02.jpg\" title=\"\" alt=\"\" loading=\"lazy\" \/>\t\t\t\t\t\t\t\t\t\t\t\t\t\t\t<\/div>\n\t\t\t\t<\/div>\n\t\t\t\t<div class=\"elementor-element elementor-element-4ec232e3 elementor-widget elementor-widget-text-editor\" data-id=\"4ec232e3\" data-element_type=\"widget\" data-e-type=\"widget\" data-widget_type=\"text-editor.default\">\n\t\t\t\t<div class=\"elementor-widget-container\">\n\t\t\t\t\t\t\t\t\t<p>Para los amantes de la m\u00fasica Disco, Funky, Pop Rock, Tecno, R&amp;b, Rock, Soul y la m\u00fasica de los a\u00f1os dorados, \u00e9ste programa es el lugar indicado para disfrutar de una selecci\u00f3n musical exclusiva y la amena compa\u00f1\u00eda de una voz que te contar\u00e1 historias de esas canciones, y de esos tiempos memorables. <br \/><br \/>Producci\u00f3n y edici\u00f3n: Jorge Baigorria. Conducci\u00f3n: Virginia Aguilera. <br \/><br \/>Voces en Off: Pablo Almada.<\/p><p>S\u00e1bados de 22 a 24hs.<\/p>\t\t\t\t\t\t\t\t<\/div>\n\t\t\t\t<\/div>\n\t\t\t\t\t<\/div>\n\t\t<\/div>\n\t\t\t\t<div class=\"elementor-column elementor-col-50 elementor-top-column elementor-element elementor-element-a8247e1\" data-id=\"a8247e1\" data-element_type=\"column\" data-e-type=\"column\">\n\t\t\t<div class=\"elementor-widget-wrap elementor-element-populated\">\n\t\t\t\t\t\t<div class=\"elementor-element elementor-element-519815b elementor-widget elementor-widget-sidebar\" data-id=\"519815b\" data-element_type=\"widget\" data-e-type=\"widget\" data-widget_type=\"sidebar.default\">\n\t\t\t\t<div class=\"elementor-widget-container\">\n\t\t\t\t\t<section id=\"block-22\" class=\"widget widget_block widget_media_image\">\n<figure class=\"wp-block-image size-full\"><img fetchpriority=\"high\" decoding=\"async\" fetchpriority=\"high\" width=\"300\" height=\"300\" src=\"http:\/\/radio.fcejs.unsl.edu.ar\/wp-content\/uploads\/2023\/12\/programacion-02.jpg\" alt=\"\" class=\"wp-image-1279\" srcset=\"https:\/\/radio.fcejs.unsl.edu.ar\/wp-content\/uploads\/2023\/12\/programacion-02.jpg 300w, https:\/\/radio.fcejs.unsl.edu.ar\/wp-content\/uploads\/2023\/12\/programacion-02-150x150.jpg 150w\" sizes=\"(max-width: 300px) 100vw, 300px\" \/><\/figure>\n<\/section><section id=\"block-23\" class=\"widget widget_block widget_media_image\">\n<figure class=\"wp-block-image size-full\"><img loading=\"lazy\" decoding=\"async\" width=\"300\" height=\"300\" src=\"http:\/\/radio.fcejs.unsl.edu.ar\/wp-content\/uploads\/2023\/12\/podcats.jpg\" alt=\"\" class=\"wp-image-1278\" srcset=\"https:\/\/radio.fcejs.unsl.edu.ar\/wp-content\/uploads\/2023\/12\/podcats.jpg 300w, https:\/\/radio.fcejs.unsl.edu.ar\/wp-content\/uploads\/2023\/12\/podcats-150x150.jpg 150w\" sizes=\"(max-width: 300px) 100vw, 300px\" \/><\/figure>\n<\/section><section id=\"block-24\" class=\"widget widget_block widget_media_image\">\n<figure class=\"wp-block-image size-full\"><img loading=\"lazy\" decoding=\"async\" width=\"300\" height=\"354\" src=\"http:\/\/radio.fcejs.unsl.edu.ar\/wp-content\/uploads\/2023\/12\/entrevistas.jpg\" alt=\"\" class=\"wp-image-1277\" srcset=\"https:\/\/radio.fcejs.unsl.edu.ar\/wp-content\/uploads\/2023\/12\/entrevistas.jpg 300w, https:\/\/radio.fcejs.unsl.edu.ar\/wp-content\/uploads\/2023\/12\/entrevistas-254x300.jpg 254w\" sizes=\"(max-width: 300px) 100vw, 300px\" \/><\/figure>\n<\/section><section id=\"block-18\" class=\"widget widget_block widget_media_image\">\n<figure class=\"wp-block-image size-full\"><a href=\"https:\/\/radio.fcejs.unsl.edu.ar\/index.php\/podcasts\/\"><img loading=\"lazy\" decoding=\"async\" width=\"300\" height=\"300\" src=\"http:\/\/radio.fcejs.unsl.edu.ar\/wp-content\/uploads\/2023\/12\/podcats.jpg\" alt=\"\" class=\"wp-image-1278\" srcset=\"https:\/\/radio.fcejs.unsl.edu.ar\/wp-content\/uploads\/2023\/12\/podcats.jpg 300w, https:\/\/radio.fcejs.unsl.edu.ar\/wp-content\/uploads\/2023\/12\/podcats-150x150.jpg 150w\" sizes=\"(max-width: 300px) 100vw, 300px\" \/><\/a><\/figure>\n<\/section><section id=\"block-19\" class=\"widget widget_block widget_media_image\">\n<figure class=\"wp-block-image size-full\"><a href=\"https:\/\/radio.fcejs.unsl.edu.ar\/index.php\/entrevistas\/\"><img loading=\"lazy\" decoding=\"async\" width=\"300\" height=\"354\" src=\"http:\/\/radio.fcejs.unsl.edu.ar\/wp-content\/uploads\/2023\/12\/entrevistas.jpg\" alt=\"\" class=\"wp-image-1277\" srcset=\"https:\/\/radio.fcejs.unsl.edu.ar\/wp-content\/uploads\/2023\/12\/entrevistas.jpg 300w, https:\/\/radio.fcejs.unsl.edu.ar\/wp-content\/uploads\/2023\/12\/entrevistas-254x300.jpg 254w\" sizes=\"(max-width: 300px) 100vw, 300px\" \/><\/a><\/figure>\n<\/section><section id=\"block-20\" class=\"widget widget_block widget_media_image\">\n<figure class=\"wp-block-image size-full\"><a href=\"https:\/\/radio.fcejs.unsl.edu.ar\/index.php\/programacion-mio\/\"><img fetchpriority=\"high\" decoding=\"async\" fetchpriority=\"high\" width=\"300\" height=\"300\" src=\"http:\/\/radio.fcejs.unsl.edu.ar\/wp-content\/uploads\/2023\/12\/programacion-02.jpg\" alt=\"\" class=\"wp-image-1279\" srcset=\"https:\/\/radio.fcejs.unsl.edu.ar\/wp-content\/uploads\/2023\/12\/programacion-02.jpg 300w, https:\/\/radio.fcejs.unsl.edu.ar\/wp-content\/uploads\/2023\/12\/programacion-02-150x150.jpg 150w\" sizes=\"(max-width: 300px) 100vw, 300px\" \/><\/a><\/figure>\n<\/section>\t\t\t\t<\/div>\n\t\t\t\t<\/div>\n\t\t\t\t\t<\/div>\n\t\t<\/div>\n\t\t\t\t\t<\/div>\n\t\t<\/section>\n\t\t\t\t<\/div>\n\t\t","protected":false},"excerpt":{"rendered":"<p>Para los amantes de la m\u00fasica Disco, Funky, Pop Rock, Tecno, R&amp;b, Rock, Soul y la m\u00fasica de los a\u00f1os dorados, \u00e9ste programa es el lugar indicado para disfrutar de una selecci\u00f3n musical exclusiva y la amena compa\u00f1\u00eda de una voz que te contar\u00e1 historias de esas canciones, y de esos tiempos memorables. Producci\u00f3n y&#8230;<\/p>\n","protected":false},"author":3,"featured_media":3186,"comment_status":"closed","ping_status":"closed","sticky":false,"template":"elementor_header_footer","format":"standard","meta":{"_kad_post_transparent":"default","_kad_post_title":"default","_kad_post_layout":"default","_kad_post_sidebar_id":"","_kad_post_content_style":"default","_kad_post_vertical_padding":"default","_kad_post_feature":"","_kad_post_feature_position":"","_kad_post_header":false,"_kad_post_footer":false,"_kad_post_classname":"","footnotes":""},"categories":[21],"tags":[],"class_list":["post-1404","post","type-post","status-publish","format-standard","has-post-thumbnail","hentry","category-fin-de-semana"],"yoast_head":"<!-- This site is optimized with the Yoast SEO plugin v27.2 - https:\/\/yoast.com\/product\/yoast-seo-wordpress\/ -->\n<title>ESTILO DISCO | S\u00e1bados 22 h - Radio Universidad Villa Mercedes 97.5 | UNSL<\/title>\n<meta name=\"robots\" content=\"index, follow, max-snippet:-1, max-image-preview:large, max-video-preview:-1\" \/>\n<link rel=\"canonical\" href=\"https:\/\/radio.fcejs.unsl.edu.ar\/index.php\/sabados-22-h-estilo-disco\/\" \/>\n<meta property=\"og:locale\" content=\"es_ES\" \/>\n<meta property=\"og:type\" content=\"article\" \/>\n<meta property=\"og:title\" content=\"ESTILO DISCO | S\u00e1bados 22 h - Radio Universidad Villa Mercedes 97.5 | UNSL\" \/>\n<meta property=\"og:description\" content=\"Para los amantes de la m\u00fasica Disco, Funky, Pop Rock, Tecno, R&amp;b, Rock, Soul y la m\u00fasica de los a\u00f1os dorados, \u00e9ste programa es el lugar indicado para disfrutar de una selecci\u00f3n musical exclusiva y la amena compa\u00f1\u00eda de una voz que te contar\u00e1 historias de esas canciones, y de esos tiempos memorables. Producci\u00f3n y...\" \/>\n<meta property=\"og:url\" content=\"https:\/\/radio.fcejs.unsl.edu.ar\/index.php\/sabados-22-h-estilo-disco\/\" \/>\n<meta property=\"og:site_name\" content=\"Radio Universidad Villa Mercedes 97.5 | UNSL\" \/>\n<meta property=\"article:published_time\" content=\"2024-02-20T14:27:37+00:00\" \/>\n<meta property=\"article:modified_time\" content=\"2025-08-14T14:34:40+00:00\" \/>\n<meta property=\"og:image\" content=\"http:\/\/radio.fcejs.unsl.edu.ar\/wp-content\/uploads\/2025\/08\/estilos-discto.jpg\" \/>\n\t<meta property=\"og:image:width\" content=\"638\" \/>\n\t<meta property=\"og:image:height\" content=\"1280\" \/>\n\t<meta property=\"og:image:type\" content=\"image\/jpeg\" \/>\n<meta name=\"author\" content=\"Anibal Claveles\" \/>\n<meta name=\"twitter:card\" content=\"summary_large_image\" \/>\n<meta name=\"twitter:label1\" content=\"Escrito por\" \/>\n\t<meta name=\"twitter:data1\" content=\"Anibal Claveles\" \/>\n\t<meta name=\"twitter:label2\" content=\"Tiempo de lectura\" \/>\n\t<meta name=\"twitter:data2\" content=\"1 minuto\" \/>\n<script type=\"application\/ld+json\" class=\"yoast-schema-graph\">{\"@context\":\"https:\/\/schema.org\",\"@graph\":[{\"@type\":\"Article\",\"@id\":\"https:\/\/radio.fcejs.unsl.edu.ar\/index.php\/sabados-22-h-estilo-disco\/#article\",\"isPartOf\":{\"@id\":\"https:\/\/radio.fcejs.unsl.edu.ar\/index.php\/sabados-22-h-estilo-disco\/\"},\"author\":{\"name\":\"Anibal Claveles\",\"@id\":\"https:\/\/radio.fcejs.unsl.edu.ar\/#\/schema\/person\/112347a957e59cad859b59d7df7175f6\"},\"headline\":\"ESTILO DISCO | S\u00e1bados 22 h\",\"datePublished\":\"2024-02-20T14:27:37+00:00\",\"dateModified\":\"2025-08-14T14:34:40+00:00\",\"mainEntityOfPage\":{\"@id\":\"https:\/\/radio.fcejs.unsl.edu.ar\/index.php\/sabados-22-h-estilo-disco\/\"},\"wordCount\":86,\"publisher\":{\"@id\":\"https:\/\/radio.fcejs.unsl.edu.ar\/#organization\"},\"image\":{\"@id\":\"https:\/\/radio.fcejs.unsl.edu.ar\/index.php\/sabados-22-h-estilo-disco\/#primaryimage\"},\"thumbnailUrl\":\"https:\/\/radio.fcejs.unsl.edu.ar\/wp-content\/uploads\/2025\/08\/estilos-discto.jpg\",\"articleSection\":[\"Fin de Semana\"],\"inLanguage\":\"es-AR\"},{\"@type\":\"WebPage\",\"@id\":\"https:\/\/radio.fcejs.unsl.edu.ar\/index.php\/sabados-22-h-estilo-disco\/\",\"url\":\"https:\/\/radio.fcejs.unsl.edu.ar\/index.php\/sabados-22-h-estilo-disco\/\",\"name\":\"ESTILO DISCO | S\u00e1bados 22 h - Radio Universidad Villa Mercedes 97.5 | UNSL\",\"isPartOf\":{\"@id\":\"https:\/\/radio.fcejs.unsl.edu.ar\/#website\"},\"primaryImageOfPage\":{\"@id\":\"https:\/\/radio.fcejs.unsl.edu.ar\/index.php\/sabados-22-h-estilo-disco\/#primaryimage\"},\"image\":{\"@id\":\"https:\/\/radio.fcejs.unsl.edu.ar\/index.php\/sabados-22-h-estilo-disco\/#primaryimage\"},\"thumbnailUrl\":\"https:\/\/radio.fcejs.unsl.edu.ar\/wp-content\/uploads\/2025\/08\/estilos-discto.jpg\",\"datePublished\":\"2024-02-20T14:27:37+00:00\",\"dateModified\":\"2025-08-14T14:34:40+00:00\",\"breadcrumb\":{\"@id\":\"https:\/\/radio.fcejs.unsl.edu.ar\/index.php\/sabados-22-h-estilo-disco\/#breadcrumb\"},\"inLanguage\":\"es-AR\",\"potentialAction\":[{\"@type\":\"ReadAction\",\"target\":[\"https:\/\/radio.fcejs.unsl.edu.ar\/index.php\/sabados-22-h-estilo-disco\/\"]}]},{\"@type\":\"ImageObject\",\"inLanguage\":\"es-AR\",\"@id\":\"https:\/\/radio.fcejs.unsl.edu.ar\/index.php\/sabados-22-h-estilo-disco\/#primaryimage\",\"url\":\"https:\/\/radio.fcejs.unsl.edu.ar\/wp-content\/uploads\/2025\/08\/estilos-discto.jpg\",\"contentUrl\":\"https:\/\/radio.fcejs.unsl.edu.ar\/wp-content\/uploads\/2025\/08\/estilos-discto.jpg\",\"width\":638,\"height\":1280},{\"@type\":\"BreadcrumbList\",\"@id\":\"https:\/\/radio.fcejs.unsl.edu.ar\/index.php\/sabados-22-h-estilo-disco\/#breadcrumb\",\"itemListElement\":[{\"@type\":\"ListItem\",\"position\":1,\"name\":\"Inicio\",\"item\":\"https:\/\/radio.fcejs.unsl.edu.ar\/\"},{\"@type\":\"ListItem\",\"position\":2,\"name\":\"ESTILO DISCO | S\u00e1bados 22 h\"}]},{\"@type\":\"WebSite\",\"@id\":\"https:\/\/radio.fcejs.unsl.edu.ar\/#website\",\"url\":\"https:\/\/radio.fcejs.unsl.edu.ar\/\",\"name\":\"Radio Universidad Villa Mercedes 97.5 | UNSL\",\"description\":\"UNSL\",\"publisher\":{\"@id\":\"https:\/\/radio.fcejs.unsl.edu.ar\/#organization\"},\"potentialAction\":[{\"@type\":\"SearchAction\",\"target\":{\"@type\":\"EntryPoint\",\"urlTemplate\":\"https:\/\/radio.fcejs.unsl.edu.ar\/?s={search_term_string}\"},\"query-input\":{\"@type\":\"PropertyValueSpecification\",\"valueRequired\":true,\"valueName\":\"search_term_string\"}}],\"inLanguage\":\"es-AR\"},{\"@type\":\"Organization\",\"@id\":\"https:\/\/radio.fcejs.unsl.edu.ar\/#organization\",\"name\":\"Radio Universidad Villa Mercedes 97.5 | UNSL\",\"url\":\"https:\/\/radio.fcejs.unsl.edu.ar\/\",\"logo\":{\"@type\":\"ImageObject\",\"inLanguage\":\"es-AR\",\"@id\":\"https:\/\/radio.fcejs.unsl.edu.ar\/#\/schema\/logo\/image\/\",\"url\":\"https:\/\/radio.fcejs.unsl.edu.ar\/wp-content\/uploads\/2023\/12\/cropped-radio-villa-mercedes-97-5.png\",\"contentUrl\":\"https:\/\/radio.fcejs.unsl.edu.ar\/wp-content\/uploads\/2023\/12\/cropped-radio-villa-mercedes-97-5.png\",\"width\":908,\"height\":289,\"caption\":\"Radio Universidad Villa Mercedes 97.5 | UNSL\"},\"image\":{\"@id\":\"https:\/\/radio.fcejs.unsl.edu.ar\/#\/schema\/logo\/image\/\"}},{\"@type\":\"Person\",\"@id\":\"https:\/\/radio.fcejs.unsl.edu.ar\/#\/schema\/person\/112347a957e59cad859b59d7df7175f6\",\"name\":\"Anibal Claveles\",\"url\":\"https:\/\/radio.fcejs.unsl.edu.ar\/index.php\/author\/radio_edicion_fcejs\/\"}]}<\/script>\n<!-- \/ Yoast SEO plugin. -->","yoast_head_json":{"title":"ESTILO DISCO | S\u00e1bados 22 h - Radio Universidad Villa Mercedes 97.5 | UNSL","robots":{"index":"index","follow":"follow","max-snippet":"max-snippet:-1","max-image-preview":"max-image-preview:large","max-video-preview":"max-video-preview:-1"},"canonical":"https:\/\/radio.fcejs.unsl.edu.ar\/index.php\/sabados-22-h-estilo-disco\/","og_locale":"es_ES","og_type":"article","og_title":"ESTILO DISCO | S\u00e1bados 22 h - Radio Universidad Villa Mercedes 97.5 | UNSL","og_description":"Para los amantes de la m\u00fasica Disco, Funky, Pop Rock, Tecno, R&amp;b, Rock, Soul y la m\u00fasica de los a\u00f1os dorados, \u00e9ste programa es el lugar indicado para disfrutar de una selecci\u00f3n musical exclusiva y la amena compa\u00f1\u00eda de una voz que te contar\u00e1 historias de esas canciones, y de esos tiempos memorables. Producci\u00f3n y...","og_url":"https:\/\/radio.fcejs.unsl.edu.ar\/index.php\/sabados-22-h-estilo-disco\/","og_site_name":"Radio Universidad Villa Mercedes 97.5 | UNSL","article_published_time":"2024-02-20T14:27:37+00:00","article_modified_time":"2025-08-14T14:34:40+00:00","og_image":[{"width":638,"height":1280,"url":"http:\/\/radio.fcejs.unsl.edu.ar\/wp-content\/uploads\/2025\/08\/estilos-discto.jpg","type":"image\/jpeg"}],"author":"Anibal Claveles","twitter_card":"summary_large_image","twitter_misc":{"Escrito por":"Anibal Claveles","Tiempo de lectura":"1 minuto"},"schema":{"@context":"https:\/\/schema.org","@graph":[{"@type":"Article","@id":"https:\/\/radio.fcejs.unsl.edu.ar\/index.php\/sabados-22-h-estilo-disco\/#article","isPartOf":{"@id":"https:\/\/radio.fcejs.unsl.edu.ar\/index.php\/sabados-22-h-estilo-disco\/"},"author":{"name":"Anibal Claveles","@id":"https:\/\/radio.fcejs.unsl.edu.ar\/#\/schema\/person\/112347a957e59cad859b59d7df7175f6"},"headline":"ESTILO DISCO | S\u00e1bados 22 h","datePublished":"2024-02-20T14:27:37+00:00","dateModified":"2025-08-14T14:34:40+00:00","mainEntityOfPage":{"@id":"https:\/\/radio.fcejs.unsl.edu.ar\/index.php\/sabados-22-h-estilo-disco\/"},"wordCount":86,"publisher":{"@id":"https:\/\/radio.fcejs.unsl.edu.ar\/#organization"},"image":{"@id":"https:\/\/radio.fcejs.unsl.edu.ar\/index.php\/sabados-22-h-estilo-disco\/#primaryimage"},"thumbnailUrl":"https:\/\/radio.fcejs.unsl.edu.ar\/wp-content\/uploads\/2025\/08\/estilos-discto.jpg","articleSection":["Fin de Semana"],"inLanguage":"es-AR"},{"@type":"WebPage","@id":"https:\/\/radio.fcejs.unsl.edu.ar\/index.php\/sabados-22-h-estilo-disco\/","url":"https:\/\/radio.fcejs.unsl.edu.ar\/index.php\/sabados-22-h-estilo-disco\/","name":"ESTILO DISCO | S\u00e1bados 22 h - Radio Universidad Villa Mercedes 97.5 | UNSL","isPartOf":{"@id":"https:\/\/radio.fcejs.unsl.edu.ar\/#website"},"primaryImageOfPage":{"@id":"https:\/\/radio.fcejs.unsl.edu.ar\/index.php\/sabados-22-h-estilo-disco\/#primaryimage"},"image":{"@id":"https:\/\/radio.fcejs.unsl.edu.ar\/index.php\/sabados-22-h-estilo-disco\/#primaryimage"},"thumbnailUrl":"https:\/\/radio.fcejs.unsl.edu.ar\/wp-content\/uploads\/2025\/08\/estilos-discto.jpg","datePublished":"2024-02-20T14:27:37+00:00","dateModified":"2025-08-14T14:34:40+00:00","breadcrumb":{"@id":"https:\/\/radio.fcejs.unsl.edu.ar\/index.php\/sabados-22-h-estilo-disco\/#breadcrumb"},"inLanguage":"es-AR","potentialAction":[{"@type":"ReadAction","target":["https:\/\/radio.fcejs.unsl.edu.ar\/index.php\/sabados-22-h-estilo-disco\/"]}]},{"@type":"ImageObject","inLanguage":"es-AR","@id":"https:\/\/radio.fcejs.unsl.edu.ar\/index.php\/sabados-22-h-estilo-disco\/#primaryimage","url":"https:\/\/radio.fcejs.unsl.edu.ar\/wp-content\/uploads\/2025\/08\/estilos-discto.jpg","contentUrl":"https:\/\/radio.fcejs.unsl.edu.ar\/wp-content\/uploads\/2025\/08\/estilos-discto.jpg","width":638,"height":1280},{"@type":"BreadcrumbList","@id":"https:\/\/radio.fcejs.unsl.edu.ar\/index.php\/sabados-22-h-estilo-disco\/#breadcrumb","itemListElement":[{"@type":"ListItem","position":1,"name":"Inicio","item":"https:\/\/radio.fcejs.unsl.edu.ar\/"},{"@type":"ListItem","position":2,"name":"ESTILO DISCO | S\u00e1bados 22 h"}]},{"@type":"WebSite","@id":"https:\/\/radio.fcejs.unsl.edu.ar\/#website","url":"https:\/\/radio.fcejs.unsl.edu.ar\/","name":"Radio Universidad Villa Mercedes 97.5 | UNSL","description":"UNSL","publisher":{"@id":"https:\/\/radio.fcejs.unsl.edu.ar\/#organization"},"potentialAction":[{"@type":"SearchAction","target":{"@type":"EntryPoint","urlTemplate":"https:\/\/radio.fcejs.unsl.edu.ar\/?s={search_term_string}"},"query-input":{"@type":"PropertyValueSpecification","valueRequired":true,"valueName":"search_term_string"}}],"inLanguage":"es-AR"},{"@type":"Organization","@id":"https:\/\/radio.fcejs.unsl.edu.ar\/#organization","name":"Radio Universidad Villa Mercedes 97.5 | UNSL","url":"https:\/\/radio.fcejs.unsl.edu.ar\/","logo":{"@type":"ImageObject","inLanguage":"es-AR","@id":"https:\/\/radio.fcejs.unsl.edu.ar\/#\/schema\/logo\/image\/","url":"https:\/\/radio.fcejs.unsl.edu.ar\/wp-content\/uploads\/2023\/12\/cropped-radio-villa-mercedes-97-5.png","contentUrl":"https:\/\/radio.fcejs.unsl.edu.ar\/wp-content\/uploads\/2023\/12\/cropped-radio-villa-mercedes-97-5.png","width":908,"height":289,"caption":"Radio Universidad Villa Mercedes 97.5 | UNSL"},"image":{"@id":"https:\/\/radio.fcejs.unsl.edu.ar\/#\/schema\/logo\/image\/"}},{"@type":"Person","@id":"https:\/\/radio.fcejs.unsl.edu.ar\/#\/schema\/person\/112347a957e59cad859b59d7df7175f6","name":"Anibal Claveles","url":"https:\/\/radio.fcejs.unsl.edu.ar\/index.php\/author\/radio_edicion_fcejs\/"}]}},"_links":{"self":[{"href":"https:\/\/radio.fcejs.unsl.edu.ar\/index.php\/wp-json\/wp\/v2\/posts\/1404","targetHints":{"allow":["GET"]}}],"collection":[{"href":"https:\/\/radio.fcejs.unsl.edu.ar\/index.php\/wp-json\/wp\/v2\/posts"}],"about":[{"href":"https:\/\/radio.fcejs.unsl.edu.ar\/index.php\/wp-json\/wp\/v2\/types\/post"}],"author":[{"embeddable":true,"href":"https:\/\/radio.fcejs.unsl.edu.ar\/index.php\/wp-json\/wp\/v2\/users\/3"}],"replies":[{"embeddable":true,"href":"https:\/\/radio.fcejs.unsl.edu.ar\/index.php\/wp-json\/wp\/v2\/comments?post=1404"}],"version-history":[{"count":12,"href":"https:\/\/radio.fcejs.unsl.edu.ar\/index.php\/wp-json\/wp\/v2\/posts\/1404\/revisions"}],"predecessor-version":[{"id":3234,"href":"https:\/\/radio.fcejs.unsl.edu.ar\/index.php\/wp-json\/wp\/v2\/posts\/1404\/revisions\/3234"}],"wp:featuredmedia":[{"embeddable":true,"href":"https:\/\/radio.fcejs.unsl.edu.ar\/index.php\/wp-json\/wp\/v2\/media\/3186"}],"wp:attachment":[{"href":"https:\/\/radio.fcejs.unsl.edu.ar\/index.php\/wp-json\/wp\/v2\/media?parent=1404"}],"wp:term":[{"taxonomy":"category","embeddable":true,"href":"https:\/\/radio.fcejs.unsl.edu.ar\/index.php\/wp-json\/wp\/v2\/categories?post=1404"},{"taxonomy":"post_tag","embeddable":true,"href":"https:\/\/radio.fcejs.unsl.edu.ar\/index.php\/wp-json\/wp\/v2\/tags?post=1404"}],"curies":[{"name":"wp","href":"https:\/\/api.w.org\/{rel}","templated":true}]}}